{"id":4416,"date":"2020-06-24T17:28:23","date_gmt":"2020-06-24T17:28:23","guid":{"rendered":"https:\/\/www.affinite.fr\/index.php\/2020\/06\/24\/google-prend-de-nouvelles-mesures-pour-mieux-proteger-vos-donnees-personnelles\/"},"modified":"2020-06-24T17:28:23","modified_gmt":"2020-06-24T17:28:23","slug":"google-prend-de-nouvelles-mesures-pour-mieux-proteger-vos-donnees-personnelles","status":"publish","type":"post","link":"http:\/\/www.affinite.fr\/index.php\/2020\/06\/24\/google-prend-de-nouvelles-mesures-pour-mieux-proteger-vos-donnees-personnelles\/","title":{"rendered":"Google prend de nouvelles mesures pour mieux prot\u00e9ger vos donn\u00e9es personnelles"},"content":{"rendered":"<p> [ad_1]<br \/>\n<\/p>\n<div itemprop=\"articleBody\">\n<p>Google a d\u00e9cid\u00e9 de renforcer sa politique de protection des donn\u00e9es personnelles par une s\u00e9rie de nouveaux param\u00e9trages et fonctionnalit\u00e9s. Depuis un an, les utilisateurs peuvent d\u00e9j\u00e0 activer l\u2019effacement automatique des donn\u00e9es li\u00e9es \u00e0 l\u2019usage du web et des applications, \u00e0 la localisation et \u00e0 YouTube. Ils peuvent alors choisir entre un d\u00e9lai de r\u00e9tention de 3 ou 18\u00a0mois. D\u00e9sormais, l\u2019effacement automatique au-del\u00e0 de 18\u00a0mois devient la r\u00e8gle et sera activ\u00e9 par d\u00e9faut pour tous les nouveaux comptes cr\u00e9\u00e9s.<\/p>\n<p>Pour les comptes existants, en revanche, rien ne change. Selon l\u2019\u00e9diteur, il serait d\u00e9licat de modifier les param\u00e9trages de fa\u00e7on unilat\u00e9rale. En revanche, il multipliera les alertes et les notes d\u2019information pour que ces utilisateurs aient davantage conscience de ces options. Par exemple en affichant un message en dessous de la barre de recherche.<\/p>\n<figure class=\"figure text-center\"><img decoding=\"async\" class=\"article-img img-responsive-l\" src=\"https:\/\/img.bfmtv.com\/c\/0\/708\/230266\/20bf870859c693b684410de10f.jpg\" alt=\"\"\/><figcaption class=\"figure-caption figcaption color-txt-0 title-xs hidden-xs\">\n                                    Google<br \/>\n                                                    &#8211; L&rsquo;effacement automatique est activ\u00e9 par d\u00e9faut<br \/>\n                            <\/figcaption><\/figure>\n<p>Dans la foul\u00e9e, Google a \u00e9galement remani\u00e9 le \u00ab\u00a0Check-up Confidentialit\u00e9\u00a0\u00bb, un outil qui permet justement de r\u00e9aliser ce type de param\u00e9trage et qui est accessible depuis la rubrique \u00ab\u00a0Donn\u00e9es et personnalisation\u00a0\u00bb de la gestion de compte. D\u00e9sormais, les utilisateurs verront appara\u00eetre des recommandations proactives et taill\u00e9es sur mesure, en fonction de leur situation. Si l\u2019enregistrement des donn\u00e9es de localisation est par exemple activ\u00e9, on sera incit\u00e9 \u00e0 confirmer ou infirmer ce choix.<\/p>\n<aside class=\"bg-color-0 padding-inside-all-s bloc border-s\">\n<h4 class=\"box-txt-normal\">\n<p><b>A d\u00e9couvrir aussi en vid\u00e9o<\/b><\/p>\n<\/h4>\n<\/aside>\n<p>C\u00f4t\u00e9 s\u00e9curit\u00e9, Google suit le mouvement vers un renforcement des mots de passe en ajoutant un \u00ab\u00a0Check-up Mot de passe\u00a0\u00bb \u00e0 son \u00ab\u00a0Check-up S\u00e9curit\u00e9\u00a0\u00bb. Accessible depuis la rubrique \u00ab\u00a0S\u00e9curit\u00e9\u00a0\u00bb, celui-ci indiquera d\u00e9sormais si des identifiants sauvegard\u00e9s dans le gestionnaire de mots de passe de Google ont \u00e9t\u00e9 compromis en raison d\u2019une fuite de donn\u00e9es, s\u2019ils sont de mauvaise qualit\u00e9 ou s\u2019ils sont utilis\u00e9s sur plusieurs services \u00e0 la fois. Le cas \u00e9ch\u00e9ant, l\u2019\u00e9diteur incitera \u00e0 les changer.<\/p>\n<p>Cette fonctionnalit\u00e9 existe d\u00e9j\u00e0 <a href=\"https:\/\/www.01net.com\/actualites\/chrome-79-est-disponible-et-vous-alerte-lorsque-vos-mots-de-passe-ont-ete-voles-1822166.html\" target=\"_blank\" rel=\"noopener noreferrer\">dans Chrome depuis fin\u00a02019<\/a>, avec l\u2019arriv\u00e9e de la version\u00a079. Elle est maintenant \u00e9largie aux d\u00e9tenteurs d\u2019un compte Google. Ce service est \u00e9galement propos\u00e9 dans le cadre d\u2019une extension Chrome \u00e9ponyme qui, du coup, n\u2019a plus lieu d\u2019\u00eatre et dispara\u00eetra bient\u00f4t.<\/p>\n<figure class=\"figure text-center\"><img decoding=\"async\" class=\"article-img img-responsive-l\" src=\"https:\/\/img.bfmtv.com\/c\/0\/708\/77b\/f6b903c81695a09c7a2f44ee95a99.jpg\" alt=\"\"\/><figcaption class=\"figure-caption figcaption color-txt-0 title-xs hidden-xs\">\n                                    Google<br \/>\n                                                    &#8211; Le Check-up Mot de passe ausculte vos codes secrets<br \/>\n                            <\/figcaption><\/figure>\n<p>Soulignons qu\u2019il est d\u00e9sormais plus facile de d\u00e9clencher le mode de navigation priv\u00e9e. Il suffit de cliquer longtemps sur la photo de profile, en haut \u00e0 droite. Pour rappel, ce mode stoppe toute collecte de donn\u00e9es par Google et peut \u00eatre activ\u00e9 sur Search, Maps et YouTube. Et enfin, une derni\u00e8re astuce\u00a0: l\u2019acc\u00e8s aux param\u00e9trages de confidentialit\u00e9 et de s\u00e9curit\u00e9 peut d\u00e9sormais se faire depuis la recherche, \u00e0 condition d\u2019\u00eatre connect\u00e9. Une question telle que \u00ab\u00a0Mon compte est-il s\u00e9curis\u00e9\u00a0?\u00a0\u00bb affichera d\u2019embl\u00e9e un encart avec un lien vers la rubrique \u00ab\u00a0S\u00e9curit\u00e9\u00a0\u00bb. Pratique.<\/p>\n<\/p><\/div>\n<p><script>\n         !function(f,b,e,v,n,t,s){if(f.fbq)return;n=f.fbq=function()\n         {n.callMethod? n.callMethod.apply(n,arguments):n.queue.push(arguments)}\n         ;if(!f._fbq)f._fbq=n;\n             n.push=n;n.loaded=!0;n.version='2.0';n.queue=[];t=b.createElement(e);t.async=!0;\n             t.src=v;s=b.getElementsByTagName(e)[0];s.parentNode.insertBefore(t,s)}(window,\n                 document,'script','https:\/\/connect.facebook.net\/en_US\/fbevents.js');\n         fbq('init', '1065890633454496');\n         fbq('track', 'PageView');\n     <\/script><br \/>\n<br \/>[ad_2]<br \/>\n<br \/><a href=\"https:\/\/www.01net.com\/actualites\/google-prend-de-nouvelles-mesures-pour-mieux-proteger-vos-donnees-personnelles-1938019.html\">Source link <\/a><\/p>\n","protected":false},"excerpt":{"rendered":"<p>[ad_1] Google a d\u00e9cid\u00e9 de renforcer sa politique de protection des donn\u00e9es personnelles par une s\u00e9rie de nouveaux param\u00e9trages et &hellip; <a href=\"http:\/\/www.affinite.fr\/index.php\/2020\/06\/24\/google-prend-de-nouvelles-mesures-pour-mieux-proteger-vos-donnees-personnelles\/\" class=\"more-link\">Plus <span class=\"screen-reader-text\">Google prend de nouvelles mesures pour mieux prot\u00e9ger vos donn\u00e9es personnelles<\/span> <span class=\"meta-nav\">&rarr;<\/span><\/a><\/p>\n","protected":false},"author":1,"featured_media":4417,"comment_status":"open","ping_status":"open","sticky":false,"template":"","format":"standard","meta":{"_sitemap_exclude":false,"_sitemap_priority":"","_sitemap_frequency":"","footnotes":""},"categories":[1],"tags":[],"class_list":["post-4416","post","type-post","status-publish","format-standard","has-post-thumbnail","hentry","category-tous"],"_links":{"self":[{"href":"http:\/\/www.affinite.fr\/index.php\/wp-json\/wp\/v2\/posts\/4416"}],"collection":[{"href":"http:\/\/www.affinite.fr\/index.php\/wp-json\/wp\/v2\/posts"}],"about":[{"href":"http:\/\/www.affinite.fr\/index.php\/wp-json\/wp\/v2\/types\/post"}],"author":[{"embeddable":true,"href":"http:\/\/www.affinite.fr\/index.php\/wp-json\/wp\/v2\/users\/1"}],"replies":[{"embeddable":true,"href":"http:\/\/www.affinite.fr\/index.php\/wp-json\/wp\/v2\/comments?post=4416"}],"version-history":[{"count":0,"href":"http:\/\/www.affinite.fr\/index.php\/wp-json\/wp\/v2\/posts\/4416\/revisions"}],"wp:featuredmedia":[{"embeddable":true,"href":"http:\/\/www.affinite.fr\/index.php\/wp-json\/wp\/v2\/media\/4417"}],"wp:attachment":[{"href":"http:\/\/www.affinite.fr\/index.php\/wp-json\/wp\/v2\/media?parent=4416"}],"wp:term":[{"taxonomy":"category","embeddable":true,"href":"http:\/\/www.affinite.fr\/index.php\/wp-json\/wp\/v2\/categories?post=4416"},{"taxonomy":"post_tag","embeddable":true,"href":"http:\/\/www.affinite.fr\/index.php\/wp-json\/wp\/v2\/tags?post=4416"}],"curies":[{"name":"wp","href":"https:\/\/api.w.org\/{rel}","templated":true}]}}