{"id":4412,"date":"2020-06-24T15:25:39","date_gmt":"2020-06-24T15:25:39","guid":{"rendered":"https:\/\/www.affinite.fr\/index.php\/2020\/06\/24\/netflix-fait-fuiter-des-infos-sur-la-prochaine-freebox-pop\/"},"modified":"2020-06-24T15:25:39","modified_gmt":"2020-06-24T15:25:39","slug":"netflix-fait-fuiter-des-infos-sur-la-prochaine-freebox-pop","status":"publish","type":"post","link":"http:\/\/www.affinite.fr\/index.php\/2020\/06\/24\/netflix-fait-fuiter-des-infos-sur-la-prochaine-freebox-pop\/","title":{"rendered":"Netflix fait fuiter des infos sur la prochaine Freebox \u00ab Pop \u00bb"},"content":{"rendered":"<p> [ad_1]<br \/>\n<br \/><img decoding=\"async\" src=\"https:\/\/img.bfmtv.com\/i\/0\/0\/435\/ed3a4b26973f494b0753618848212.jpeg\" \/><\/p>\n<div itemprop=\"articleBody\">\n<p class=\"MsoNormal\">La Freebox V8 s\u2019appellerait donc Freebox Pop. On savait d\u00e9j\u00e0, depuis f\u00e9vrier, qu\u2019<a href=\"https:\/\/www.01net.com\/actualites\/la-freebox-v8-sera-lancee-dans-les-semaines-qui-viennent-1855404.html\" target=\"_blank\" rel=\"noopener noreferrer\">une nouvelle Freebox \u00e9tait en pr\u00e9paration<\/a> pour un lancement courant 2020, sans toutefois avoir plus de d\u00e9tails de la part d\u2019Iliad, maison m\u00e8re de Free.<\/p>\n<p class=\"MsoNormal\">Et comme souvent, ce n\u2019est pas \u00e0 la source qu\u2019il faut aller \u00e0 la p\u00eache aux infos. Plusieurs d\u00e9tails sur la Freebox V8 ont \u00e9t\u00e9 d\u00e9voil\u00e9s, par m\u00e9garde, sur une page du support de Netflix qui ont depuis \u00e9t\u00e9 supprim\u00e9s.<\/p>\n<p class=\"MsoNormal\">En plus de d\u00e9voiler son nom, la plate-forme de SVOD a fait fuiter plusieurs d\u00e9tails int\u00e9ressants quant \u00e0 la configuration de la bo\u00eete.<\/p>\n<p class=\"MsoNormal\">La Freebox Pop, qui se situerait sur une offre milieu de gamme, prendrait ainsi en charge la 4K UHD, restituerait un son Surround 5.1 et serait compatible Dolby Atmos.<\/p>\n<p class=\"MsoNormal\">Source\u00a0: <a href=\"https:\/\/blog.ariase.com\/box\/actualite\/freebox-v8-fuites-netflix\" target=\"_blank\" rel=\"noopener noreferrer\">Ariase <\/a><\/p>\n<\/p><\/div>\n<p><script>\n         !function(f,b,e,v,n,t,s){if(f.fbq)return;n=f.fbq=function()\n         {n.callMethod? n.callMethod.apply(n,arguments):n.queue.push(arguments)}\n         ;if(!f._fbq)f._fbq=n;\n             n.push=n;n.loaded=!0;n.version='2.0';n.queue=[];t=b.createElement(e);t.async=!0;\n             t.src=v;s=b.getElementsByTagName(e)[0];s.parentNode.insertBefore(t,s)}(window,\n                 document,'script','https:\/\/connect.facebook.net\/en_US\/fbevents.js');\n         fbq('init', '1065890633454496');\n         fbq('track', 'PageView');\n     <\/script><br \/>\n<br \/>[ad_2]<br \/>\n<br \/><a href=\"https:\/\/www.01net.com\/actualites\/free-netflix-fait-fuiter-des-infos-sur-la-prochaine-freebox-pop-1938562.html\">Source link <\/a><\/p>\n","protected":false},"excerpt":{"rendered":"<p>[ad_1] La Freebox V8 s\u2019appellerait donc Freebox Pop. On savait d\u00e9j\u00e0, depuis f\u00e9vrier, qu\u2019une nouvelle Freebox \u00e9tait en pr\u00e9paration pour &hellip; <a href=\"http:\/\/www.affinite.fr\/index.php\/2020\/06\/24\/netflix-fait-fuiter-des-infos-sur-la-prochaine-freebox-pop\/\" class=\"more-link\">Plus <span class=\"screen-reader-text\">Netflix fait fuiter des infos sur la prochaine Freebox \u00ab Pop \u00bb<\/span> <span class=\"meta-nav\">&rarr;<\/span><\/a><\/p>\n","protected":false},"author":1,"featured_media":4413,"comment_status":"open","ping_status":"open","sticky":false,"template":"","format":"standard","meta":{"_sitemap_exclude":false,"_sitemap_priority":"","_sitemap_frequency":"","footnotes":""},"categories":[1],"tags":[],"class_list":["post-4412","post","type-post","status-publish","format-standard","has-post-thumbnail","hentry","category-tous"],"_links":{"self":[{"href":"http:\/\/www.affinite.fr\/index.php\/wp-json\/wp\/v2\/posts\/4412"}],"collection":[{"href":"http:\/\/www.affinite.fr\/index.php\/wp-json\/wp\/v2\/posts"}],"about":[{"href":"http:\/\/www.affinite.fr\/index.php\/wp-json\/wp\/v2\/types\/post"}],"author":[{"embeddable":true,"href":"http:\/\/www.affinite.fr\/index.php\/wp-json\/wp\/v2\/users\/1"}],"replies":[{"embeddable":true,"href":"http:\/\/www.affinite.fr\/index.php\/wp-json\/wp\/v2\/comments?post=4412"}],"version-history":[{"count":0,"href":"http:\/\/www.affinite.fr\/index.php\/wp-json\/wp\/v2\/posts\/4412\/revisions"}],"wp:featuredmedia":[{"embeddable":true,"href":"http:\/\/www.affinite.fr\/index.php\/wp-json\/wp\/v2\/media\/4413"}],"wp:attachment":[{"href":"http:\/\/www.affinite.fr\/index.php\/wp-json\/wp\/v2\/media?parent=4412"}],"wp:term":[{"taxonomy":"category","embeddable":true,"href":"http:\/\/www.affinite.fr\/index.php\/wp-json\/wp\/v2\/categories?post=4412"},{"taxonomy":"post_tag","embeddable":true,"href":"http:\/\/www.affinite.fr\/index.php\/wp-json\/wp\/v2\/tags?post=4412"}],"curies":[{"name":"wp","href":"https:\/\/api.w.org\/{rel}","templated":true}]}}