{"id":4408,"date":"2020-06-24T14:24:45","date_gmt":"2020-06-24T14:24:45","guid":{"rendered":"https:\/\/www.affinite.fr\/index.php\/2020\/06\/24\/microsoft-lance-la-version-grand-public-de-teams\/"},"modified":"2020-06-24T14:24:45","modified_gmt":"2020-06-24T14:24:45","slug":"microsoft-lance-la-version-grand-public-de-teams","status":"publish","type":"post","link":"http:\/\/www.affinite.fr\/index.php\/2020\/06\/24\/microsoft-lance-la-version-grand-public-de-teams\/","title":{"rendered":"Microsoft lance la version grand public de Teams"},"content":{"rendered":"<p> [ad_1]<br \/>\n<\/p>\n<div itemprop=\"articleBody\">\n<p class=\"MsoNormal\">Microsoft Teams ne sera bient\u00f4t plus seulement r\u00e9serv\u00e9 aux professionnels. L\u2019application collaborative, dont l\u2019utilisation a explos\u00e9 ces derniers mois avec le confinement et la pratique soudaine du t\u00e9l\u00e9travail, d\u00e9barque dans une version \u00e0 destination du grand public.<\/p>\n<p class=\"MsoNormal\">Propos\u00e9e pour l\u2019heure en preview, la nouvelle mouture de Teams, version grand public, n\u2019est disponible que sur les mobiles et arrivera un peu plus tard dans l\u2019ann\u00e9e sur desktop et sur le web.<br \/>\u00a0<\/p>\n<p class=\"MsoNormal\" style=\"text-align: center;\"><a href=\"https:\/\/www.01net.com\/telecharger\/linux\/Internet\/fiches\/147989.html\" target=\"_blank\" rel=\"noopener noreferrer\"><strong>T\u00e9l\u00e9charger Microsoft Teams pour Android<\/strong><\/a> <em>(Gratuit)<\/em><br \/><a href=\"https:\/\/www.01net.com\/telecharger\/mac\/Internet\/fiches\/147990.html\" target=\"_blank\" rel=\"noopener noreferrer\"><strong>T\u00e9l\u00e9charger Microsoft Teams pour iPhone<\/strong><\/a><strong> <\/strong><em>(Gratuit)<\/em><br \/>\u00a0<\/p>\n<h3 class=\"MsoNormal\" style=\"color:#333; font-family:arial,helvetica,sans-serif; font-size:23px; font-weight:700\"><strong>Un mini r\u00e9seau social priv\u00e9 entre proches<\/strong><\/h3>\n<p class=\"MsoNormal\">Discuter, passer des appels audio et vid\u00e9o ou encore \u00e9changer des fichiers et des documents \u00e9tait jusqu\u2019\u00e0 maintenant l\u2019apanage des utilisateurs professionnels. Utilis\u00e9 au bureau, Teams s\u2019av\u00e8re extr\u00eamement pratique pour g\u00e9rer diff\u00e9rentes t\u00e2ches au quotidien. Mais Microsoft a d\u00e9cid\u00e9 de transposer cette utilisation au domaine familial en offrant l\u2019ensemble des fonctionnalit\u00e9s phares de son application collaborative au plus grand nombre.<\/p>\n<div data-force-click=\"true\" class=\"bloc\">\n            <center><img decoding=\"async\" src=\"https:\/\/i.imgur.com\/F9W4P2O.gif\" width=\"300\"\/><\/center>\n    <\/div>\n<p class=\"MsoNormal\">Et c\u2019est une excellente nouvelle. Car au lieu de se connecter sur les habituels r\u00e9seaux sociaux, Teams en version grand public fera office, en quelque sorte, de r\u00e9seau social priv\u00e9, restreint \u00e0 la seule sph\u00e8re familiale et aux amis proches. Cela rappellera sans doute quelques souvenirs aux internautes du d\u00e9but des ann\u00e9es 2000 qui \u00e9changeaient en leur temps sur Windows Live Messenger.<\/p>\n<p class=\"MsoNormal\">Il est ainsi possible d\u2019envoyer des messages via la messagerie instantan\u00e9e, de passer des appels audio et vid\u00e9o, de partager des documents (notamment Word, Excel, et PowerPoint), de partager leur localisation, ou encore de stocker des informations sensibles dans un coffre-fort s\u00e9curis\u00e9 par une authentification \u00e0 deux facteurs et un chiffrement de bout en bout.<\/p>\n<div data-force-click=\"true\" class=\"bloc\">\n            <center><img decoding=\"async\" src=\"https:\/\/i.imgur.com\/A2quORV.gif\" width=\"300\"\/><\/center>\n    <\/div>\n<p class=\"MsoNormal\">Les nouveaux utilisateurs de Teams peuvent s\u2019inscrire d\u00e8s \u00e0 pr\u00e9sent depuis l\u2019application mobile iOS ou Android en utilisant leur compte Microsoft personnel ou leur num\u00e9ro de t\u00e9l\u00e9phone.<\/p>\n<p class=\"MsoNormal\">Quant aux anciens utilisateurs d\u00e9j\u00e0 pr\u00e9sents par le biais de leur compte professionnel, ils peuvent d\u00e8s maintenant ajouter leur compte Microsoft personnel et passer de l\u2019un \u00e0 l\u2019autre facilement.<\/p>\n<p class=\"MsoNormal\">Source\u00a0: <a href=\"https:\/\/www.microsoft.com\/en-us\/microsoft-365\/blog\/2020\/06\/22\/introducing-features-microsoft-teams-connect-friends-family-available-mobile-preview\/\" target=\"_blank\" rel=\"noopener noreferrer\">Microsoft <\/a><\/p>\n<\/p><\/div>\n<p><script>\n         !function(f,b,e,v,n,t,s){if(f.fbq)return;n=f.fbq=function()\n         {n.callMethod? n.callMethod.apply(n,arguments):n.queue.push(arguments)}\n         ;if(!f._fbq)f._fbq=n;\n             n.push=n;n.loaded=!0;n.version='2.0';n.queue=[];t=b.createElement(e);t.async=!0;\n             t.src=v;s=b.getElementsByTagName(e)[0];s.parentNode.insertBefore(t,s)}(window,\n                 document,'script','https:\/\/connect.facebook.net\/en_US\/fbevents.js');\n         fbq('init', '1065890633454496');\n         fbq('track', 'PageView');\n     <\/script><br \/>\n<br \/>[ad_2]<br \/>\n<br \/><a href=\"https:\/\/www.01net.com\/actualites\/microsoft-lance-la-version-grand-public-de-teams-1938523.html\">Source link <\/a><\/p>\n","protected":false},"excerpt":{"rendered":"<p>[ad_1] Microsoft Teams ne sera bient\u00f4t plus seulement r\u00e9serv\u00e9 aux professionnels. L\u2019application collaborative, dont l\u2019utilisation a explos\u00e9 ces derniers mois &hellip; <a href=\"http:\/\/www.affinite.fr\/index.php\/2020\/06\/24\/microsoft-lance-la-version-grand-public-de-teams\/\" class=\"more-link\">Plus <span class=\"screen-reader-text\">Microsoft lance la version grand public de Teams<\/span> <span class=\"meta-nav\">&rarr;<\/span><\/a><\/p>\n","protected":false},"author":1,"featured_media":4409,"comment_status":"open","ping_status":"open","sticky":false,"template":"","format":"standard","meta":{"_sitemap_exclude":false,"_sitemap_priority":"","_sitemap_frequency":"","footnotes":""},"categories":[1],"tags":[],"class_list":["post-4408","post","type-post","status-publish","format-standard","has-post-thumbnail","hentry","category-tous"],"_links":{"self":[{"href":"http:\/\/www.affinite.fr\/index.php\/wp-json\/wp\/v2\/posts\/4408"}],"collection":[{"href":"http:\/\/www.affinite.fr\/index.php\/wp-json\/wp\/v2\/posts"}],"about":[{"href":"http:\/\/www.affinite.fr\/index.php\/wp-json\/wp\/v2\/types\/post"}],"author":[{"embeddable":true,"href":"http:\/\/www.affinite.fr\/index.php\/wp-json\/wp\/v2\/users\/1"}],"replies":[{"embeddable":true,"href":"http:\/\/www.affinite.fr\/index.php\/wp-json\/wp\/v2\/comments?post=4408"}],"version-history":[{"count":0,"href":"http:\/\/www.affinite.fr\/index.php\/wp-json\/wp\/v2\/posts\/4408\/revisions"}],"wp:featuredmedia":[{"embeddable":true,"href":"http:\/\/www.affinite.fr\/index.php\/wp-json\/wp\/v2\/media\/4409"}],"wp:attachment":[{"href":"http:\/\/www.affinite.fr\/index.php\/wp-json\/wp\/v2\/media?parent=4408"}],"wp:term":[{"taxonomy":"category","embeddable":true,"href":"http:\/\/www.affinite.fr\/index.php\/wp-json\/wp\/v2\/categories?post=4408"},{"taxonomy":"post_tag","embeddable":true,"href":"http:\/\/www.affinite.fr\/index.php\/wp-json\/wp\/v2\/tags?post=4408"}],"curies":[{"name":"wp","href":"https:\/\/api.w.org\/{rel}","templated":true}]}}