{"id":4396,"date":"2020-06-24T08:16:01","date_gmt":"2020-06-24T08:16:01","guid":{"rendered":"https:\/\/www.affinite.fr\/index.php\/2020\/06\/24\/voici-les-ipad-qui-pourront-faire-tourner-ipados-14\/"},"modified":"2020-06-24T08:16:01","modified_gmt":"2020-06-24T08:16:01","slug":"voici-les-ipad-qui-pourront-faire-tourner-ipados-14","status":"publish","type":"post","link":"http:\/\/www.affinite.fr\/index.php\/2020\/06\/24\/voici-les-ipad-qui-pourront-faire-tourner-ipados-14\/","title":{"rendered":"Voici les iPad qui pourront faire tourner iPadOS 14"},"content":{"rendered":"<p> [ad_1]<br \/>\n<br \/><img decoding=\"async\" src=\"https:\/\/img.bfmtv.com\/i\/0\/0\/d0fe5\/e73cbae144f5d897f1045cf3f43.jpg\" \/><\/p>\n<div itemprop=\"articleBody\">\n                Apple a d\u00e9gain\u00e9 toutes les nouvelles versions de ses syst\u00e8mes d&rsquo;exploitation pour <a href=\"https:\/\/www.01net.com\/actualites\/apple-la-version-big-sur-de-macos-revoit-l-interface-des-mac-de-fond-en-comble-1937326.html\" target=\"_blank\" rel=\"noopener noreferrer\">Mac<\/a>, iPhone et <a href=\"https:\/\/www.01net.com\/actualites\/watchos-7-enfin-un-mode-sommeil-et-un-vrai-suivi-gps-sur-l-apple-watch-1937302.html\" target=\"_blank\" rel=\"noopener noreferrer\">Watch<\/a> lors de la WWDC 2020. Les iPad n&rsquo;ont pas \u00e9t\u00e9 oubli\u00e9s et auront donc le droit, cet automne, \u00e0 un passage <a href=\"https:\/\/www.01net.com\/actualites\/ios-14-apple-devoile-un-nouvel-ecran-d-accueil-pour-les-iphone-et-ipad-1937255.html\" target=\"_blank\" rel=\"noopener noreferrer\">\u00e0 iPadOS 14<\/a>.<\/p>\n<p>Une interface plus flexible, davantage de possibilit\u00e9s offertes avec l&rsquo;Apple Pen sur les ardoises compatibles ou encore des notifications d&rsquo;appels FaceTime &#8211; par exemple &#8211; bien plus discr\u00e8te, le programme est charg\u00e9.<\/p>\n<p>Voici la liste des tablettes qui pourront passer au prochain OS d&rsquo;Apple.<\/p>\n<blockquote>\n<p><strong>\u00c0 lire aussi : <\/strong>Nos tests du <a href=\"https:\/\/www.01net.com\/actualites\/test-de-l-ipad-pro-2020-apple-tourne-sa-tablette-vers-le-futur-et-son-os-dans-le-bon-sens-1884601.html\" target=\"_blank\" rel=\"noopener noreferrer\">dernier iPad Pro 12,3 pouces<\/a>, du <a href=\"https:\/\/www.01net.com\/tests\/test-de-l-ipad-mini-2019-apple-y-met-la-puissance-mais-pas-les-formes-6195.html\" target=\"_blank\" rel=\"noopener noreferrer\">meilleur des iPad mini<\/a>, ou encore de <a href=\"https:\/\/www.01net.com\/tests\/test-de-l-ipad-2019-apple-nous-livre-plus-qu-une-tablette-et-presque-un-pc-6329.html\" target=\"_blank\" rel=\"noopener noreferrer\">l&rsquo;iPad classique<\/a><\/p>\n<\/blockquote>\n<p>\n            <iframe title=\"Les iPad compatibles avec iPadOS 14\" aria-label=\"chart\" id=\"datawrapper-chart-49Mk8\" src=\"https:\/\/datawrapper.dwcdn.net\/49Mk8\/2\/\" scrolling=\"no\" style=\"width: 0; min-width: 100% !important; border: none;\" height=\"356\" frameborder=\"0\"><\/iframe>\n    <\/p>\n<aside class=\"bg-color-0 padding-inside-all-s bloc border-s\">\n<h4 class=\"box-txt-normal\">\n<p><strong>\u00c0 d\u00e9couvrir aussi en vid\u00e9o :<\/strong><\/p>\n<\/h4>\n<\/aside>\n<p><strong>Retrouvez<\/strong> <a href=\"https:\/\/www.01net.com\/actualites\/wwdc-2020-suivez-toutes-les-annonces-de-la-conference-d-apple-en-direct-des-19h-1937215.html\" target=\"_blank\" rel=\"noopener noreferrer\">toutes les annonces de la WWDC 2020 d&rsquo;Apple<\/a><\/p><\/div>\n<p><script>\n         !function(f,b,e,v,n,t,s){if(f.fbq)return;n=f.fbq=function()\n         {n.callMethod? n.callMethod.apply(n,arguments):n.queue.push(arguments)}\n         ;if(!f._fbq)f._fbq=n;\n             n.push=n;n.loaded=!0;n.version='2.0';n.queue=[];t=b.createElement(e);t.async=!0;\n             t.src=v;s=b.getElementsByTagName(e)[0];s.parentNode.insertBefore(t,s)}(window,\n                 document,'script','https:\/\/connect.facebook.net\/en_US\/fbevents.js');\n         fbq('init', '1065890633454496');\n         fbq('track', 'PageView');\n     <\/script><br \/>\n<br \/>[ad_2]<br \/>\n<br \/><a href=\"https:\/\/www.01net.com\/actualites\/voici-les-ipad-qui-pourront-faire-tourner-ipados-14-1937585.html\">Source link <\/a><\/p>\n","protected":false},"excerpt":{"rendered":"<p>[ad_1] Apple a d\u00e9gain\u00e9 toutes les nouvelles versions de ses syst\u00e8mes d&rsquo;exploitation pour Mac, iPhone et Watch lors de la &hellip; <a href=\"http:\/\/www.affinite.fr\/index.php\/2020\/06\/24\/voici-les-ipad-qui-pourront-faire-tourner-ipados-14\/\" class=\"more-link\">Plus <span class=\"screen-reader-text\">Voici les iPad qui pourront faire tourner iPadOS 14<\/span> <span class=\"meta-nav\">&rarr;<\/span><\/a><\/p>\n","protected":false},"author":1,"featured_media":4397,"comment_status":"open","ping_status":"open","sticky":false,"template":"","format":"standard","meta":{"_sitemap_exclude":false,"_sitemap_priority":"","_sitemap_frequency":"","footnotes":""},"categories":[1],"tags":[],"class_list":["post-4396","post","type-post","status-publish","format-standard","has-post-thumbnail","hentry","category-tous"],"_links":{"self":[{"href":"http:\/\/www.affinite.fr\/index.php\/wp-json\/wp\/v2\/posts\/4396"}],"collection":[{"href":"http:\/\/www.affinite.fr\/index.php\/wp-json\/wp\/v2\/posts"}],"about":[{"href":"http:\/\/www.affinite.fr\/index.php\/wp-json\/wp\/v2\/types\/post"}],"author":[{"embeddable":true,"href":"http:\/\/www.affinite.fr\/index.php\/wp-json\/wp\/v2\/users\/1"}],"replies":[{"embeddable":true,"href":"http:\/\/www.affinite.fr\/index.php\/wp-json\/wp\/v2\/comments?post=4396"}],"version-history":[{"count":0,"href":"http:\/\/www.affinite.fr\/index.php\/wp-json\/wp\/v2\/posts\/4396\/revisions"}],"wp:featuredmedia":[{"embeddable":true,"href":"http:\/\/www.affinite.fr\/index.php\/wp-json\/wp\/v2\/media\/4397"}],"wp:attachment":[{"href":"http:\/\/www.affinite.fr\/index.php\/wp-json\/wp\/v2\/media?parent=4396"}],"wp:term":[{"taxonomy":"category","embeddable":true,"href":"http:\/\/www.affinite.fr\/index.php\/wp-json\/wp\/v2\/categories?post=4396"},{"taxonomy":"post_tag","embeddable":true,"href":"http:\/\/www.affinite.fr\/index.php\/wp-json\/wp\/v2\/tags?post=4396"}],"curies":[{"name":"wp","href":"https:\/\/api.w.org\/{rel}","templated":true}]}}