{"id":4386,"date":"2020-06-24T03:08:23","date_gmt":"2020-06-24T03:08:23","guid":{"rendered":"https:\/\/www.affinite.fr\/index.php\/2020\/06\/24\/leger-et-polyvalent-la-star-des-ultraportables-acer-embarque-les-prochains-core-dintel\/"},"modified":"2020-06-24T03:08:23","modified_gmt":"2020-06-24T03:08:23","slug":"leger-et-polyvalent-la-star-des-ultraportables-acer-embarque-les-prochains-core-dintel","status":"publish","type":"post","link":"http:\/\/www.affinite.fr\/index.php\/2020\/06\/24\/leger-et-polyvalent-la-star-des-ultraportables-acer-embarque-les-prochains-core-dintel\/","title":{"rendered":"l\u00e9ger et polyvalent, la star des ultraportables Acer embarque les prochains Core d&rsquo;Intel"},"content":{"rendered":"<p> [ad_1]<br \/>\n<\/p>\n<div itemprop=\"articleBody\">\n<p>Voici le Swift 5 \u00e9dition 2020 d&rsquo;Acer. Cet ultraportable 14 pouces aurait d\u00fb \u00eatre d\u00e9voil\u00e9 au Computex 2020 mais, comme le COVID-19 est pass\u00e9 par l\u00e0, le salon de Ta\u00efwan a \u00e9t\u00e9 annul\u00e9. La marque Acer a donc fait le choix de le pr\u00e9senter lors d&rsquo;une conf\u00e9rence vid\u00e9o ce mardi 23 juin.<\/p>\n<p>Le Swift 5 arrivera au mois d&rsquo;octobre en France, et sera vendu \u00e0 partir de 1200 euros environ. Toutes les configurations carbureront <a href=\"https:\/\/www.01net.com\/actualites\/tiger-lake-intel-devoile-ce-que-son-futur-processeur-pour-ultraportables-aura-dans-le-ventre-1841715.html\" target=\"_blank\" rel=\"noopener noreferrer\">aux processeurs Intel de 11<sup>e<\/sup> g\u00e9n\u00e9ration<\/a>. Oui, pas <a href=\"https:\/\/www.01net.com\/actualites\/amd-annonce-ses-ryzen-4000-ses-processeurs-mobiles-qui-veulent-detroner-intel-dans-les-portables-1875874.html\" target=\"_blank\" rel=\"noopener noreferrer\">d&rsquo;AMD Ryzen<\/a> \u00e0 l&rsquo;horizon et, plus globalement, ces puces sont les grandes absentes des futures gammes d&rsquo;Acer.<\/p>\n<figure class=\"figure text-center\"><img decoding=\"async\" class=\"article-img img-responsive-l\" src=\"https:\/\/img.bfmtv.com\/c\/0\/708\/c45\/bd12d7eb06022de8fe38387bce9af.jpg\" alt=\"Acer Swift 5 2020\"\/><figcaption class=\"figure-caption figcaption color-txt-0 title-xs hidden-xs\">\n                                    AS\/01net.com<br \/>\n                                                    &#8211; Acer Swift 5 2020<br \/>\n                            <\/figcaption><\/figure>\n<h3 style=\"color:#333; font-family:arial,helvetica,sans-serif; font-size:23px; font-weight:700\">Des am\u00e9liorations par petites touches<\/h3>\n<p>Sur le cru 2020 du Swift 5, Acer reprend les bons ingr\u00e9dients des \u00e9ditions pr\u00e9c\u00e9dentes et les am\u00e9liore. L&rsquo;ultraportable 14 pouces conserve ainsi son bo\u00eetier en alliage de magn\u00e9sium et d&rsquo;aluminium, fin (1,49 cm) et qui p\u00e8se moins d&rsquo;un kilo.<br \/>Nous avons eu la chance de pouvoir le prendre en main il y quelques jours chez Acer France : il est clair que cet ultraportable <a href=\"http:\/\/www.affinite.fr\/index.php\/2023\/08\/24\/lart-de-la-glace-transforme-en-business-la-vision-unique-de-fabien-gris\/\">livre<\/a> une impression de solidit\u00e9 tout en restant\u00a0vraiment tr\u00e8s l\u00e9ger. Sur le papier, il devrait \u00eatre un\u00a0(tr\u00e8s) bon compagnon de voyage !<br \/>Pr\u00e9cisons au passage que si la machine est pr\u00e9sent\u00e9e en deux coloris, seule la finition Myst Green (oui, c&rsquo;est chic) photographi\u00e9e ici sera propos\u00e9e en France.<\/p>\n<p>Parmi les \u00e9l\u00e9ments conserv\u00e9s, on peut aussi citer le clavier &#8211; marque de fabrique d&rsquo;Acer, ainsi que\u00a0l&rsquo;\u00e9cran tactile 14 pouces Full HD. Cette ann\u00e9e, ses bords lat\u00e9raux sont affin\u00e9s pour coller \u00e0 la tendance. Ainsi, la dalle occupe 90% de l&rsquo;espace et, point important en ces temps covidiens, elle est trait\u00e9e contre les bact\u00e9ries.<\/p>\n<figure class=\"figure text-center\"><img decoding=\"async\" class=\"article-img img-responsive-l\" src=\"https:\/\/img.bfmtv.com\/c\/0\/708\/428\/f6d3062686528bf6daf06624b2fe5.jpg\" alt=\"Acer Swift 5 2020\"\/><figcaption class=\"figure-caption figcaption color-txt-0 title-xs hidden-xs\">\n                                    AS\/01net.com<br \/>\n                                                    &#8211; Acer Swift 5 2020<br \/>\n                            <\/figcaption><\/figure>\n<p>                Sur la photo ci-dessous, on remarque que lorsque l&rsquo;\u00e9cran est d\u00e9ploy\u00e9, le plateau interne (et donc le clavier) s&rsquo;incline l\u00e9g\u00e8rement vers l&rsquo;avant. Sony a invent\u00e9 cette charni\u00e8re pour ses ordinateurs portables aujourd&rsquo;hui disparus, les Vaio. Depuis, plusieurs marques am\u00e9ricaines et ta\u00efwanaises la r\u00e9utilisent, surtout sur leurs machines les plus prestigieuses. \u00ab On ne copie que les bonnes id\u00e9es \u00bb.<\/p>\n<aside class=\"bg-color-0 padding-inside-all-s bloc border-s\">\n<h4 class=\"box-txt-normal\">\n<p><strong>\u00c0 d\u00e9couvrir aussi en vid\u00e9o :<\/strong><\/p>\n<\/h4>\n<\/aside>\n<p>                L&rsquo;ensemble de la connectique reste classique et celle qu&rsquo;on est en droit d&rsquo;attendre sur ce type de machine (USB, HDMI, audio&#8230;). Le Wi-Fi 6 est aussi de la partie, assurant seul les connexions \u00e0 la Toile. Le Bluetooth 5.0 s&rsquo;est \u00e9galement invit\u00e9.<\/p>\n<figure class=\"figure text-center\"><img decoding=\"async\" class=\"article-img img-responsive-l\" src=\"https:\/\/img.bfmtv.com\/c\/0\/708\/85f\/8f3be64d5584729bcff6bbf91badf.jpg\" alt=\"Acer Swift 5 2020\"\/><figcaption class=\"figure-caption figcaption color-txt-0 title-xs hidden-xs\">\n                                    AS\/01net.com<br \/>\n                                                    &#8211; Acer Swift 5 2020<br \/>\n                            <\/figcaption><\/figure>\n<p>La prise d&rsquo;alimentation reste propri\u00e9taire. Horreur. Mais recharger la batterie du Swift 5 est aussi possible en passant par sa prise Thunderbolt, \u00e0 l&rsquo;aide d&rsquo;un\u00a0c\u00e2ble USB Type-C. C&rsquo;est d\u00e9j\u00e0 mieux. Ce qui l&rsquo;est moins, c&rsquo;est qu&rsquo;Acer ne livre pas de second adaptateur secteur de type USB-C avec le Swift.<\/p>\n<h3 style=\"color:#333; font-family:arial,helvetica,sans-serif; font-size:23px; font-weight:700\">Nomade et polyvalent<\/h3>\n<p>Acer n&rsquo;a pas encore \u00e9t\u00e9 en mesure de nous fournir tout le d\u00e9tail des configurations propos\u00e9es en France. Cependant, le constructeur nous a assur\u00e9 que les machines seraient dop\u00e9es aux processeurs Intel Core de 11<sup>e<\/sup> g\u00e9n\u00e9ration avec la toute <a href=\"https:\/\/www.01net.com\/actualites\/cartes-3d-intel-xe-des-puces-mobiles-confirmees-la-techno-ray-tracing-supporte-1782919.html\" target=\"_blank\" rel=\"noopener noreferrer\">nouvelle partie graphique d\u00e9di\u00e9e Xe<\/a> et avec une carte graphique d\u00e9di\u00e9e Nvidia GeForce MX350 (en option), jusqu&rsquo;\u00e0 16 Go de m\u00e9moire LPDDR4 et &#8211; au mieux &#8211; 1 To de SSD.<\/p>\n<p>La batterie qui alimente l&rsquo;ensemble\u00a0serait capable \u00ab <em>de tenir toute une journ\u00e9e <\/em>\u00bb selon Acer, et 30 minutes de charge suffirait \u00e0 redonner 4 heures d&rsquo;endurance \u00e0 la machine. A confirmer lors d&rsquo;un prochain test.<\/p>\n<figure class=\"figure text-center\"><img decoding=\"async\" class=\"article-img img-responsive-l\" src=\"https:\/\/img.bfmtv.com\/c\/0\/708\/c77\/185d8ce6f76befa7d880d74812192.jpg\" alt=\"Acer Swift 5 2020\"\/><figcaption class=\"figure-caption figcaption color-txt-0 title-xs hidden-xs\">\n                                    AS\/01net.com<br \/>\n                                                    &#8211; Acer Swift 5 2020<br \/>\n                            <\/figcaption><\/figure>\n<p>                Il reste que ce Swift, avec un tel panel de composants, devrait \u00eatre aussi bien \u00e0 l&rsquo;aise en bureautique que pour faire un peu de cr\u00e9ation multim\u00e9dia. Au bureau comme en voyage, avec ou sans adaptateur secteur \u00e0 port\u00e9e de main.<\/p>\n<p>Les versions les plus haut de gamme du Swift 5 d&rsquo;Acer devraient m\u00eame pourvoir faire tourner un jeu, de temps en temps, pourvu que vous ne poussiez pas tous les r\u00e9glages \u00e0 fond. Au risque de faire hurler la ventilation qui, on nous l&rsquo;a assur\u00e9, a \u00e9t\u00e9 retravaill\u00e9e de fond en comble. Silencieuse et efficace ? Seul un test pourra nous l&rsquo;apprendre. Rendez-vous en octobre !<\/p>\n<\/div>\n<p><script>\n         !function(f,b,e,v,n,t,s){if(f.fbq)return;n=f.fbq=function()\n         {n.callMethod? n.callMethod.apply(n,arguments):n.queue.push(arguments)}\n         ;if(!f._fbq)f._fbq=n;\n             n.push=n;n.loaded=!0;n.version='2.0';n.queue=[];t=b.createElement(e);t.async=!0;\n             t.src=v;s=b.getElementsByTagName(e)[0];s.parentNode.insertBefore(t,s)}(window,\n                 document,'script','https:\/\/connect.facebook.net\/en_US\/fbevents.js');\n         fbq('init', '1065890633454496');\n         fbq('track', 'PageView');\n     <\/script><br \/>\n<br \/>[ad_2]<br \/>\n<br \/><a href=\"https:\/\/www.01net.com\/actualites\/swift-5-toujours-aussi-leger-et-polyvalent-la-star-des-ultraportables-acer-fait-son-retour-1936161.html\">Source link <\/a><\/p>\n","protected":false},"excerpt":{"rendered":"<p>[ad_1] Voici le Swift 5 \u00e9dition 2020 d&rsquo;Acer. Cet ultraportable 14 pouces aurait d\u00fb \u00eatre d\u00e9voil\u00e9 au Computex 2020 mais, &hellip; <a href=\"http:\/\/www.affinite.fr\/index.php\/2020\/06\/24\/leger-et-polyvalent-la-star-des-ultraportables-acer-embarque-les-prochains-core-dintel\/\" class=\"more-link\">Plus <span class=\"screen-reader-text\">l\u00e9ger et polyvalent, la star des ultraportables Acer embarque les prochains Core d&rsquo;Intel<\/span> <span class=\"meta-nav\">&rarr;<\/span><\/a><\/p>\n","protected":false},"author":1,"featured_media":4387,"comment_status":"open","ping_status":"open","sticky":false,"template":"","format":"standard","meta":{"_sitemap_exclude":false,"_sitemap_priority":"","_sitemap_frequency":"","footnotes":""},"categories":[1],"tags":[],"class_list":["post-4386","post","type-post","status-publish","format-standard","has-post-thumbnail","hentry","category-tous"],"_links":{"self":[{"href":"http:\/\/www.affinite.fr\/index.php\/wp-json\/wp\/v2\/posts\/4386"}],"collection":[{"href":"http:\/\/www.affinite.fr\/index.php\/wp-json\/wp\/v2\/posts"}],"about":[{"href":"http:\/\/www.affinite.fr\/index.php\/wp-json\/wp\/v2\/types\/post"}],"author":[{"embeddable":true,"href":"http:\/\/www.affinite.fr\/index.php\/wp-json\/wp\/v2\/users\/1"}],"replies":[{"embeddable":true,"href":"http:\/\/www.affinite.fr\/index.php\/wp-json\/wp\/v2\/comments?post=4386"}],"version-history":[{"count":0,"href":"http:\/\/www.affinite.fr\/index.php\/wp-json\/wp\/v2\/posts\/4386\/revisions"}],"wp:featuredmedia":[{"embeddable":true,"href":"http:\/\/www.affinite.fr\/index.php\/wp-json\/wp\/v2\/media\/4387"}],"wp:attachment":[{"href":"http:\/\/www.affinite.fr\/index.php\/wp-json\/wp\/v2\/media?parent=4386"}],"wp:term":[{"taxonomy":"category","embeddable":true,"href":"http:\/\/www.affinite.fr\/index.php\/wp-json\/wp\/v2\/categories?post=4386"},{"taxonomy":"post_tag","embeddable":true,"href":"http:\/\/www.affinite.fr\/index.php\/wp-json\/wp\/v2\/tags?post=4386"}],"curies":[{"name":"wp","href":"https:\/\/api.w.org\/{rel}","templated":true}]}}