{"id":4378,"date":"2020-06-23T22:52:56","date_gmt":"2020-06-23T22:52:56","guid":{"rendered":"https:\/\/www.affinite.fr\/index.php\/2020\/06\/23\/en-trois-semaines-lapplication-stopcovid-na-alerte-que-14-personnes\/"},"modified":"2020-06-23T22:52:56","modified_gmt":"2020-06-23T22:52:56","slug":"en-trois-semaines-lapplication-stopcovid-na-alerte-que-14-personnes","status":"publish","type":"post","link":"http:\/\/www.affinite.fr\/index.php\/2020\/06\/23\/en-trois-semaines-lapplication-stopcovid-na-alerte-que-14-personnes\/","title":{"rendered":"En trois semaines, l&rsquo;application StopCovid n&rsquo;a alert\u00e9 que 14 personnes"},"content":{"rendered":"<p> [ad_1]<br \/>\n<\/p>\n<div itemprop=\"articleBody\">\n<p>1,9 million de t\u00e9l\u00e9chargements. Trois semaines apr\u00e8s son lancement, le gouvernement a fait, ce mardi 23 juin, un \u00ab\u00a0point d\u2019\u00e9tape\u00a0\u00bb autour de StopCovid. La\u00a0conf\u00e9rence oscillait entre le constat d&rsquo;un \u00e9chec cuisant et les laborieuses tentatives pour rebondir. Depuis le 2 juin, date de lancement de l&rsquo;appli, la barre symbolique (pourtant peu significative) des 2 millions n&rsquo;a pas \u00e9t\u00e9 atteinte.\u00a0La courbe croissante de t\u00e9l\u00e9chargements se traduit paradoxalement\u00a0par un nombre \u00ab\u00a0\u00e9tonnement \u00bb faible de \u00ab\u00a0notifications\u00a0\u00bb des \u00ab cas-contacts \u00bb. D\u2019apr\u00e8s Bercy, \u00e0 ce jour, sur les 1 816 048 utilisateurs actifs seulement 68 personnes se sont d\u00e9clar\u00e9es positives au Covid-19 sur l\u2019appli. Infect\u00e9s, ces individus ont interagi \u00e0 moins d\u2019un m\u00e8tre pendant plus de 15 minutes avec 205 autres personnes -ce qui a finalement abouti \u00e0 14 personnes alert\u00e9es.\u00a0<\/p>\n<h3 style=\"color:#333; font-family:arial,helvetica,sans-serif; font-size:23px; font-weight:700\">460 000 d\u00e9sinstallations en une semaine<\/h3>\n<p>\u00ab\u00a0<em>Derri\u00e8re ces chiffres, il y a une double r\u00e9alit\u00e9\u00a0<\/em>\u00bb, a d\u00e9crypt\u00e9 le secr\u00e9taire d\u2019\u00c9tat au Num\u00e9rique, C\u00e9dric O.\u00a0\u00ab\u00a0<em>D\u2019une part, cela traduit la baisse plus rapide que pr\u00e9vu de la pr\u00e9valence de l\u2019\u00e9pid\u00e9mie, et d\u2019autre part, une diffusion limit\u00e9e de l\u2019appli StopCovid\u00a0<\/em>\u00bb, a-t-il admis. Pour l\u2019instant, les raisons de cet \u00e9chec pourraient \u00eatre : les craintes qui reculent, la circulation du virus de moins en moins actives, la procrastination aussi. \u00ab\u00a0<em>J\u2019ai rencontr\u00e9 des gens qui m\u2019ont dit \u00ab\u00a0je la t\u00e9l\u00e9chargerai si besoin au moment d\u2019une deuxi\u00e8me vague\u00a0\u00bb<\/em>\u00a0\u00bb, a racont\u00e9 C\u00e9dric O.<\/p>\n<p>StopCovid est\u00a0donc loin d&rsquo;avoir remport\u00e9 l\u2019adh\u00e9sion des Fran\u00e7ais. Au total, l\u2019appli a \u00e9t\u00e9 d\u00e9sinstall\u00e9e 460 000 fois et d\u00e9sactiv\u00e9e 23 000 fois. Cette tendance au retrait des utilisateurs a bondi la semaine derni\u00e8re, a constat\u00e9 l\u2019\u00e9quipe du projet, sans pouvoir en analyser les raisons. Actuellement, l&rsquo;ampleur de ce d\u00e9sinvestissement est important,\u00a0compar\u00e9 au nombre de nouveaux utilisateurs estim\u00e9, lui, \u00e0 190 000 pour la m\u00eame semaine. Cependant, \u00ab <em>le solde reste positif <\/em>\u00bb, assure le minist\u00e8re.\u00a0<\/p>\n<figure class=\"figure text-center\"><img decoding=\"async\" class=\"article-img img-responsive-l\" src=\"https:\/\/img.bfmtv.com\/c\/0\/708\/209ae\/f190e9b8de28830a51e41bebf81.png\" alt=\"\"\/><figcaption class=\"figure-caption figcaption color-txt-0 title-xs hidden-xs\">\n                                    Capture d&rsquo;\u00e9cran Bercy \/ 01net.com<br \/>\n                                                    &#8211;<br \/>\n                            <\/figcaption><\/figure>\n<h3 style=\"color:#333; font-family:arial,helvetica,sans-serif; font-size:23px; font-weight:700\">740 000 euros \u00e9tal\u00e9s sur six mois<\/h3>\n<p>Sur le volet financier, C\u00e9dric O a jug\u00e9 le co\u00fbt total \u00ab\u00a0relativement bas\u00a0compar\u00e9 aux voisins europ\u00e9ens \u00bb. Sur 6 mois, le co\u00fbt relatif \u00e0 \u00ab\u00a0<em>l\u2019h\u00e9bergement, \u00e0 la maintenance et aux d\u00e9veloppements\u00a0<\/em>\u00bb de l\u2019appli est estim\u00e9 \u00e0 740 000 euros -jusqu\u2019en janvier 2021. Par mois, le co\u00fbt oscille entre 80 000 et 120 000 euros. Ce chiffre \u00ab gonfl\u00e9\u00a0\u00bb, selon le secr\u00e9taire d&rsquo;\u00c9tat, effectivement plus bas que les \u00ab\u00a0<em>millions d\u00e9pens\u00e9s par les Allemands ou les Britanniques<\/em> \u00bb est d\u00fb au fait que les entreprises fran\u00e7aises ont travaill\u00e9 jusqu\u2019au 2 juin au <em>pro bono<\/em>. Ce qui signifie gratuitement, \u00ab au nom du bien public \u00bb.<\/p>\n<p>Si \u00ab l&rsquo;\u00e9quipe de France\u00a0\u00bb\u00a0aux commandes de\u00a0ce projet \u00ab\u00a0hors norme\u00a0\u00bb du 8 avril au 2 juin a \u00e9t\u00e9 pionni\u00e8re\u00a0en Europe, StopCovid est\u00a0la seule appli europ\u00e9enne qui n\u2019int\u00e8gre pas l\u2019API Google-Apple. Or, ce mod\u00e8le d\u00e9centralis\u00e9\u00a0d\u2019appli est l&rsquo;un des crit\u00e8res d\u00e9terminants afin de rendre interop\u00e9rables les applis nationales. Pour le secr\u00e9taire d\u2019\u00c9tat, il est cependant\u00a0primordial que l\u2019application reste dans les mains d\u2019acteurs nationaux et \u00e9tatiques. Sans quoi, l\u2019audit de l\u2019application serait \u00ab\u00a0probl\u00e9matique\u00a0\u00bb.\u00a0<\/p>\n<h3 style=\"color:#333; font-family:arial,helvetica,sans-serif; font-size:23px; font-weight:700\">Un refus toujours vif de l&rsquo;API Google-Apple<\/h3>\n<p>La France ne change pas son fusil d\u2019\u00e9paule. \u00ab\u00a0<em>Nous travaillons main dans la main avec la Commission europ\u00e9enne\u00a0<\/em>\u00bb, a assur\u00e9 C\u00e9dric O rappelant qu\u2019\u00e0 date \u00ab\u00a0<em>ni l\u2019appli italienne, ni celle allemande ou encore la britannique n\u2019\u00e9taient encore interop\u00e9rables<\/em>\u00a0\u00bb. Concr\u00e8tement, une fois les fronti\u00e8res travers\u00e9es, le gouvernement recommande donc de t\u00e9l\u00e9charger l\u2019application nationale du pays en question. Sans pour autant garantir qu\u2019il y aura des campagnes pour inciter les touristes \u00e0 t\u00e9l\u00e9charger les touristes.<\/p>\n<aside class=\"bg-color-0 padding-inside-all-s bloc border-s\">\n<h4 class=\"box-txt-normal\">\n<p><strong>\u00c0 d\u00e9couvrir aussi en vid\u00e9o\u00a0<\/strong><\/p>\n<\/h4>\n<\/aside>\n<h3 style=\"color:#333; font-family:arial,helvetica,sans-serif; font-size:23px; font-weight:700\">Une nouvelle version disponible le 25 juin<\/h3>\n<p>Dans ce contexte, le 9 mai, l\u2019Inria, qui pilote le projet, a mis sur la table un nouveau protocole nomm\u00e9e DESIRE, \u00ab\u00a0<em>qui est la suite logique du protocole ROBERT<\/em>\u00a0\u00bb, a d\u00e9voil\u00e9 Bruno Sportisse, directeur de l\u2019institut de recherche. Ce mod\u00e8le reposerait non plus sur la d\u00e9couverte des identifiants des autres smartphones qui ont t\u00e9l\u00e9charg\u00e9 l\u2019appli StopCovid, mais sur la cr\u00e9ation d\u2019un crypto-identifiant unique \u00e0 chaque rencontre entre smartphone. \u00ab\u00a0<em>C\u2019est pourquoi c\u2019est un candidat interessant dans nos discussions \u00e0 l\u2019\u00e9chelle de l\u2019Europe car il laisse le choix au pays\u00a0<\/em>\u00bb, a d\u00e9taill\u00e9 le directeur de l\u2019Inria.\u00a0<\/p>\n<p>D\u2019autres pistes d\u2019am\u00e9lioration sont en exploration, notamment le \u00ab\u00a0Captcha souverain\u00a0\u00bb d\u00e9velopp\u00e9 par Orange. Ce syst\u00e8me est une \u00ab\u00a0<em>mesure de s\u00e9curit\u00e9<\/em>\u00a0\u00bb in\u00e9dite en Europe hors API Google. Des innovations techniques qui devraient \u00eatre dans la nouvelle version de l\u2019application pr\u00e9vue pour le 25 juin.\u00a0<\/p>\n<figure class=\"figure text-center\"><img decoding=\"async\" class=\"article-img img-responsive-l\" src=\"https:\/\/img.bfmtv.com\/c\/0\/708\/7ba\/d5b11f172ee9a8f9e16b576619e6a.png\" alt=\"\"\/><figcaption class=\"figure-caption figcaption color-txt-0 title-xs hidden-xs\">\n                                    Capture d&rsquo;\u00e9cran Bercy \/ 01net.com<br \/>\n                                                    &#8211;<br \/>\n                            <\/figcaption><\/figure>\n<h3 style=\"color:#333; font-family:arial,helvetica,sans-serif; font-size:23px; font-weight:700\">Un r\u00f4le plus actif du m\u00e9decin ?\u00a0<\/h3>\n<p>Pour la suite, la priorit\u00e9 du gouvernement est de d\u00e9ployer l\u2019appli dans les zones oranges ou rouges, notamment en Guyane. \u00ab\u00a0<em>Nous allons d\u00e9sormais agir par geste chirurgical\u00a0<\/em>\u00bb, a pr\u00e9cis\u00e9 C\u00e9dric O. Sur ce territoire ultra-marin, sont test\u00e9es aussi de nouvelles fonctionnalit\u00e9s qui pourraient \u00e0 terme \u00eatre disponibles aussi en m\u00e9tropole. Par exemple, le r\u00f4le du m\u00e9decin traitant pourrait \u00e9voluer vers un r\u00f4le plus actif, il pourrait donner directement\u00a0un code pour remplacer l&rsquo;actuel\u00a0QR Code n\u00e9cessaire pour se d\u00e9clarer positif au Covid-19 sur l&rsquo;appli. Ou encore : l\u2019envoi g\u00e9n\u00e9ral d\u2019un SMS \u00e0 tous les Fran\u00e7ais\u00a0pour les inciter \u00e0 t\u00e9l\u00e9charger l\u2019application. Ce canal\u00a0a \u00e9t\u00e9 test\u00e9 \u00ab <em>avec efficacit\u00e9<\/em> \u00bb en Guyane.\u00a0<\/p>\n<p>Ces donn\u00e9es communiqu\u00e9es seront compl\u00e9t\u00e9es par des enqu\u00eates de terrain\u00a0pour savoir qui sont les utilisateurs et o\u00f9 sont-ils. L\u2019enjeu est notamment de savoir si les citadins t\u00e9l\u00e9chargent l\u2019appli -\u00e9tant mobiles, ils sont la cible principale d\u2019un tel dispositif.\u00a0<\/p>\n<p><strong>Source<\/strong> : <a href=\"https:\/\/www.economie.gouv.fr\/direct-video-conference-presse-sur-application-stopcovid-23-juin\" target=\"_blank\" rel=\"noopener noreferrer\">Bercy<\/a><\/p>\n<\/p><\/div>\n<p><script>\n         !function(f,b,e,v,n,t,s){if(f.fbq)return;n=f.fbq=function()\n         {n.callMethod? n.callMethod.apply(n,arguments):n.queue.push(arguments)}\n         ;if(!f._fbq)f._fbq=n;\n             n.push=n;n.loaded=!0;n.version='2.0';n.queue=[];t=b.createElement(e);t.async=!0;\n             t.src=v;s=b.getElementsByTagName(e)[0];s.parentNode.insertBefore(t,s)}(window,\n                 document,'script','https:\/\/connect.facebook.net\/en_US\/fbevents.js');\n         fbq('init', '1065890633454496');\n         fbq('track', 'PageView');\n     <\/script><br \/>\n<br \/>[ad_2]<br \/>\n<br \/><a href=\"https:\/\/www.01net.com\/actualites\/en-trois-semaines-l-application-stopcovid-n-a-alerte-que-14-personnes-1937646.html\">Source link <\/a><\/p>\n","protected":false},"excerpt":{"rendered":"<p>[ad_1] 1,9 million de t\u00e9l\u00e9chargements. Trois semaines apr\u00e8s son lancement, le gouvernement a fait, ce mardi 23 juin, un \u00ab\u00a0point &hellip; <a href=\"http:\/\/www.affinite.fr\/index.php\/2020\/06\/23\/en-trois-semaines-lapplication-stopcovid-na-alerte-que-14-personnes\/\" class=\"more-link\">Plus <span class=\"screen-reader-text\">En trois semaines, l&rsquo;application StopCovid n&rsquo;a alert\u00e9 que 14 personnes<\/span> <span class=\"meta-nav\">&rarr;<\/span><\/a><\/p>\n","protected":false},"author":1,"featured_media":4379,"comment_status":"open","ping_status":"open","sticky":false,"template":"","format":"standard","meta":{"_sitemap_exclude":false,"_sitemap_priority":"","_sitemap_frequency":"","footnotes":""},"categories":[1],"tags":[],"class_list":["post-4378","post","type-post","status-publish","format-standard","has-post-thumbnail","hentry","category-tous"],"_links":{"self":[{"href":"http:\/\/www.affinite.fr\/index.php\/wp-json\/wp\/v2\/posts\/4378"}],"collection":[{"href":"http:\/\/www.affinite.fr\/index.php\/wp-json\/wp\/v2\/posts"}],"about":[{"href":"http:\/\/www.affinite.fr\/index.php\/wp-json\/wp\/v2\/types\/post"}],"author":[{"embeddable":true,"href":"http:\/\/www.affinite.fr\/index.php\/wp-json\/wp\/v2\/users\/1"}],"replies":[{"embeddable":true,"href":"http:\/\/www.affinite.fr\/index.php\/wp-json\/wp\/v2\/comments?post=4378"}],"version-history":[{"count":0,"href":"http:\/\/www.affinite.fr\/index.php\/wp-json\/wp\/v2\/posts\/4378\/revisions"}],"wp:featuredmedia":[{"embeddable":true,"href":"http:\/\/www.affinite.fr\/index.php\/wp-json\/wp\/v2\/media\/4379"}],"wp:attachment":[{"href":"http:\/\/www.affinite.fr\/index.php\/wp-json\/wp\/v2\/media?parent=4378"}],"wp:term":[{"taxonomy":"category","embeddable":true,"href":"http:\/\/www.affinite.fr\/index.php\/wp-json\/wp\/v2\/categories?post=4378"},{"taxonomy":"post_tag","embeddable":true,"href":"http:\/\/www.affinite.fr\/index.php\/wp-json\/wp\/v2\/tags?post=4378"}],"curies":[{"name":"wp","href":"https:\/\/api.w.org\/{rel}","templated":true}]}}