{"id":4354,"date":"2020-06-23T13:32:34","date_gmt":"2020-06-23T13:32:34","guid":{"rendered":"https:\/\/www.affinite.fr\/index.php\/2020\/06\/23\/votre-mac-est-il-compatible-avec-le-nouveau-macos-11-big-sur\/"},"modified":"2020-06-23T13:32:34","modified_gmt":"2020-06-23T13:32:34","slug":"votre-mac-est-il-compatible-avec-le-nouveau-macos-11-big-sur","status":"publish","type":"post","link":"http:\/\/www.affinite.fr\/index.php\/2020\/06\/23\/votre-mac-est-il-compatible-avec-le-nouveau-macos-11-big-sur\/","title":{"rendered":"Votre Mac est-il compatible avec le nouveau macOS 11 Big Sur ?"},"content":{"rendered":"<p> [ad_1]<br \/>\n<br \/><img decoding=\"async\" src=\"https:\/\/img.bfmtv.com\/i\/0\/0\/dc2\/377f46b65b18c149c260e25962b50.jpg\" \/><\/p>\n<div itemprop=\"articleBody\">\n<p>\u00c0 l&rsquo;occasion de <a href=\"https:\/\/www.01net.com\/actualites\/wwdc-2020-suivez-toutes-les-annonces-de-la-conference-d-apple-en-direct-des-19h-1937215.html\" target=\"_blank\" rel=\"noopener noreferrer\">la conf\u00e9rence WWDC 2020<\/a>, les \u00e9quipes de Tim Cook ont pr\u00e9sent\u00e9 l&rsquo;<a href=\"https:\/\/www.01net.com\/actualites\/apple-annonce-la-transition-vers-ses-puces-apple-silicon-le-futur-des-mac-1937334.html\" target=\"_blank\" rel=\"noopener noreferrer\">avenir de macOS<\/a>\u00a0et\u00a0le syst\u00e8me d&rsquo;exploitation des ordinateurs Apple.<br \/>Pour marquer le saut en avant r\u00e9aliser de macOS 10.15 Catalina, Apple a d\u00e9cid\u00e9 de ne pas incr\u00e9menter le deuxi\u00e8me nombre qui aurait d\u00fb \u00eatre 16, comme dans macOS 10.16 mais le premier. <a href=\"http:\/\/www.01net.com\/actualites\/apple-la-version-big-sur-de-macos-revoit-l-interface-des-mac-de-fond-en-comble-1937326.html\" target=\"_blank\" rel=\"noopener noreferrer\">Big Sur, c&rsquo;est son nom, est donc macOS 11<\/a>.<\/p>\n<p>Le premier gros changement provient d&rsquo;une interface totalement revisit\u00e9e. Vous d\u00e9couvrirez ainsi de nouveaux menus, de nouvelles\u00a0fonctionnalit\u00e9s\u00a0et l&rsquo;interface remani\u00e9e. Mais encore faut-il que votre Mac soit compatible avec cette prochaine version de macOS !<\/p>\n<p>Voici, dans un premier temps, la liste des MacBook compatibles avec Big Sur.<\/p>\n<p>\n            <iframe title=\"[ Les Mac compatibles avec macOS Big Sur]\" aria-label=\"chart\" id=\"datawrapper-chart-9Ea3I\" src=\"https:\/\/datawrapper.dwcdn.net\/9Ea3I\/3\/\" scrolling=\"no\" style=\"width: 0; min-width: 100% !important; border: none;\" height=\"306\" frameborder=\"0\"><\/iframe>\n    <\/p>\n<blockquote>\n<p><strong>\u00c0 lire aussi :<\/strong> les test du <a href=\"https:\/\/www.01net.com\/tests\/test-macbook-2017-l-ultraportable-d-apple-fait-enfin-plus-que-le-minimum-requis-5753.html\" target=\"_blank\" rel=\"noopener noreferrer\">MacBook 2017 <\/a>du <a href=\"https:\/\/www.01net.com\/tests\/test-du-macbook-air-2020-l-ultraportable-d-apple-retrouve-enfin-de-sa-superbe-6435.html\" target=\"_blank\" rel=\"noopener noreferrer\">MacBook Air 2020 <\/a>et des <a href=\"https:\/\/www.01net.com\/tests\/test-du-macbook-pro-13-2020-l-ultraportable-pro-d-apple-gagne-une-belle-autonomie-et-un-nouveau-clavier-6453.html\" target=\"_blank\" rel=\"noopener noreferrer\">MacBook Pro 13 2020<\/a> et <a href=\"https:\/\/www.01net.com\/tests\/test-du-macbook-pro-16-pouces-apple-agrandit-et-ameliore-le-portable-que-les-pro-attendaient-6367.html\" target=\"_blank\" rel=\"noopener noreferrer\">MacBook Pro 16<\/a><\/p>\n<\/blockquote>\n<p>Juste en dessous de la vid\u00e9o, d\u00e9couvrez la liste des Mac fixes compatibles avec le futur macOS 11.<\/p>\n<aside class=\"bg-color-0 padding-inside-all-s bloc border-s\">\n<h4 class=\"box-txt-normal\">\n<p><strong>\u00c0 d\u00e9couvrir aussi en vid\u00e9o :<\/strong><\/p>\n<\/h4>\n<\/aside>\n<p>\n            <iframe title=\"Les Mac fixes compatibles avec macOS Big Sur\" aria-label=\"chart\" id=\"datawrapper-chart-N0h4h\" src=\"https:\/\/datawrapper.dwcdn.net\/N0h4h\/1\/\" scrolling=\"no\" style=\"width: 0; min-width: 100% !important; border: none;\" height=\"272\" frameborder=\"0\"><\/iframe>\n    <\/p>\n<blockquote>\n<p><strong>\u00c0 lire aussi :<\/strong><em> Nos tests du <a href=\"https:\/\/www.01net.com\/tests\/test-mac-mini-2018-apple-fait-trop-de-promesses-pour-une-si-petite-machine-6104.html\" target=\"_blank\" rel=\"noopener noreferrer\">Mac Mini<\/a>, de <a href=\"https:\/\/www.01net.com\/tests\/test-apple-imac-5k-2019-un-tout-en-un-polyvalent-et-tres-recommandable-mais-pas-sans-limite-6255.html\" target=\"_blank\" rel=\"noopener noreferrer\">l&rsquo;iMac 5K 2019<\/a>, de <a href=\"https:\/\/www.01net.com\/tests\/test-imac-pro-une-machine-pro-surpuissante-qui-flirte-avec-les-limites-du-tout-en-un-5895.html\" target=\"_blank\" rel=\"noopener noreferrer\">l&rsquo;iMac Pro <\/a>et notre article consacr\u00e9 <a href=\"https:\/\/www.01net.com\/actualites\/apple-officialise-enfin-son-mac-pro-un-monstre-de-puissance-et-de-design-1704862.html\" target=\"_blank\" rel=\"noopener noreferrer\">au Mac Pro 2019<\/a><\/em><\/p>\n<\/blockquote>\n<p>Sachez que la version b\u00eata de macOS Big Sur devrait \u00eatre propos\u00e9e \u00e0 tous d\u00e8s le mois de juillet via un programme de b\u00eata publique. Une premi\u00e8re occasion de pouvoir la tester sur votre Mac avant de faire, ensuite, le grand saut.<\/p>\n<\/p><\/div>\n<p><script>\n         !function(f,b,e,v,n,t,s){if(f.fbq)return;n=f.fbq=function()\n         {n.callMethod? n.callMethod.apply(n,arguments):n.queue.push(arguments)}\n         ;if(!f._fbq)f._fbq=n;\n             n.push=n;n.loaded=!0;n.version='2.0';n.queue=[];t=b.createElement(e);t.async=!0;\n             t.src=v;s=b.getElementsByTagName(e)[0];s.parentNode.insertBefore(t,s)}(window,\n                 document,'script','https:\/\/connect.facebook.net\/en_US\/fbevents.js');\n         fbq('init', '1065890633454496');\n         fbq('track', 'PageView');\n     <\/script><br \/>\n<br \/>[ad_2]<br \/>\n<br \/><a href=\"https:\/\/www.01net.com\/actualites\/votre-mac-est-il-compatible-avec-le-nouveau-macos-11-big-sur-1937495.html\">Source link <\/a><\/p>\n","protected":false},"excerpt":{"rendered":"<p>[ad_1] \u00c0 l&rsquo;occasion de la conf\u00e9rence WWDC 2020, les \u00e9quipes de Tim Cook ont pr\u00e9sent\u00e9 l&rsquo;avenir de macOS\u00a0et\u00a0le syst\u00e8me d&rsquo;exploitation &hellip; <a href=\"http:\/\/www.affinite.fr\/index.php\/2020\/06\/23\/votre-mac-est-il-compatible-avec-le-nouveau-macos-11-big-sur\/\" class=\"more-link\">Plus <span class=\"screen-reader-text\">Votre Mac est-il compatible avec le nouveau macOS 11 Big Sur ?<\/span> <span class=\"meta-nav\">&rarr;<\/span><\/a><\/p>\n","protected":false},"author":1,"featured_media":4355,"comment_status":"open","ping_status":"open","sticky":false,"template":"","format":"standard","meta":{"_sitemap_exclude":false,"_sitemap_priority":"","_sitemap_frequency":"","footnotes":""},"categories":[1],"tags":[],"class_list":["post-4354","post","type-post","status-publish","format-standard","has-post-thumbnail","hentry","category-tous"],"_links":{"self":[{"href":"http:\/\/www.affinite.fr\/index.php\/wp-json\/wp\/v2\/posts\/4354"}],"collection":[{"href":"http:\/\/www.affinite.fr\/index.php\/wp-json\/wp\/v2\/posts"}],"about":[{"href":"http:\/\/www.affinite.fr\/index.php\/wp-json\/wp\/v2\/types\/post"}],"author":[{"embeddable":true,"href":"http:\/\/www.affinite.fr\/index.php\/wp-json\/wp\/v2\/users\/1"}],"replies":[{"embeddable":true,"href":"http:\/\/www.affinite.fr\/index.php\/wp-json\/wp\/v2\/comments?post=4354"}],"version-history":[{"count":0,"href":"http:\/\/www.affinite.fr\/index.php\/wp-json\/wp\/v2\/posts\/4354\/revisions"}],"wp:featuredmedia":[{"embeddable":true,"href":"http:\/\/www.affinite.fr\/index.php\/wp-json\/wp\/v2\/media\/4355"}],"wp:attachment":[{"href":"http:\/\/www.affinite.fr\/index.php\/wp-json\/wp\/v2\/media?parent=4354"}],"wp:term":[{"taxonomy":"category","embeddable":true,"href":"http:\/\/www.affinite.fr\/index.php\/wp-json\/wp\/v2\/categories?post=4354"},{"taxonomy":"post_tag","embeddable":true,"href":"http:\/\/www.affinite.fr\/index.php\/wp-json\/wp\/v2\/tags?post=4354"}],"curies":[{"name":"wp","href":"https:\/\/api.w.org\/{rel}","templated":true}]}}