{"id":4344,"date":"2020-06-23T10:29:19","date_gmt":"2020-06-23T10:29:19","guid":{"rendered":"https:\/\/www.affinite.fr\/index.php\/2020\/06\/23\/en-europe-plus-de-70-des-contenus-haineux-en-ligne-sont-supprimes-par-les-geants-du-net\/"},"modified":"2020-06-23T10:29:19","modified_gmt":"2020-06-23T10:29:19","slug":"en-europe-plus-de-70-des-contenus-haineux-en-ligne-sont-supprimes-par-les-geants-du-net","status":"publish","type":"post","link":"http:\/\/www.affinite.fr\/index.php\/2020\/06\/23\/en-europe-plus-de-70-des-contenus-haineux-en-ligne-sont-supprimes-par-les-geants-du-net\/","title":{"rendered":"En Europe, plus de 70 % des contenus haineux en ligne sont supprim\u00e9s par les g\u00e9ants du Net\u00a0"},"content":{"rendered":"<p> [ad_1]<br \/>\n<br \/><img decoding=\"async\" src=\"https:\/\/img.bfmtv.com\/i\/0\/0\/b57\/fae59ec7d30e40523b87aa60c61af.jpeg\" \/><\/p>\n<div itemprop=\"articleBody\">\n<p>Alors que la <a href=\"https:\/\/www.01net.com\/actualites\/haine-en-ligne-le-conseil-constitutionnel-censure-la-majeure-partie-de-la-loi-avia-1935678.html\" target=\"_blank\" rel=\"noopener noreferrer\">loi fran\u00e7aise contre la cyber-haine vient d&rsquo;\u00eatre censur\u00e9e par le Conseil constitutionnel<\/a>, la Commission europ\u00e9enne se f\u00e9licite des r\u00e9sultats de sa cinqui\u00e8me \u00e9valuation du Code de conduite \u00e9labor\u00e9 en 2016, qui vise \u00e0 combattre les discours de haine ill\u00e9gaux en ligne. En 2019, 90 % des contenus signal\u00e9s ont \u00e9t\u00e9 \u00e9valu\u00e9s dans dans les\u00a024\u00a0heures (contre 40 % en 2016) et 71\u00a0% ont \u00e9t\u00e9 supprim\u00e9s (contre 28 % en 2016). En trois ans, la mod\u00e9ration est devenue de plus en plus performante.\u00a0<\/p>\n<h3 style=\"color:#333; font-family:arial,helvetica,sans-serif; font-size:23px; font-weight:700\">Un nettoyage dans le respect de la libert\u00e9 d&rsquo;expression<\/h3>\n<p>Selon la Commission, ce taux moyen de suppression montre que \u00ab\u00a0<em>les plates-formes continuent de respecter la libert\u00e9 d&rsquo;expression et \u00e9vitent de supprimer les contenus susceptibles de ne pas \u00eatre consid\u00e9r\u00e9s comme des discours de haine ill\u00e9gaux\u00a0<\/em>\u00bb. Un \u00e9quilibre difficile \u00e0 tenir,<a href=\"https:\/\/www.01net.com\/actualites\/pourquoi-le-conseil-constitutionnel-a-censure-la-loi-avia-contre-la-haine-en-ligne-1936107.html\" target=\"_blank\" rel=\"noopener noreferrer\"> dont la loi Avia vient de faire les frais<\/a>\u00a0en France.\u00a0<\/p>\n<p>En outre, pr\u00e9s de 67 % des signalements font l\u2019objet d\u2019une r\u00e9ponse de la part des plates-formes aux utilisateurs. Cependant, \u00ab\u00a0<em>seul Facebook informe syst\u00e9matiquement les utilisateurs,\u00a0toutes les autres plates-formes doivent am\u00e9liorer leurs r\u00e9sultats<\/em>\u00a0\u00bb, analyse la Commission dans son communiqu\u00e9.\u00a0<\/p>\n<aside class=\"bg-color-0 padding-inside-all-s bloc border-s\">\n<h4 class=\"box-txt-normal\">\n<p><strong>\u00c0 d\u00e9couvrir aussi en vid\u00e9o<\/strong><\/p>\n<\/h4>\n<\/aside>\n<p>Malgr\u00e9 ces chiffres encourageants,\u00a0 \u00ab\u00a0<em>les plates-formes doivent encore am\u00e9liorer la transparence et le retour d&rsquo;information aux utilisateurs\u00a0<\/em>\u00bb, rappelle l\u2019ex\u00e9cutif europ\u00e9en.<\/p>\n<h3 style=\"color:#333;font-family:arial,helvetica,sans-serif;font-size:23px;font-weight:700;\">Qui est responsable ?\u00a0<\/h3>\n<blockquote>\n<p>\u00ab <em>Le code de conduite reste un exemple de r\u00e9ussite pour lutter contre les discours de haine ill\u00e9gaux en ligne. Il a permis des am\u00e9liorations qui \u00e9taient urgentes tout en respectant pleinement les droits fondamentaux<\/em>\u00a0\u00bb, a d\u00e9clar\u00e9 V\u011bra Jourov\u00e1, vice-pr\u00e9sidente charg\u00e9e des Valeurs et de la Transparence. \u00ab\u00a0<em>Il est temps \u00e0 pr\u00e9sent<\/em> [\u2026] <em>de clarifier, sur le plan l\u00e9gislatif, les responsabilit\u00e9s des plates-formes afin de garantir aux utilisateurs une plus grande s\u00e9curit\u00e9 en ligne. Ce qui est illicite hors ligne l&rsquo;est aussi en ligne.<\/em> \u00bb<\/p>\n<\/blockquote>\n<p>Pour rem\u00e9dier \u00e0 la prolif\u00e9ration des discours de haine \u00e0 caract\u00e8re raciste et x\u00e9nophobe en ligne, la Commission europ\u00e9enne et quatre grandes entreprises des technologies de l&rsquo;information (Facebook, Microsoft, Twitter et YouTube) ont pr\u00e9sent\u00e9 le\u00a031\u00a0mai\u00a02016 ce <a href=\"https:\/\/ec.europa.eu\/info\/policies\/justice-and-fundamental-rights\/combatting-discrimination\/racism-and-xenophobia\/eu-code-conduct-countering-illegal-hate-speech-online_en\" target=\"_blank\" rel=\"noopener noreferrer\">Code de conduite visant \u00e0 combattre les discours de haine ill\u00e9gaux en ligne<\/a>. Depuis cette date, Instagram, Google, Snapchat, Dailymotion et Jeuxvideo.com ont adh\u00e9r\u00e9 \u00e0 ce Code.<\/p>\n<p><strong>Source<\/strong> : <a href=\"https:\/\/ec.europa.eu\/info\/policies\/justice-and-fundamental-rights\/combatting-discrimination\/racism-and-xenophobia\/eu-code-conduct-countering-illegal-hate-speech-online_en\" target=\"_blank\" rel=\"noopener noreferrer\">Commission europ\u00e9enne<\/a><\/p>\n<\/p><\/div>\n<p><script>\n         !function(f,b,e,v,n,t,s){if(f.fbq)return;n=f.fbq=function()\n         {n.callMethod? n.callMethod.apply(n,arguments):n.queue.push(arguments)}\n         ;if(!f._fbq)f._fbq=n;\n             n.push=n;n.loaded=!0;n.version='2.0';n.queue=[];t=b.createElement(e);t.async=!0;\n             t.src=v;s=b.getElementsByTagName(e)[0];s.parentNode.insertBefore(t,s)}(window,\n                 document,'script','https:\/\/connect.facebook.net\/en_US\/fbevents.js');\n         fbq('init', '1065890633454496');\n         fbq('track', 'PageView');\n     <\/script><br \/>\n<br \/>[ad_2]<br \/>\n<br \/><a href=\"https:\/\/www.01net.com\/actualites\/en-europe-plus-de-70-percent-des-contenus-haineux-en-ligne-sont-supprimes-par-les-geants-du-net-1937535.html\">Source link <\/a><\/p>\n","protected":false},"excerpt":{"rendered":"<p>[ad_1] Alors que la loi fran\u00e7aise contre la cyber-haine vient d&rsquo;\u00eatre censur\u00e9e par le Conseil constitutionnel, la Commission europ\u00e9enne se &hellip; <a href=\"http:\/\/www.affinite.fr\/index.php\/2020\/06\/23\/en-europe-plus-de-70-des-contenus-haineux-en-ligne-sont-supprimes-par-les-geants-du-net\/\" class=\"more-link\">Plus <span class=\"screen-reader-text\">En Europe, plus de 70 % des contenus haineux en ligne sont supprim\u00e9s par les g\u00e9ants du Net\u00a0<\/span> <span class=\"meta-nav\">&rarr;<\/span><\/a><\/p>\n","protected":false},"author":1,"featured_media":4345,"comment_status":"open","ping_status":"open","sticky":false,"template":"","format":"standard","meta":{"_sitemap_exclude":false,"_sitemap_priority":"","_sitemap_frequency":"","footnotes":""},"categories":[1],"tags":[],"class_list":["post-4344","post","type-post","status-publish","format-standard","has-post-thumbnail","hentry","category-tous"],"_links":{"self":[{"href":"http:\/\/www.affinite.fr\/index.php\/wp-json\/wp\/v2\/posts\/4344"}],"collection":[{"href":"http:\/\/www.affinite.fr\/index.php\/wp-json\/wp\/v2\/posts"}],"about":[{"href":"http:\/\/www.affinite.fr\/index.php\/wp-json\/wp\/v2\/types\/post"}],"author":[{"embeddable":true,"href":"http:\/\/www.affinite.fr\/index.php\/wp-json\/wp\/v2\/users\/1"}],"replies":[{"embeddable":true,"href":"http:\/\/www.affinite.fr\/index.php\/wp-json\/wp\/v2\/comments?post=4344"}],"version-history":[{"count":0,"href":"http:\/\/www.affinite.fr\/index.php\/wp-json\/wp\/v2\/posts\/4344\/revisions"}],"wp:featuredmedia":[{"embeddable":true,"href":"http:\/\/www.affinite.fr\/index.php\/wp-json\/wp\/v2\/media\/4345"}],"wp:attachment":[{"href":"http:\/\/www.affinite.fr\/index.php\/wp-json\/wp\/v2\/media?parent=4344"}],"wp:term":[{"taxonomy":"category","embeddable":true,"href":"http:\/\/www.affinite.fr\/index.php\/wp-json\/wp\/v2\/categories?post=4344"},{"taxonomy":"post_tag","embeddable":true,"href":"http:\/\/www.affinite.fr\/index.php\/wp-json\/wp\/v2\/tags?post=4344"}],"curies":[{"name":"wp","href":"https:\/\/api.w.org\/{rel}","templated":true}]}}