{"id":4342,"date":"2020-06-23T09:25:28","date_gmt":"2020-06-23T09:25:28","guid":{"rendered":"https:\/\/www.affinite.fr\/index.php\/2020\/06\/23\/lordinateur-le-plus-puissant-de-la-planete-sappuie-sur-des-processeurs-arm\/"},"modified":"2020-06-23T09:25:28","modified_gmt":"2020-06-23T09:25:28","slug":"lordinateur-le-plus-puissant-de-la-planete-sappuie-sur-des-processeurs-arm","status":"publish","type":"post","link":"http:\/\/www.affinite.fr\/index.php\/2020\/06\/23\/lordinateur-le-plus-puissant-de-la-planete-sappuie-sur-des-processeurs-arm\/","title":{"rendered":"L\u2019ordinateur le plus puissant de la plan\u00e8te s\u2019appuie sur des processeurs ARM"},"content":{"rendered":"<p> [ad_1]<br \/>\n<br \/><img decoding=\"async\" src=\"https:\/\/img.bfmtv.com\/i\/0\/0\/0376\/0f2f32a27e5b33bd9ae5713a21fd.jpg\" \/><\/p>\n<div itemprop=\"articleBody\">\n<p>C\u2019est un moment historique. Pour la premi\u00e8re fois, la premi\u00e8re place du classement\u00a0TOP500 est d\u00e9tenue par un supercalculateur qui fonctionne avec des puces ARM, brisant ainsi le monopole de l\u2019architecture\u00a0x86 dans cette comp\u00e9tition. En occurrence, il s\u2019agit de Fugaku, un monstre de calcul japonais de 415\u00a0p\u00e9taflops construit par le centre de recherche Riken \u00e0 Kobe, sur la base de processeurs Fujitsu\u00a0A64FX. Avec ses 148\u00a0p\u00e9taflops, <a href=\"https:\/\/www.01net.com\/actualites\/les-etats-unis-devoilent-summit-le-supercalculateur-le-plus-puissant-de-la-planete-1468607.html\" target=\"_blank\" rel=\"noopener noreferrer\">Summit<\/a>, la machine d\u2019IBM qui dominait le classement depuis un an, ne pouvait pas lutter et se trouve donc rel\u00e9gu\u00e9e \u00e0 la seconde place.<\/p>\n<p>\u00c9videmment, la soci\u00e9t\u00e9 ARM, qui distribue les licences pour son architecture de processeurs, est aux anges. <em>\u00ab\u00a0Nous sommes incroyablement fiers de voir un supercalculateur ARM de cette envergure prendre vie et remercions Riken et Fujitsu pour leur engagement et leur collaboration. Faire fonctionner le supercalculateur le plus rapide du monde est une \u00e9tape importante que tout notre \u00e9cosyst\u00e8me devrait c\u00e9l\u00e9brer (\u2026)\u00a0\u00bb<\/em>, a d\u00e9clar\u00e9 Ren\u00e9 Haas, pr\u00e9sident d\u2019ARM IP Group.<\/p>\n<aside class=\"bg-color-0 padding-inside-all-s bloc border-s\">\n<h4 class=\"box-txt-normal\">\n<p><b>A d\u00e9couvrir aussi en vid\u00e9o<\/b><\/p>\n<\/h4>\n<\/aside>\n<p>Le choix d\u2019ARM par le centre Riken ne date pas d\u2019hier. C\u2019est en 2016 que l\u2019organisme a d\u00e9cid\u00e9 de mettre ses puces Spark au placard et de partir sur de nouvelles bases. Selon The Register, l\u2019architecture ARM a finalement \u00e9t\u00e9 s\u00e9lectionn\u00e9e en raison de la flexibilit\u00e9 qu\u2019elle a procur\u00e9e aux ing\u00e9nieurs. L\u2019\u00e9conomie d\u2019\u00e9nergie, une caract\u00e9ristique souvent mise en avant pour les processeurs ARM, ne semble pas avoir \u00e9t\u00e9 un facteur d\u00e9cisif. D\u2019ailleurs, ramen\u00e9 au p\u00e9taflops, Fugaku n\u2019est pas plus sobre que son comp\u00e9titeur Summit.<\/p>\n<p>En tous les cas, cette victoire montre bien que les processeurs ARM peuvent servir \u00e0 tout, et ne sont pas d\u00e9di\u00e9s aux seuls \u00e9quipements mobiles. Un autre exemple vient d\u2019\u00eatre donn\u00e9 avec Apple, qui vient d\u2019annoncer la migration de sa gamme d\u2019ordinateurs Mac <a href=\"https:\/\/www.01net.com\/actualites\/apple-annonce-la-transition-vers-ses-puces-apple-silicon-le-futur-des-mac-1937334.html\" target=\"_blank\" rel=\"noopener noreferrer\">vers des puces ARM<\/a>. Serait-ce bient\u00f4t la fin du x86\u00a0?<\/p>\n<p><strong>Sources<\/strong>: <a href=\"https:\/\/www.top500.org\/news\/japan-captures-top500-crown-arm-powered-supercomputer\/\" target=\"_blank\" rel=\"noopener noreferrer\">TOP500<\/a>, <a href=\"https:\/\/www.theregister.com\/2020\/06\/22\/japan_arm_supercomputer_fugaku\/\" target=\"_blank\" rel=\"noopener noreferrer\">The Register<\/a><\/p>\n<\/p><\/div>\n<p><script>\n         !function(f,b,e,v,n,t,s){if(f.fbq)return;n=f.fbq=function()\n         {n.callMethod? n.callMethod.apply(n,arguments):n.queue.push(arguments)}\n         ;if(!f._fbq)f._fbq=n;\n             n.push=n;n.loaded=!0;n.version='2.0';n.queue=[];t=b.createElement(e);t.async=!0;\n             t.src=v;s=b.getElementsByTagName(e)[0];s.parentNode.insertBefore(t,s)}(window,\n                 document,'script','https:\/\/connect.facebook.net\/en_US\/fbevents.js');\n         fbq('init', '1065890633454496');\n         fbq('track', 'PageView');\n     <\/script><br \/>\n<br \/>[ad_2]<br \/>\n<br \/><a href=\"https:\/\/www.01net.com\/actualites\/l-ordinateur-le-plus-puissant-de-la-planete-s-appuie-sur-des-processeurs-arm-1937517.html\">Source link <\/a><\/p>\n","protected":false},"excerpt":{"rendered":"<p>[ad_1] C\u2019est un moment historique. Pour la premi\u00e8re fois, la premi\u00e8re place du classement\u00a0TOP500 est d\u00e9tenue par un supercalculateur qui &hellip; <a href=\"http:\/\/www.affinite.fr\/index.php\/2020\/06\/23\/lordinateur-le-plus-puissant-de-la-planete-sappuie-sur-des-processeurs-arm\/\" class=\"more-link\">Plus <span class=\"screen-reader-text\">L\u2019ordinateur le plus puissant de la plan\u00e8te s\u2019appuie sur des processeurs ARM<\/span> <span class=\"meta-nav\">&rarr;<\/span><\/a><\/p>\n","protected":false},"author":1,"featured_media":4343,"comment_status":"open","ping_status":"open","sticky":false,"template":"","format":"standard","meta":{"_sitemap_exclude":false,"_sitemap_priority":"","_sitemap_frequency":"","footnotes":""},"categories":[1],"tags":[],"class_list":["post-4342","post","type-post","status-publish","format-standard","has-post-thumbnail","hentry","category-tous"],"_links":{"self":[{"href":"http:\/\/www.affinite.fr\/index.php\/wp-json\/wp\/v2\/posts\/4342"}],"collection":[{"href":"http:\/\/www.affinite.fr\/index.php\/wp-json\/wp\/v2\/posts"}],"about":[{"href":"http:\/\/www.affinite.fr\/index.php\/wp-json\/wp\/v2\/types\/post"}],"author":[{"embeddable":true,"href":"http:\/\/www.affinite.fr\/index.php\/wp-json\/wp\/v2\/users\/1"}],"replies":[{"embeddable":true,"href":"http:\/\/www.affinite.fr\/index.php\/wp-json\/wp\/v2\/comments?post=4342"}],"version-history":[{"count":0,"href":"http:\/\/www.affinite.fr\/index.php\/wp-json\/wp\/v2\/posts\/4342\/revisions"}],"wp:featuredmedia":[{"embeddable":true,"href":"http:\/\/www.affinite.fr\/index.php\/wp-json\/wp\/v2\/media\/4343"}],"wp:attachment":[{"href":"http:\/\/www.affinite.fr\/index.php\/wp-json\/wp\/v2\/media?parent=4342"}],"wp:term":[{"taxonomy":"category","embeddable":true,"href":"http:\/\/www.affinite.fr\/index.php\/wp-json\/wp\/v2\/categories?post=4342"},{"taxonomy":"post_tag","embeddable":true,"href":"http:\/\/www.affinite.fr\/index.php\/wp-json\/wp\/v2\/tags?post=4342"}],"curies":[{"name":"wp","href":"https:\/\/api.w.org\/{rel}","templated":true}]}}