{"id":4324,"date":"2020-06-23T00:08:12","date_gmt":"2020-06-23T00:08:12","guid":{"rendered":"https:\/\/www.affinite.fr\/index.php\/2020\/06\/23\/apple-annonce-la-transition-vers-ses-puces-apple-silicon-le-futur-des-mac\/"},"modified":"2020-06-23T00:08:12","modified_gmt":"2020-06-23T00:08:12","slug":"apple-annonce-la-transition-vers-ses-puces-apple-silicon-le-futur-des-mac","status":"publish","type":"post","link":"http:\/\/www.affinite.fr\/index.php\/2020\/06\/23\/apple-annonce-la-transition-vers-ses-puces-apple-silicon-le-futur-des-mac\/","title":{"rendered":"Apple annonce la transition vers ses puces Apple Silicon, le futur des Mac"},"content":{"rendered":"<p> [ad_1]<br \/>\n<\/p>\n<div itemprop=\"articleBody\">\n<p>Un \u00ab\u00a0<em>jour historique<\/em>\u00a0\u00bb, le jour o\u00f9 \u00ab\u00a0<em>les Mac ont atteint un nouveau niveau<\/em>\u00a0\u00bb, \u00ab\u00a0<em>un \u00e9norme bond en avant pour les Mac<\/em>\u00a0\u00bb, les formules choc\u00a0n\u2019ont pas manqu\u00e9 pendant la keynote d\u2019Apple pour souligner l\u2019importance de la plus grosse annonce de cette conf\u00e9rence en ligne. Les Mac viennent bel et bien d\u2019entamer leur transhumance vers des puces ARM, d\u00e9velopp\u00e9es en interne par les ing\u00e9nieurs d\u2019Apple. Cette nouvelle famille de SoC a un nom\u00a0: Apple Silicon. Une nouvelle \u00e9tape dans l\u2019int\u00e9gration entre logiciel et mat\u00e9riel.<\/p>\n<figure class=\"figure text-center\"><img decoding=\"async\" class=\"article-img img-responsive-l\" src=\"https:\/\/img.bfmtv.com\/c\/1920\/1200\/8c9\/b4ae3df598eb1be15c5186139c922.png\" alt=\"\"\/><figcaption class=\"figure-caption figcaption color-txt-0 title-xs hidden-xs\"\/><\/figure>\n<h3 style=\"color:#333;font-family:arial,helvetica,sans-serif;font-size:23px;font-weight:700;\"><strong>Le rappel de progr\u00e8s colossaux\u2026 <\/strong><\/h3>\n<p style=\"color:#333;font-family:arial,helvetica,sans-serif;font-size:18px;\">Johny Srouji, senior vice-pr\u00e9sident (SVP) des technologies mat\u00e9rielles d\u2019Apple, qui supervise le d\u00e9veloppement des puces qui animent les iPhone et les iPad depuis des ann\u00e9es, a tenu a remettre en perspective avec quelques chiffres les progr\u00e8s des puces maison. Au cours de leur histoire et au fil de dix g\u00e9n\u00e9rations de puces, les performances des processeurs des iPhone ont \u00e9t\u00e9 multipli\u00e9es par\u2026 100. L\u2019arriv\u00e9e des \u00e9crans Retina sur les iPad a oblig\u00e9 les \u00e9quipes d\u2019Apple \u00e0 doper les performances graphiques des tablettes. Entre le premier iPad et le dernier lanc\u00e9, les performances graphiques ont \u00e9t\u00e9 multipli\u00e9es par\u2026 1000, en dix ans. Des gains incroyables, avec toujours \u00e0 la cl\u00e9, un \u00e9l\u00e9ment central le rapport de performance par watt. Autrement dit la puissance d\u00e9ploy\u00e9e en rapport de la consommation d\u2019\u00e9nergie requise. Car les puces d\u2019Apple ont \u00e9t\u00e9 con\u00e7ues d\u00e8s le d\u00e9part pour des appareils mobiles.<\/p>\n<figure class=\"figure text-center\"><img decoding=\"async\" class=\"article-img img-responsive-l\" src=\"https:\/\/img.bfmtv.com\/c\/1920\/1200\/6af\/22353b42b23b74a53a8aa571fa4a2.png\" alt=\"\"\/><figcaption class=\"figure-caption figcaption color-txt-0 title-xs hidden-xs\"\/><\/figure>\n<h3 style=\"color:#333; font-family:arial,helvetica,sans-serif; font-size:23px; font-weight:700\"><strong>\u2026 et la promesse d\u2019un avenir radieux<\/strong><\/h3>\n<p>Pour Johny Srouji, ces nouvelles puces vont apporter aux Mac un tout nouveau niveau de performances, tout en consommant moins que les puces Intel actuelles. Mais la puissance n\u2019est qu\u2019une partie de la promesse. Pour ses puces ARM, Apple a d\u00e9velopp\u00e9 de nombreuses fonctionnalit\u00e9s. On pense, notamment, \u00e0 l\u2019optimisation de la consommation d\u2019\u00e9nergie, \u00e0 la Secure Enclave, qui s\u00e9curise l\u2019acc\u00e8s aux donn\u00e9es stock\u00e9es sur l\u2019appareil. Mais il y a aussi l\u2019int\u00e9gration de r\u00e9seaux neuronaux pour faciliter l\u2019application d\u2019algorithmes venus du machine learning ou encore les performances obtenues pour l\u2019\u00e9dition de flux vid\u00e9o 4K.<\/p>\n<p>D\u2019autant qu\u2019Apple indique clairement qu\u2019il a commenc\u00e9 \u00e0 d\u00e9velopper des puces sp\u00e9cifiquement pour ses Mac. Il ne se contentera pas de reprendre les puces produites pour les iPad, comme on l\u2019a vu pendant une d\u00e9monstration. Bref, les Mac embarquant des puces Apple Silicon ont donc de beaux atours\u2026<\/p>\n<aside class=\"bg-color-0 padding-inside-all-s bloc border-s\">\n<h4 class=\"box-txt-normal\">\n<p><strong>A d\u00e9couvrir aussi en vid\u00e9o<\/strong><\/p>\n<\/h4>\n<\/aside>\n<h3 style=\"color:#333; font-family:arial,helvetica,sans-serif; font-size:23px; font-weight:700\"><strong>Une transition en douceur\u00a0?<\/strong><\/h3>\n<p>Mais, \u00e9videmment pour que ces nouvelles puces aient un sens, il est n\u00e9cessaire que des logiciels fonctionnent sur les Mac qui les int\u00e9greront. Sur ce point, Craig Federighi, SVP logiciel, s\u2019est voulu tr\u00e8s rassurant.<br \/>Tout d\u2019abord, macOS Big Sur, la nouvelle it\u00e9ration du syst\u00e8me d\u2019exploitation des Mac, fonctionne d\u00e9j\u00e0 sur ARM.<br \/>Ensuite, toutes les applications d\u2019Apple, qu\u2019elles soient grand public ou pro, sont d\u00e9j\u00e0 port\u00e9es pour fonctionner sur ces nouvelles puces. Elles tourneront nativement, pour profiter pleinement des performances de ces nouvelles puces.<br \/>Enfin, Apple doit penser au reste de son \u00e9cosyst\u00e8me logiciel. Une nouvelle version de Xcode est disponible pour les d\u00e9veloppeurs afin de leur permettre de porter facilement leurs programmes. Craig Federighi promet qu\u2019une vaste majorit\u00e9 des d\u00e9veloppeurs pourront adapter leurs applications tr\u00e8s facilement, d\u2019une simple recompilation \u00e0 quelques jours de travail. Une promesse qui rappelle celle faite pour Catalyst, qui devait faciliter l\u2019adaptation d\u2019une application iPad au Mac, avec un succ\u00e8s mitig\u00e9 en r\u00e9alit\u00e9. Il faudra voir ce qu\u2019en disent les d\u00e9veloppeurs.<\/p>\n<p>Apple introduit aussi Universal 2 (les applications universelles ayant fait leur apparition au moment du passage aux puces Intel), de nouveaux binaires pour distribuer les applications, qui seront compatibles avec les puces Intel et Apple. Microsoft travaille d\u00e9j\u00e0 \u00e0 porter Office, tandis qu\u2019Adobe adapte Photoshop et ses autres outils.<\/p>\n<figure class=\"figure text-center\"><img decoding=\"async\" class=\"article-img img-responsive-l\" src=\"https:\/\/img.bfmtv.com\/c\/0\/708\/d0fea\/a76742951805ae1a7aca76d7f31.png\" alt=\"\"\/><figcaption class=\"figure-caption figcaption color-txt-0 title-xs hidden-xs\">\n                                    01net.com<br \/>\n                                                    &#8211; Applications Universal 2, Rosetta 2 et la possibilit\u00e9 de faire tourner nativement des applications iOS ou iPadOS sur macOS. Apple veut s&rsquo;assurer que vous ne manquerez pas de programmes sur ses futurs Mac.<br \/>\n                            <\/figcaption><\/figure>\n<p>Au-del\u00e0 de la facilit\u00e9 qu\u2019auront les d\u00e9veloppeurs d\u00e9sormais \u00e0 cr\u00e9er une application qui tournera sur tous les appareils Apple, du Mac \u00e0 l\u2019iPhone en passant par l\u2019iPad, ces nouveaux Mac apportent une bonne surprise\u00a0: la possibilit\u00e9 de faire tourner des applications iOS et iPadOS directement sur macOS.<\/p>\n<p>Evidemment, Apple a \u00e9galement pr\u00e9vu le cas des logiciels macOS qui ne seront pas adapt\u00e9s imm\u00e9diatement. Pour cela, il y aura Rosetta 2, un outil qui convertit les applications lors de leur installation, afin qu\u2019elles soient les plus rapides possibles. Une fois encore, ceux qui ont utilis\u00e9 le premier Rosetta se souviennent des promesses et de la r\u00e9alit\u00e9. Soyons donc patients et prudents. De m\u00eame, attendons de voir ce que donnera l\u2019outil de virtualisation int\u00e9gr\u00e9 \u00e0 Big Sur qui devrait permettre de faire fonctionner d\u2019autres syst\u00e8mes d\u2019exploitation sur les Mac ARM, comme Linux ou Windows.<\/p>\n<p>Pour amorcer cette transition, Apple commence par les d\u00e9veloppeurs et met \u00e0 disposition un Developer Transition Kit mat\u00e9riel, disponible d\u00e8s cette semaine. Il s\u2019agit d\u2019un Mac mini, \u00e9quip\u00e9 d\u2019une puce A12Z, celle pr\u00e9sente dans les derniers iPad Pro. Pour le grand public, les premiers Mac ARM arriveront en fin d\u2019ann\u00e9e.<\/p>\n<p>Prudent, Apple annonce que la transition durera deux ans, et que les Mac Intel sont encore l\u00e0 pour durer. D\u2019ailleurs de nouveaux Mac Intel sont attendus prochainement, expliquait Tim Cook. On est curieux de les voir arriver et de les tester, bien s\u00fbr, mais on sait d\u00e9sormais o\u00f9 est le futur !<\/p>\n<\/p><\/div>\n<p><script>\n         !function(f,b,e,v,n,t,s){if(f.fbq)return;n=f.fbq=function()\n         {n.callMethod? n.callMethod.apply(n,arguments):n.queue.push(arguments)}\n         ;if(!f._fbq)f._fbq=n;\n             n.push=n;n.loaded=!0;n.version='2.0';n.queue=[];t=b.createElement(e);t.async=!0;\n             t.src=v;s=b.getElementsByTagName(e)[0];s.parentNode.insertBefore(t,s)}(window,\n                 document,'script','https:\/\/connect.facebook.net\/en_US\/fbevents.js');\n         fbq('init', '1065890633454496');\n         fbq('track', 'PageView');\n     <\/script><br \/>\n<br \/>[ad_2]<br \/>\n<br \/><a href=\"https:\/\/www.01net.com\/actualites\/apple-annonce-la-transition-vers-ses-puces-apple-silicon-le-futur-des-mac-1937334.html\">Source link <\/a><\/p>\n","protected":false},"excerpt":{"rendered":"<p>[ad_1] Un \u00ab\u00a0jour historique\u00a0\u00bb, le jour o\u00f9 \u00ab\u00a0les Mac ont atteint un nouveau niveau\u00a0\u00bb, \u00ab\u00a0un \u00e9norme bond en avant pour &hellip; <a href=\"http:\/\/www.affinite.fr\/index.php\/2020\/06\/23\/apple-annonce-la-transition-vers-ses-puces-apple-silicon-le-futur-des-mac\/\" class=\"more-link\">Plus <span class=\"screen-reader-text\">Apple annonce la transition vers ses puces Apple Silicon, le futur des Mac<\/span> <span class=\"meta-nav\">&rarr;<\/span><\/a><\/p>\n","protected":false},"author":1,"featured_media":4325,"comment_status":"open","ping_status":"open","sticky":false,"template":"","format":"standard","meta":{"_sitemap_exclude":false,"_sitemap_priority":"","_sitemap_frequency":"","footnotes":""},"categories":[1],"tags":[],"class_list":["post-4324","post","type-post","status-publish","format-standard","has-post-thumbnail","hentry","category-tous"],"_links":{"self":[{"href":"http:\/\/www.affinite.fr\/index.php\/wp-json\/wp\/v2\/posts\/4324"}],"collection":[{"href":"http:\/\/www.affinite.fr\/index.php\/wp-json\/wp\/v2\/posts"}],"about":[{"href":"http:\/\/www.affinite.fr\/index.php\/wp-json\/wp\/v2\/types\/post"}],"author":[{"embeddable":true,"href":"http:\/\/www.affinite.fr\/index.php\/wp-json\/wp\/v2\/users\/1"}],"replies":[{"embeddable":true,"href":"http:\/\/www.affinite.fr\/index.php\/wp-json\/wp\/v2\/comments?post=4324"}],"version-history":[{"count":0,"href":"http:\/\/www.affinite.fr\/index.php\/wp-json\/wp\/v2\/posts\/4324\/revisions"}],"wp:featuredmedia":[{"embeddable":true,"href":"http:\/\/www.affinite.fr\/index.php\/wp-json\/wp\/v2\/media\/4325"}],"wp:attachment":[{"href":"http:\/\/www.affinite.fr\/index.php\/wp-json\/wp\/v2\/media?parent=4324"}],"wp:term":[{"taxonomy":"category","embeddable":true,"href":"http:\/\/www.affinite.fr\/index.php\/wp-json\/wp\/v2\/categories?post=4324"},{"taxonomy":"post_tag","embeddable":true,"href":"http:\/\/www.affinite.fr\/index.php\/wp-json\/wp\/v2\/tags?post=4324"}],"curies":[{"name":"wp","href":"https:\/\/api.w.org\/{rel}","templated":true}]}}