{"id":4306,"date":"2020-06-22T15:17:28","date_gmt":"2020-06-22T15:17:28","guid":{"rendered":"https:\/\/www.affinite.fr\/index.php\/2020\/06\/22\/jenifer-presente-ligati-sa-toute-premiere-collection-deco\/"},"modified":"2020-06-22T15:17:28","modified_gmt":"2020-06-22T15:17:28","slug":"jenifer-presente-ligati-sa-toute-premiere-collection-deco","status":"publish","type":"post","link":"http:\/\/www.affinite.fr\/index.php\/2020\/06\/22\/jenifer-presente-ligati-sa-toute-premiere-collection-deco\/","title":{"rendered":"Jenifer pr\u00e9sente Ligati, sa toute premi\u00e8re collection d\u00e9co"},"content":{"rendered":"<p> [ad_1]<br \/>\n<br \/><img decoding=\"async\" src=\"https:\/\/img-3.journaldesfemmes.fr\/WkgAd0URAgMNVWXS-Jxoy4D_LBE=\/1280x\/smart\/0801d0759c54449991b0dabd3f3fb25a\/ccmcms-jdf\/16584675.jpg\" \/><\/p>\n<p>\n                Passionn\u00e9e de d\u00e9coration, la chanteuse et actrice Jenifer s&rsquo;est inspir\u00e9e de ses racines corses pour imaginer Ligati. Une collection d&rsquo;objets et d&rsquo;accessoires de d\u00e9coration qu&rsquo;elle vous invite \u00e0 d\u00e9couvrir \u00e0 Paris, d\u00e8s la rentr\u00e9e.            <\/p>\n<div>\n<p>On la connaissait chanteuse,\u00a0com\u00e9dienne et\u00a0maman \u00e9panouie\u00a0mais son attrait pour la d\u00e9coration \u00e9tait encore un\u00a0secret.\u00a0En septembre prochain, il en sera tout autre puisque, \u00e0 l&rsquo;occasion\u00a0d&rsquo;un pop-up store, <a href=\"https:\/\/www.journaldesfemmes.fr\/people\/personnalites\/2560164-jenifer\/\" title=\"Jenifer\">Jenifer<\/a> l\u00e8vera le voile sur une collection d\u00e9co sobrement baptis\u00e9e\u00a0Ligati &#8211;\u00a0\u00ab\u00a0li\u00e9s\u00a0\u00bb en corse.\u00a0<\/p>\n<blockquote>\n<p><i>\u00ab\u00a0Depuis toujours, j&rsquo;aime chiner dans les brocantes, les march\u00e9s et antiquaires, pour d\u00e9nicher des objets de d\u00e9coration si singuliers, charg\u00e9s d&rsquo;histoires et de petits bouts d&rsquo;\u00e2me\u00a0\u00bb<\/i>\u00a0<\/p>\n<\/blockquote>\n<p>De son attachement tr\u00e8s fort \u00e0\u00a0l&rsquo;Ile de Beaut\u00e9 qui a vu na\u00eetre sa maman et au\u00a0Vieux Nice\u00a0o\u00f9 elle est n\u00e9e et a grandi, <strong>Jenifer a puis\u00e9 l&rsquo;inspiration dans ses\u00a0souvenirs d&rsquo;enfance comme dans ses voyages aux quatre coins du globe<\/strong>,\u00a0des march\u00e9s du Gabon aux souks de Marrakech.\u00a0R\u00e9sultat ?\u00a0Une collection haute en couleurs\u00a0qui n&rsquo;aurait pu voir le jour sans l&rsquo;aide pr\u00e9cieuse des fondatrices de la marque\u00a0Exsud, Charlotte Esquenet et Anne-Julie Entremont, avec lesquelles\u00a0l&rsquo;artiste l&rsquo;a imagin\u00e9e.\u00a0<\/p>\n<h2>Ligati par Jenifer, une collection d\u00e9co sous influences m\u00e9diterran\u00e9ennes\u00a0<\/h2>\n<aside id=\"NL_1842712419\" class=\"newsletter_subscription jNlBlock\"><noscript><br \/>\n            <\/noscript><\/p>\n<h3 class=\"newsletter_subscription-title\">Newsletter <\/h3>\n<p><a href=\"\/\/mailing.ccmbg.com\/archive\/last-85\" target=\"_blank\" class=\"a_hover\" rel=\"noopener noreferrer\">Voir un exemple<\/a><\/p>\n<\/aside>\n<p>Empreinte de nostalgie, Ligati se composera de\u00a0lampes d&rsquo;appoint, coussins,\u00a0photophores, plaids,\u00a0tabourets,\u00a0poufs,\u00a0cadres photos et j&rsquo;en passe et des meilleurs.\u00a0Les <strong>mati\u00e8res\u00a0nobles comme naturelles <\/strong>seront au rendez-vous avec\u00a0des pi\u00e8ces m\u00e9tallis\u00e9es, laqu\u00e9es et dor\u00e9es, pour mieux\u00a0capter\u00a0la lumi\u00e8re et\u00a0la r\u00e9fl\u00e9chir.\u00a0C\u00f4t\u00e9 couleurs, la palette s&rsquo;\u00e9tendra des\u00a0bleus clairs aux\u00a0turquoises, qui ne seront pas sans rappeler les\u00a0eaux cristallines du Sud de la France, jusqu&rsquo;\u00e0 l&rsquo;orange corail et au <a href=\"https:\/\/deco.journaldesfemmes.fr\/tendance-deco\/2643744-rose-poudre\/\" target=\"_blank\" rel=\"noopener noreferrer\">rose poudr\u00e9<\/a>,\u00a0sans oublier\u00a0du vert, clin d\u2019\u0153il au v\u00e9g\u00e9tal. De quoi\u00a0\u00e9gayer n&rsquo;importe quel\u00a0int\u00e9rieur en mal d&rsquo;originalit\u00e9 et&#8230; l&rsquo;exposer un peu plus au soleil !\u00a0<\/p>\n<p><u><strong>Infos pratiques concernant le\u00a0pop-up store Ligati :\u00a0<\/strong><\/u><\/p>\n<ul>\n<li><strong>O\u00f9 ?<\/strong> A la Joyce Gallery &#8211;\u00a0168\u00a0Galerie de Valois, 75001\u00a0Paris<\/li>\n<li><strong>Quand ?<\/strong> Du 5 au 12 septembre 2020, de 10h \u00e0 19h\u00a0<\/li>\n<li><strong>Sites\u00a0<\/strong>:\u00a0<a href=\"https:\/\/exsud.com\/fr\/\" target=\"_blank\" rel=\"noopener noreferrer\">exsud.com<\/a>\u00a0&#8211; <a href=\"https:\/\/www.instagram.com\/ligatiofficiel\/\" target=\"_blank\" rel=\"noopener noreferrer\">@ligati<\/a>\u00a0<\/li>\n<\/ul>\n<\/div>\n<p><script async defer src=\"https:\/\/platform.instagram.com\/en_US\/embeds.js\"><\/script><br \/>\n<br \/>[ad_2]<br \/>\n<br \/><a href=\"https:\/\/deco.journaldesfemmes.fr\/tendance-deco\/2645249-jenifer-ligati-collection-deco\/\">Source link <\/a><\/p>\n","protected":false},"excerpt":{"rendered":"<p>[ad_1] Passionn\u00e9e de d\u00e9coration, la chanteuse et actrice Jenifer s&rsquo;est inspir\u00e9e de ses racines corses pour imaginer Ligati. Une collection &hellip; <a href=\"http:\/\/www.affinite.fr\/index.php\/2020\/06\/22\/jenifer-presente-ligati-sa-toute-premiere-collection-deco\/\" class=\"more-link\">Plus <span class=\"screen-reader-text\">Jenifer pr\u00e9sente Ligati, sa toute premi\u00e8re collection d\u00e9co<\/span> <span class=\"meta-nav\">&rarr;<\/span><\/a><\/p>\n","protected":false},"author":1,"featured_media":4307,"comment_status":"open","ping_status":"open","sticky":false,"template":"","format":"standard","meta":{"_sitemap_exclude":false,"_sitemap_priority":"","_sitemap_frequency":"","footnotes":""},"categories":[1],"tags":[],"class_list":["post-4306","post","type-post","status-publish","format-standard","has-post-thumbnail","hentry","category-tous"],"_links":{"self":[{"href":"http:\/\/www.affinite.fr\/index.php\/wp-json\/wp\/v2\/posts\/4306"}],"collection":[{"href":"http:\/\/www.affinite.fr\/index.php\/wp-json\/wp\/v2\/posts"}],"about":[{"href":"http:\/\/www.affinite.fr\/index.php\/wp-json\/wp\/v2\/types\/post"}],"author":[{"embeddable":true,"href":"http:\/\/www.affinite.fr\/index.php\/wp-json\/wp\/v2\/users\/1"}],"replies":[{"embeddable":true,"href":"http:\/\/www.affinite.fr\/index.php\/wp-json\/wp\/v2\/comments?post=4306"}],"version-history":[{"count":0,"href":"http:\/\/www.affinite.fr\/index.php\/wp-json\/wp\/v2\/posts\/4306\/revisions"}],"wp:featuredmedia":[{"embeddable":true,"href":"http:\/\/www.affinite.fr\/index.php\/wp-json\/wp\/v2\/media\/4307"}],"wp:attachment":[{"href":"http:\/\/www.affinite.fr\/index.php\/wp-json\/wp\/v2\/media?parent=4306"}],"wp:term":[{"taxonomy":"category","embeddable":true,"href":"http:\/\/www.affinite.fr\/index.php\/wp-json\/wp\/v2\/categories?post=4306"},{"taxonomy":"post_tag","embeddable":true,"href":"http:\/\/www.affinite.fr\/index.php\/wp-json\/wp\/v2\/tags?post=4306"}],"curies":[{"name":"wp","href":"https:\/\/api.w.org\/{rel}","templated":true}]}}