{"id":4304,"date":"2020-06-22T14:54:37","date_gmt":"2020-06-22T14:54:37","guid":{"rendered":"https:\/\/www.affinite.fr\/index.php\/2020\/06\/22\/lapplication-de-contact-tracing-allemande-a-ete-telechargee-plus-de-10-millions-de-fois\/"},"modified":"2020-06-22T14:54:37","modified_gmt":"2020-06-22T14:54:37","slug":"lapplication-de-contact-tracing-allemande-a-ete-telechargee-plus-de-10-millions-de-fois","status":"publish","type":"post","link":"http:\/\/www.affinite.fr\/index.php\/2020\/06\/22\/lapplication-de-contact-tracing-allemande-a-ete-telechargee-plus-de-10-millions-de-fois\/","title":{"rendered":"L&rsquo;application de contact tracing allemande a \u00e9t\u00e9 t\u00e9l\u00e9charg\u00e9e plus de 10 millions de fois"},"content":{"rendered":"<p> [ad_1]<br \/>\n<br \/><img decoding=\"async\" src=\"https:\/\/img.bfmtv.com\/i\/0\/0\/9c6\/1bcb7e95c6160baf248811d07c3ae.jpeg\" \/><\/p>\n<div itemprop=\"articleBody\">\n<p>Elle est la derni\u00e8re lanc\u00e9e, mais son lancement est un des meilleurs en <a href=\"https:\/\/www.01net.com\/actualites\/pourquoi-il-ne-faut-pas-telecharger-les-applis-stopcovid-disponibles-sur-l-app-store-et-google-play-1907604.html#content\/contribution\/edit\" target=\"_blank\" rel=\"noopener noreferrer\">Europe<\/a>. Apr\u00e8s une longue phase de d\u00e9veloppement, l\u2019application allemande de\u00a0<a href=\"https:\/\/www.01net.com\/actualites\/anonymat-bluetooth-sur-ios-la-techno-de-l-application-de-tracage-stop-covid-semble-dans-l-impasse-1897321.html#content\/contribution\/edit\" target=\"_blank\" rel=\"noopener noreferrer\">suivi de contacts<\/a> baptis\u00e9e\u00a0<em>Corona-Warn-App<\/em> et d\u00e9velopp\u00e9e par SAP et Deutsche Telekom, a \u00e9t\u00e9 lanc\u00e9e\u00a0ce mardi 16 juin.\u00a0Malgr\u00e9 de vives\u00a0critiques <em>apriori<\/em>, l\u2019application a d\u00e9j\u00e0 remport\u00e9 l&rsquo;adh\u00e9sion de plus de dix millions d&rsquo;Allemands.<\/p>\n<h3 style=\"color:#333; font-family:arial,helvetica,sans-serif; font-size:23px; font-weight:700\">10,6 millions de t\u00e9l\u00e9chargements<\/h3>\n<p>Comme le rapporte la presse allemande, quelques heures apr\u00e8s le lancement, l\u2019application occupait d\u00e9j\u00e0 la premi\u00e8re place dans l\u2019App Store iOS et dans le Google Play Store. Cinq jours apr\u00e8s son lancement officiel, l\u2019Institut Robert Koch a ensuite annonc\u00e9 que l\u2019application avait d\u00e9j\u00e0 \u00e9t\u00e9 t\u00e9l\u00e9charg\u00e9e et install\u00e9e 10,6\u00a0millions de fois &#8211; ce qui repr\u00e9sente environ 13 % des 83 millions d&rsquo;Allemands. Un succ\u00e8s notable.\u00a0<\/p>\n<p>Ces bons chiffres de t\u00e9l\u00e9chargement proviennent principalement des utilisateurs Apple.\u00a0Environ la moiti\u00e9 des\u00a0t\u00e9l\u00e9chargements ont \u00e9t\u00e9 effectu\u00e9s\u00a0dans l\u2019App Store, bien que les iPhone\u00a0ne d\u00e9tiennent qu\u2019environ 25 % du march\u00e9 total. Quelques cinq millions de t\u00e9l\u00e9chargements ont \u00e9t\u00e9 faits sur Android, qui repr\u00e9sente pr\u00e8s de 75 % de tous les smartphones.<\/p>\n<aside class=\"bg-color-0 padding-inside-all-s bloc border-s\">\n<h4 class=\"box-txt-normal\">\n<p><strong>\u00c0 d\u00e9couvrir aussi en vid\u00e9o<\/strong><\/p>\n<\/h4>\n<\/aside>\n<h3 style=\"color:#333; font-family:arial,helvetica,sans-serif; font-size:23px; font-weight:700\">Un protocole bas\u00e9 sur l&rsquo;API Apple-Google<\/h3>\n<p><a href=\"https:\/\/www.01net.com\/actualites\/stopcovid-la-france-prefere-une-solution-nationale-a-celle-d-apple-et-google-1902306.html#content\/contribution\/edit\" target=\"_blank\" rel=\"noopener noreferrer\">Contrairement<\/a> \u00e0 l\u2019application fran\u00e7aise <a href=\"http:\/\/www.01net.com\/actualites\/pourquoi-il-ne-faut-pas-telecharger-les-applis-stopcovid-disponibles-sur-l-app-store-et-google-play-1907604.html#content\/contribution\/edit\" target=\"_blank\" rel=\"noopener noreferrer\">StopCovid<\/a>, <em>Corona-Warn-App<\/em> est bas\u00e9e sur <a href=\"https:\/\/www.01net.com\/actualites\/coronavirus-google-et-apple-s-associent-pour-faciliter-le-tracage-des-malades-via-les-smartphones-1892450.html\" target=\"_blank\" rel=\"noopener noreferrer\">un protocole d\u00e9fini par Apple et Google<\/a>, cens\u00e9 assurer une meilleure confidentialit\u00e9 des donn\u00e9es puisque\u00a0l\u2019historique des informations collect\u00e9es est stock\u00e9 dans le t\u00e9l\u00e9phone et non sur un serveur centralis\u00e9.<\/p>\n<p>StopCovid, d\u00e9velopp\u00e9 par l&rsquo;Inria, avec le soutien de plusieurs entreprises fran\u00e7aises comme <a href=\"https:\/\/www.01net.com\/actualites\/orange-et-withings-rejoignent-le-projet-gouvernemental-d-application-stopcovid-1902338.html\" target=\"_blank\" rel=\"noopener noreferrer\">Orange<\/a>, Capgemini et Dassault Syst\u00e8mes, a \u00e9t\u00e9 t\u00e9l\u00e9charg\u00e9e par environ <a href=\"https:\/\/www.01net.com\/actualites\/l-appli-stopcovid-a-enregistre-17-million-de-telechargements-et-offre-une-utilite-relative-1935980.html\" target=\"_blank\" rel=\"noopener noreferrer\">1,7\u00a0millions de personnes<\/a>, soit environ 2 % de la population fran\u00e7aise, selon le secr\u00e9tariat d\u2019\u00c9tat au Num\u00e9rique. Plus ces applis sont t\u00e9l\u00e9charg\u00e9es, plus elles sont efficaces.\u00a0<\/p>\n<p><strong>Source<\/strong> : <a href=\"https:\/\/www.chip.de\/news\/11-Millionen-Downloads-Corona-Warn-App-wird-zum-Renner_182775013.html\" target=\"_blank\" rel=\"noopener noreferrer\">Chip<\/a>\u00a0et <a href=\"https:\/\/fr.reuters.com\/article\/technologyNews\/idFRKBN23Q1W2-OFRIN\" target=\"_blank\" rel=\"noopener noreferrer\">Reuters<\/a>\u00a0<\/p>\n<\/p><\/div>\n<p><script>\n         !function(f,b,e,v,n,t,s){if(f.fbq)return;n=f.fbq=function()\n         {n.callMethod? n.callMethod.apply(n,arguments):n.queue.push(arguments)}\n         ;if(!f._fbq)f._fbq=n;\n             n.push=n;n.loaded=!0;n.version='2.0';n.queue=[];t=b.createElement(e);t.async=!0;\n             t.src=v;s=b.getElementsByTagName(e)[0];s.parentNode.insertBefore(t,s)}(window,\n                 document,'script','https:\/\/connect.facebook.net\/en_US\/fbevents.js');\n         fbq('init', '1065890633454496');\n         fbq('track', 'PageView');\n     <\/script><br \/>\n<br \/>[ad_2]<br \/>\n<br \/><a href=\"https:\/\/www.01net.com\/actualites\/coronavirus-l-application-de-contact-tracing-allemande-a-ete-telechargee-plus-de-10-millions-de-fois-1937022.html\">Source link <\/a><\/p>\n","protected":false},"excerpt":{"rendered":"<p>[ad_1] Elle est la derni\u00e8re lanc\u00e9e, mais son lancement est un des meilleurs en Europe. Apr\u00e8s une longue phase de &hellip; <a href=\"http:\/\/www.affinite.fr\/index.php\/2020\/06\/22\/lapplication-de-contact-tracing-allemande-a-ete-telechargee-plus-de-10-millions-de-fois\/\" class=\"more-link\">Plus <span class=\"screen-reader-text\">L&rsquo;application de contact tracing allemande a \u00e9t\u00e9 t\u00e9l\u00e9charg\u00e9e plus de 10 millions de fois<\/span> <span class=\"meta-nav\">&rarr;<\/span><\/a><\/p>\n","protected":false},"author":1,"featured_media":4305,"comment_status":"open","ping_status":"open","sticky":false,"template":"","format":"standard","meta":{"_sitemap_exclude":false,"_sitemap_priority":"","_sitemap_frequency":"","footnotes":""},"categories":[1],"tags":[],"class_list":["post-4304","post","type-post","status-publish","format-standard","has-post-thumbnail","hentry","category-tous"],"_links":{"self":[{"href":"http:\/\/www.affinite.fr\/index.php\/wp-json\/wp\/v2\/posts\/4304"}],"collection":[{"href":"http:\/\/www.affinite.fr\/index.php\/wp-json\/wp\/v2\/posts"}],"about":[{"href":"http:\/\/www.affinite.fr\/index.php\/wp-json\/wp\/v2\/types\/post"}],"author":[{"embeddable":true,"href":"http:\/\/www.affinite.fr\/index.php\/wp-json\/wp\/v2\/users\/1"}],"replies":[{"embeddable":true,"href":"http:\/\/www.affinite.fr\/index.php\/wp-json\/wp\/v2\/comments?post=4304"}],"version-history":[{"count":0,"href":"http:\/\/www.affinite.fr\/index.php\/wp-json\/wp\/v2\/posts\/4304\/revisions"}],"wp:featuredmedia":[{"embeddable":true,"href":"http:\/\/www.affinite.fr\/index.php\/wp-json\/wp\/v2\/media\/4305"}],"wp:attachment":[{"href":"http:\/\/www.affinite.fr\/index.php\/wp-json\/wp\/v2\/media?parent=4304"}],"wp:term":[{"taxonomy":"category","embeddable":true,"href":"http:\/\/www.affinite.fr\/index.php\/wp-json\/wp\/v2\/categories?post=4304"},{"taxonomy":"post_tag","embeddable":true,"href":"http:\/\/www.affinite.fr\/index.php\/wp-json\/wp\/v2\/tags?post=4304"}],"curies":[{"name":"wp","href":"https:\/\/api.w.org\/{rel}","templated":true}]}}