{"id":4298,"date":"2020-06-22T11:50:14","date_gmt":"2020-06-22T11:50:14","guid":{"rendered":"https:\/\/www.affinite.fr\/index.php\/2020\/06\/22\/la-marque-oneplus-est-elle-condamnee-a-disparaitre\/"},"modified":"2020-06-22T11:50:14","modified_gmt":"2020-06-22T11:50:14","slug":"la-marque-oneplus-est-elle-condamnee-a-disparaitre","status":"publish","type":"post","link":"http:\/\/www.affinite.fr\/index.php\/2020\/06\/22\/la-marque-oneplus-est-elle-condamnee-a-disparaitre\/","title":{"rendered":"La marque OnePlus est-elle condamn\u00e9e \u00e0 dispara\u00eetre ?"},"content":{"rendered":"<p> [ad_1]<br \/>\n<br \/><img decoding=\"async\" src=\"https:\/\/img.bfmtv.com\/i\/0\/0\/7c5\/64d38ea0f980dd46fc4f04fb47f09.png\" \/><\/p>\n<div itemprop=\"articleBody\">\n<p>Qu&rsquo;arrive-t-il \u00e0 OnePlus ? Tr\u00e8s r\u00e9guli\u00e8rement salu\u00e9e pour l&rsquo;excellente qualit\u00e9 de ses produits, la marque chinoise multiplie l&rsquo;envoi de signaux n\u00e9gatifs ces derniers temps. Quelques jours apr\u00e8s avoir lanc\u00e9 ses OnePlus 8, elle avait notamment annonc\u00e9 le licenciement\u00a0de nombreux employ\u00e9s\u00a0en Europe, r\u00e9duisant ses effectifs \u00e0 un tout petit nombre. Ce n&rsquo;est pas vraiment en phase avec ses ambitions.\u00a0<\/p>\n<blockquote>\n<p><strong>\u00c0 lire aussi :\u00a0<\/strong><a href=\"https:\/\/www.01net.com\/actualites\/oneplus-licencie-une-grande-partie-de-ses-employes-en-europe-1902315.html\" target=\"_blank\" rel=\"noopener noreferrer\">OnePlus licencie une grande partie de ses employ\u00e9s en Europe<\/a><\/p>\n<\/blockquote>\n<p>Dans un tweet aujourd&rsquo;hui supprim\u00e9, le leaker\u00a0<em>Ice-Universe<\/em>\u00a0annonce que Pete Lau, le co-fondateur et patron de l&rsquo;entreprise, assumera prochainement un r\u00f4le de directeur de l&rsquo;exp\u00e9rience produit chez Oppo, qui appartient au m\u00eame groupe que OnePlus. Tout ceci conforte les th\u00e9ories selon lesquelles BBK Electronics ne veut plus de OnePlus et mise tout sur Oppo.\u00a0<\/p>\n<h3 style=\"color:#333; font-family:arial,helvetica,sans-serif; font-size:23px; font-weight:700\">Oppo, le chouchou de\u00a0BBK\u00a0<\/h3>\n<p>Rien qu&rsquo;au niveau des budgets, BBK Electronics a toujours eu ses pr\u00e9f\u00e9rences. Oppo sponsorise des \u00e9v\u00e9nements plan\u00e9taires comme\u00a0Roland Garros ou Wimbledon quand OnePlus doit se contenter d&rsquo;un tout petit budget, malgr\u00e9 des parts de march\u00e9 plus importantes. Face \u00e0 Oppo et Realme (qui appartient lui aussi \u00e0 BBK), quelle est la place de OnePlus ?\u00a0Aux \u00c9tats-Unis, pays o\u00f9 OnePlus est la seule entit\u00e9 de BBK \u00e0 fonctionner, le maintien de la marque a encore du sens. Mais en Europe, OnePlus nuit au rayonnement d&rsquo;Oppo.<\/p>\n<aside class=\"bg-color-0 padding-inside-all-s bloc border-s\">\n<h4 class=\"box-txt-normal\">\n<p><strong>\u00c0 d\u00e9couvrir aussi en vid\u00e9o :<\/strong><\/p>\n<\/h4>\n<\/aside>\n<p>                Si le retour de Pete Lau chez Oppo se confirme (il avait quitt\u00e9 l&rsquo;entreprise pour lancer OnePlus en 2013), il est fort probable que OnePlus perde en importance au fil des mois qui passent. L&rsquo;arriv\u00e9e d&rsquo;un smartphone milieu de gamme, surnomm\u00e9 OnePlus Z, dans les prochaines semaines pourrait faire du bien \u00e0 l&rsquo;entreprise\u2026 mais comment le vendre avec des \u00e9quipes drastiquement r\u00e9duites ?\u00a0<\/p><\/div>\n<p><script>\n         !function(f,b,e,v,n,t,s){if(f.fbq)return;n=f.fbq=function()\n         {n.callMethod? n.callMethod.apply(n,arguments):n.queue.push(arguments)}\n         ;if(!f._fbq)f._fbq=n;\n             n.push=n;n.loaded=!0;n.version='2.0';n.queue=[];t=b.createElement(e);t.async=!0;\n             t.src=v;s=b.getElementsByTagName(e)[0];s.parentNode.insertBefore(t,s)}(window,\n                 document,'script','https:\/\/connect.facebook.net\/en_US\/fbevents.js');\n         fbq('init', '1065890633454496');\n         fbq('track', 'PageView');\n     <\/script><br \/>\n<br \/>[ad_2]<br \/>\n<br \/><a href=\"https:\/\/www.01net.com\/actualites\/la-marque-oneplus-est-elle-condamnee-a-disparaitre-1937049.html\">Source link <\/a><\/p>\n","protected":false},"excerpt":{"rendered":"<p>[ad_1] Qu&rsquo;arrive-t-il \u00e0 OnePlus ? Tr\u00e8s r\u00e9guli\u00e8rement salu\u00e9e pour l&rsquo;excellente qualit\u00e9 de ses produits, la marque chinoise multiplie l&rsquo;envoi de &hellip; <a href=\"http:\/\/www.affinite.fr\/index.php\/2020\/06\/22\/la-marque-oneplus-est-elle-condamnee-a-disparaitre\/\" class=\"more-link\">Plus <span class=\"screen-reader-text\">La marque OnePlus est-elle condamn\u00e9e \u00e0 dispara\u00eetre ?<\/span> <span class=\"meta-nav\">&rarr;<\/span><\/a><\/p>\n","protected":false},"author":1,"featured_media":4299,"comment_status":"open","ping_status":"open","sticky":false,"template":"","format":"standard","meta":{"_sitemap_exclude":false,"_sitemap_priority":"","_sitemap_frequency":"","footnotes":""},"categories":[1],"tags":[],"class_list":["post-4298","post","type-post","status-publish","format-standard","has-post-thumbnail","hentry","category-tous"],"_links":{"self":[{"href":"http:\/\/www.affinite.fr\/index.php\/wp-json\/wp\/v2\/posts\/4298"}],"collection":[{"href":"http:\/\/www.affinite.fr\/index.php\/wp-json\/wp\/v2\/posts"}],"about":[{"href":"http:\/\/www.affinite.fr\/index.php\/wp-json\/wp\/v2\/types\/post"}],"author":[{"embeddable":true,"href":"http:\/\/www.affinite.fr\/index.php\/wp-json\/wp\/v2\/users\/1"}],"replies":[{"embeddable":true,"href":"http:\/\/www.affinite.fr\/index.php\/wp-json\/wp\/v2\/comments?post=4298"}],"version-history":[{"count":0,"href":"http:\/\/www.affinite.fr\/index.php\/wp-json\/wp\/v2\/posts\/4298\/revisions"}],"wp:featuredmedia":[{"embeddable":true,"href":"http:\/\/www.affinite.fr\/index.php\/wp-json\/wp\/v2\/media\/4299"}],"wp:attachment":[{"href":"http:\/\/www.affinite.fr\/index.php\/wp-json\/wp\/v2\/media?parent=4298"}],"wp:term":[{"taxonomy":"category","embeddable":true,"href":"http:\/\/www.affinite.fr\/index.php\/wp-json\/wp\/v2\/categories?post=4298"},{"taxonomy":"post_tag","embeddable":true,"href":"http:\/\/www.affinite.fr\/index.php\/wp-json\/wp\/v2\/tags?post=4298"}],"curies":[{"name":"wp","href":"https:\/\/api.w.org\/{rel}","templated":true}]}}