{"id":4286,"date":"2020-06-22T05:39:56","date_gmt":"2020-06-22T05:39:56","guid":{"rendered":"https:\/\/www.affinite.fr\/index.php\/2020\/06\/22\/dix-petites-et-grandes-ameliorations-quon-aimerait-voir-debarquer-dans-ios-et-ipados\/"},"modified":"2020-06-22T05:39:56","modified_gmt":"2020-06-22T05:39:56","slug":"dix-petites-et-grandes-ameliorations-quon-aimerait-voir-debarquer-dans-ios-et-ipados","status":"publish","type":"post","link":"http:\/\/www.affinite.fr\/index.php\/2020\/06\/22\/dix-petites-et-grandes-ameliorations-quon-aimerait-voir-debarquer-dans-ios-et-ipados\/","title":{"rendered":"Dix petites et grandes am\u00e9liorations qu\u2019on aimerait voir d\u00e9barquer dans iOS et iPadOS"},"content":{"rendered":"<p> [ad_1]<br \/>\n<\/p>\n<div itemprop=\"articleBody\">\n<p>Quand on pratique r\u00e9guli\u00e8rement des p\u00e9riph\u00e9riques Apple sous iOS ou iPadOS, on est g\u00e9n\u00e9ralement plut\u00f4t satisfait de son exp\u00e9rience d\u2019utilisation. Les produits sont bien finis, et le logiciel est presque toujours \u00e0 la hauteur\u2026 sauf quand il ne l\u2019est pas autant qu\u2019on le voudrait.<\/p>\n<p>On ne parle \u00e9videmment pas des petits plantages, in\u00e9vitables dans le cadre d\u2019une utilisation assidue, mais juste des petits manques, des frustrations qu\u2019on rencontre au fil d\u2019une journ\u00e9e type. Elles sont le reflet de nos habitudes, de nos usages, de nos rencontres et \u00e9changes aussi.<\/p>\n<p>Quoi qu\u2019il en soit, preuve que nous ne sommes pas seuls \u00e0 r\u00eaver : \u00e0 en croire quelques rumeurs, certains des points que nous listons ici pourraient \u00eatre int\u00e9gr\u00e9s dans les prochaines versions d\u2019iOS et d\u2019iPadOS, qui devraient \u00eatre d\u00e9voil\u00e9es lors de la WWDC, qui commence ce soir. Et vous, qu\u2019esp\u00e9rez-vous ? Dites-le nous en commentaire ou sur Facebook et Twitter.<\/p>\n<figure class=\"figure text-center\"><img decoding=\"async\" class=\"article-img img-responsive-l\" src=\"https:\/\/img.bfmtv.com\/c\/0\/708\/ad05e7\/f936f3ee5363c6044fb6710f82.jpg\" alt=\"\"\/><figcaption class=\"figure-caption figcaption color-txt-0 title-xs hidden-xs\"\/><\/figure>\n<h3 style=\"color:#333; font-family:arial,helvetica,sans-serif; font-size:23px; font-weight:700\">1 &#8211; Des mises \u00e0 jour t\u00e9l\u00e9chargeables en 4G, pour plus de libert\u00e9<\/h3>\n<p>Qu\u2019il s\u2019agisse d\u2019un correctif de s\u00e9curit\u00e9 essentiel ou d\u2019une mise \u00e0 jour plus triviale, qui apporte des nouveaut\u00e9s attendues, il est rageant de ne pas pouvoir forcer un t\u00e9l\u00e9chargement quand on n\u2019a pas de connexion Wi-Fi. Certes, les abonnements o\u00f9 la data est illimit\u00e9e sont assez rares, mais Apple devrait laisser cette libert\u00e9 aux utilisateurs, d\u2019agir en son \u00e2me et conscience. Quitte d\u2019ailleurs \u00e0 offrir un suivi plus pr\u00e9cis de la quantit\u00e9 de donn\u00e9es consomm\u00e9es en 3G et 4G aujourd\u2019hui, et en 5G demain.<\/p>\n<h3 style=\"color:#333; font-family:arial,helvetica,sans-serif; font-size:23px; font-weight:700\">2 &#8211; Un mode Picture in Picture, et du vrai multit\u00e2che<\/h3>\n<p>Que ce soit pour continuer \u00e0 regarder une s\u00e9rie ou suivre un appel vid\u00e9o FaceTime, comment est-il possible de ne pas avoir la possibilit\u00e9 de r\u00e9duire cette fen\u00eatre \u00ab vid\u00e9o \u00bb et de la glisser dans un coin de son \u00e9cran d\u2019iPhone pour regarder un mail, chercher une information ou juste s\u2019occuper si mamie est trop bavarde ?\u00a0<\/p>\n<p>Et puisqu\u2019on parle de multit\u00e2che, oui, il nous para\u00eet essentiel qu\u2019Apple poursuive son effort sur le multit\u00e2che en mode PC sur ses iPad. La gestuelle est parfois confuse, le besoin d\u2019un vrai Finder ou \u00ab bureau \u00bb toujours palpable et la facilit\u00e9 de d\u00e9placement des fen\u00eatres d\u2019applications pas toujours au rendez-vous. Sur ce point, macOS est bien plus performant. Allez, on y croit !<\/p>\n<h3 style=\"color:#333; font-family:arial,helvetica,sans-serif; font-size:23px; font-weight:700\">3 &#8211; Un dock de documents dans iPadOS, pour aller plus loin<\/h3>\n<p>L\u2019application Fichiers est une sacr\u00e9e trouvaille. Elle permet d\u2019avoir un ersatz de Finder sur iPadOS et de gagner un temps pr\u00e9cieux en gardant des fichiers sous la main. N\u00e9anmoins, ne serait-il pas g\u00e9nial, en plus d\u2019avoir un dock applicatif, d\u2019avoir \u00e0 port\u00e9e de doigt un dock de documents qu\u2019on puisse invoquer soit avec un raccourci clavier, soit en glissant le doigt depuis un des bords de l\u2019\u00e9cran ? Et pour que la f\u00eate soit parfaite, pourquoi ne pas imaginer un dock scind\u00e9 en deux, avec une premi\u00e8re partie o\u00f9 se trouvent des fichiers communs \u00e0 tous les espaces de travail (quand une ou plusieurs applications sont en pleine \u00e9cran), et une seconde avec des fichiers exclusifs \u00e0 cet espace ?<\/p>\n<aside class=\"bg-color-0 padding-inside-all-s bloc border-s\">\n<h4 class=\"box-txt-normal\">\n<p><strong>A d\u00e9couvrir aussi en vid\u00e9o<\/strong><\/p>\n<\/h4>\n<\/aside>\n<h3 style=\"color:#333; font-family:arial,helvetica,sans-serif; font-size:23px; font-weight:700\">4 \u2013 Un copier-coller mieux g\u00e9r\u00e9 et plus riche<\/h3>\n<p>Sur macOS, il existe des dizaines de petites applications qui permettent de g\u00e9rer, depuis le haut de son \u00e9cran par exemple, un bloc note et des emplacements de copier-coller. On est \u00e9tonn\u00e9 qu\u2019Apple ne s\u2019en soit pas encore saisi, lui qui a toujours su s\u2019inspirer des bonnes id\u00e9es. Quicksilver\/Spotlight, quelqu\u2019un ? Alors que l\u2019iPad monte en puissance du c\u00f4t\u00e9 de la bureautique et de la production en r\u00e8gle g\u00e9n\u00e9rale, pourquoi n\u2019a-t-on pas \u00e0 un gestionnaire de copier-coller facile d\u2019acc\u00e8s, intuitif, qui ne demande pas de compter le nombre de doigts utilis\u00e9s avant de r\u00e9aliser une op\u00e9ration ?<\/p>\n<h3 style=\"color:#333; font-family:arial,helvetica,sans-serif; font-size:23px; font-weight:700\">5 &#8211; Bloquer la mise \u00e0 jour d\u2019une page Web dans Safari, et jouer \u00e0 cache-cache.<\/h3>\n<p>Qu\u2019y a-t-il de plus rageant que d\u2019\u00eatre \u00e0 l\u2019\u00e9tranger, sans data, d\u2019ouvrir une page Web et de voir Safari s\u2019\u00e9vertuer \u00e0 tenter de la recharger alors que justement, tout \u00e9tait encore l\u00e0 sous nos yeux quelques secondes plus t\u00f4t ? La r\u00e9ponse est simple. Rien. Dans ces cas de disette de connexion \u00e0 Internet, l\u2019iPhone ou l\u2019iPad devrait demander \u00e0 l\u2019utilisateur s\u2019il souhaite conserver les donn\u00e9es affich\u00e9es en cache, plut\u00f4t que de tout recharger.<\/p>\n<div data-force-click=\"true\" class=\"bloc\">\n<blockquote class=\"twitter-tweet\">\n<p lang=\"en\" dir=\"ltr\">The new Recorder app uses speech recognition and AI to transcribe lectures, meetings, interviews and more\u2014and makes them easy for you to find later. (English only right now, with more languages to come.) <a href=\"https:\/\/twitter.com\/hashtag\/madebygoogle?src=hash&amp;ref_src=twsrc%5Etfw\">#madebygoogle<\/a> <a href=\"https:\/\/t.co\/fdKRItuS4b\">pic.twitter.com\/fdKRItuS4b<\/a><\/p>\n<p>\u2014 Google (@Google) <a href=\"https:\/\/twitter.com\/Google\/status\/1184118743087104000?ref_src=twsrc%5Etfw\">October 15, 2019<\/a><\/p><\/blockquote><\/div>\n<h3 style=\"color:#333; font-family:arial,helvetica,sans-serif; font-size:23px; font-weight:700\">6 &#8211; Copier Google et retranscrire une interview en temps r\u00e9el<\/h3>\n<p>Cela pourra sans doute passer pour une demande un peu personnelle, mais bon nombre de journalistes, \u00e9tudiants, voisins qui doivent se farcir la retranscription d\u2019une r\u00e9union de copropri\u00e9t\u00e9, seraient ravis d\u2019avoir une fonction identique \u00e0 celle que Google propose sur certains terminaux Android. Celle qui permet, quand vous lancez un enregistrement, d\u2019obtenir en temps r\u00e9el et au final une retranscription fid\u00e8le de ce qui a \u00e9t\u00e9 dit.<\/p>\n<p>Non seulement ce serait pratique, mais, en vous \u00e9pargnant des heures perdues, \u00e7a aurait un impact direct sur une autre application, celle de suivi de sommeil\u2026<\/p>\n<h3 style=\"color:#333; font-family:arial,helvetica,sans-serif; font-size:23px; font-weight:700\">7 &#8211; Tout l\u2019appareil photo sous la main depuis l\u2019appli<\/h3>\n<p>Avec jusqu\u2019\u00e0 trois objectifs \u00e0 port\u00e9e de main, une panoplie de d\u00e9finitions et de param\u00e8tres longue comme le bras, l\u2019appareil photo d\u2019iOS continue de nous forcer \u00e0 aller faire un tour dans les r\u00e9glages pour changer certains points de configuration.\u00a0<\/p>\n<p>Parce que mamie n\u2019a pas besoin de recevoir une vid\u00e9o en 4K de ses petits-enfants, pourquoi ne pas mettre tous ces r\u00e9glages \u00e0 port\u00e9e de pouces ? Et puisqu\u2019on est l\u00e0, pourquoi ne pas proposer, comme le fait une des applications de Filmic, de tourner avec plusieurs modules en simultan\u00e9 quand on veut s\u2019amuser un peu ?<\/p>\n<figure class=\"figure text-center\"><img decoding=\"async\" class=\"article-img img-responsive-l\" src=\"https:\/\/img.bfmtv.com\/c\/0\/708\/294\/cf0c581dc0bdc113c8fac7f7a7923.jpg\" alt=\"\"\/><figcaption class=\"figure-caption figcaption color-txt-0 title-xs hidden-xs\"\/><\/figure>\n<h3 style=\"color:#333; font-family:arial,helvetica,sans-serif; font-size:23px; font-weight:700\">8 \u2013 Multi-compte ou l\u2019art de d\u00e9brayer en douceur du pro au perso<\/h3>\n<p>Quand on utilise un iPhone ou un iPad personnel \u00e0 des fins professionnelles (ou inversement), on se retrouve souvent confront\u00e9, aux portes des vacances ou du week-end, \u00e0 la tentation ou l\u2019obligation de d\u00e9sactiver une tonne de notifications, des dizaines de comptes, des applications qu\u2019on aimerait bien glisser dans un dossier et oublier (ce qu\u2019on fait parfois), etc.<\/p>\n<p>Pourquoi pas, d\u00e8s lors, \u00e0 l\u2019heure du droit \u00e0 la d\u00e9connexion, \u00e0 celle o\u00f9 Apple nous met sous les yeux le temps que le num\u00e9rique vole \u00e0 nos vies, pourquoi pas donc pr\u00e9voir une sorte de double compte, de fonction qui permettrait d\u2019un coup d\u2019un seul de basculer un iDevice en mode pro ou perso ? Les applications professionnelles s\u2019\u00e9vaporeraient comme par magie, les notifications seraient interrompues jusqu\u2019\u00e0 ce qu\u2019on r\u00e9active le mode pro ou jusqu\u2019\u00e0 ce que l\u2019heure choisie pour la r\u00e9activation vienne. Finis les ap\u00e9ros entre amis le vendredi foutus en l\u2019air parce qu\u2019on voulait regarder le nom d&rsquo;un acteur et qu&rsquo;on s\u2019est retrouv\u00e9 \u00e0 lire un mail pro malvenu\u2026<\/p>\n<figure class=\"figure text-center\"><img decoding=\"async\" class=\"article-img img-responsive-l\" src=\"https:\/\/img.bfmtv.com\/c\/600\/532\/cba\/2ce51584f1342825b4ef3ab945963.jpg\" alt=\"\"\/><figcaption class=\"figure-caption figcaption color-txt-0 title-xs hidden-xs\"\/><\/figure>\n<h3 style=\"color:#333; font-family:arial,helvetica,sans-serif; font-size:23px; font-weight:700\">9 \u2013 Une vraie appli de fitness pour g\u00e9rer toute la sant\u00e9<\/h3>\n<p>Rester en forme peut vite co\u00fbter cher et \u00eatre compliqu\u00e9 quand on aime \u00eatre connect\u00e9 et accompagn\u00e9 par un coach sans forc\u00e9ment aller s\u2019empiler dans quelques m\u00e8tres carr\u00e9s qui sentent la sueur et la vieille poussi\u00e8re. Une appli par-ci, un abonnement par-l\u00e0, il faut souvent en cumuler un ou deux pour faire un point complet.<\/p>\n<p>Alors, on esp\u00e8re qu\u2019Apple va muscler un peu son offre en la mati\u00e8re et proposer des entra\u00eenements basiques, des programmes de remise en forme, avec vid\u00e9o, int\u00e9gration \u00e0 son appli Sant\u00e9 et bien s\u00fbr \u00e0 sa Watch pour ceux qui ont la chance d\u2019en poss\u00e9der une.<\/p>\n<h3 style=\"color:#333; font-family:arial,helvetica,sans-serif; font-size:23px; font-weight:700\">10 &#8211; Une appli Messages qui centralise tout<\/h3>\n<p>R\u00e9sumons. Messages pour les amis qui ont un iPhone. WhatsApp pour la famille. Teams pour le travail. Hangouts pour des vieux potes. Messenger pour deux ou trois irr\u00e9ductibles qui aiment confier leurs donn\u00e9es \u00e0 Facebook\u2026 Et la liste ne s\u2019arr\u00eate pas l\u00e0.\u00a0<\/p>\n<p>Bien s\u00fbr, vous vous en doutez, tout ce petit monde ne respecte pas du tout cette attribution pourtant presque claire, ces canaux de communication ne sont pas \u00e9tanches. Un membre de votre famille peut tout \u00e0 coup vous envoyer un message par Messages ou via Messenger. L\u2019enfer point quand tout \u00e0 coup on veut lui r\u00e9pondre sans se souvenir de l&rsquo;application qui nous a notifi\u00e9\u2026 On passe plus de temps \u00e0 chercher le message qu\u2019\u00e0 y r\u00e9pondre, et on sait que rien ne va plus quand on appelle sur le t\u00e9l\u00e9phone fixe pour r\u00e9gler la question.<\/p>\n<p>Il serait g\u00e9nial qu\u2019Apple centralise tout \u00e7a dans son appli Messages ou ailleurs, mais que ces moyens de communication, cens\u00e9s nous simplifier la vie, le fassent vraiment\u2026<\/p>\n<\/p><\/div>\n<p><script async src=\"http:\/\/platform.twitter.com\/widgets.js\" charset=\"utf-8\"><\/script><script>\n         !function(f,b,e,v,n,t,s){if(f.fbq)return;n=f.fbq=function()\n         {n.callMethod? n.callMethod.apply(n,arguments):n.queue.push(arguments)}\n         ;if(!f._fbq)f._fbq=n;\n             n.push=n;n.loaded=!0;n.version='2.0';n.queue=[];t=b.createElement(e);t.async=!0;\n             t.src=v;s=b.getElementsByTagName(e)[0];s.parentNode.insertBefore(t,s)}(window,\n                 document,'script','https:\/\/connect.facebook.net\/en_US\/fbevents.js');\n         fbq('init', '1065890633454496');\n         fbq('track', 'PageView');\n     <\/script><br \/>\n<br \/>[ad_2]<br \/>\n<br \/><a href=\"https:\/\/www.01net.com\/actualites\/dix-petites-et-grandes-ameliorations-qu-on-aimerait-voir-debarquer-dans-ios-et-ipados-1936352.html\">Source link <\/a><\/p>\n","protected":false},"excerpt":{"rendered":"<p>[ad_1] Quand on pratique r\u00e9guli\u00e8rement des p\u00e9riph\u00e9riques Apple sous iOS ou iPadOS, on est g\u00e9n\u00e9ralement plut\u00f4t satisfait de son exp\u00e9rience &hellip; <a href=\"http:\/\/www.affinite.fr\/index.php\/2020\/06\/22\/dix-petites-et-grandes-ameliorations-quon-aimerait-voir-debarquer-dans-ios-et-ipados\/\" class=\"more-link\">Plus <span class=\"screen-reader-text\">Dix petites et grandes am\u00e9liorations qu\u2019on aimerait voir d\u00e9barquer dans iOS et iPadOS<\/span> <span class=\"meta-nav\">&rarr;<\/span><\/a><\/p>\n","protected":false},"author":1,"featured_media":4287,"comment_status":"open","ping_status":"open","sticky":false,"template":"","format":"standard","meta":{"_sitemap_exclude":false,"_sitemap_priority":"","_sitemap_frequency":"","footnotes":""},"categories":[1],"tags":[],"class_list":["post-4286","post","type-post","status-publish","format-standard","has-post-thumbnail","hentry","category-tous"],"_links":{"self":[{"href":"http:\/\/www.affinite.fr\/index.php\/wp-json\/wp\/v2\/posts\/4286"}],"collection":[{"href":"http:\/\/www.affinite.fr\/index.php\/wp-json\/wp\/v2\/posts"}],"about":[{"href":"http:\/\/www.affinite.fr\/index.php\/wp-json\/wp\/v2\/types\/post"}],"author":[{"embeddable":true,"href":"http:\/\/www.affinite.fr\/index.php\/wp-json\/wp\/v2\/users\/1"}],"replies":[{"embeddable":true,"href":"http:\/\/www.affinite.fr\/index.php\/wp-json\/wp\/v2\/comments?post=4286"}],"version-history":[{"count":0,"href":"http:\/\/www.affinite.fr\/index.php\/wp-json\/wp\/v2\/posts\/4286\/revisions"}],"wp:featuredmedia":[{"embeddable":true,"href":"http:\/\/www.affinite.fr\/index.php\/wp-json\/wp\/v2\/media\/4287"}],"wp:attachment":[{"href":"http:\/\/www.affinite.fr\/index.php\/wp-json\/wp\/v2\/media?parent=4286"}],"wp:term":[{"taxonomy":"category","embeddable":true,"href":"http:\/\/www.affinite.fr\/index.php\/wp-json\/wp\/v2\/categories?post=4286"},{"taxonomy":"post_tag","embeddable":true,"href":"http:\/\/www.affinite.fr\/index.php\/wp-json\/wp\/v2\/tags?post=4286"}],"curies":[{"name":"wp","href":"https:\/\/api.w.org\/{rel}","templated":true}]}}