{"id":4276,"date":"2020-06-21T08:08:34","date_gmt":"2020-06-21T08:08:34","guid":{"rendered":"https:\/\/www.affinite.fr\/index.php\/2020\/06\/21\/tout-ce-quon-attend-de-la-keynote-dapple\/"},"modified":"2020-06-21T08:08:34","modified_gmt":"2020-06-21T08:08:34","slug":"tout-ce-quon-attend-de-la-keynote-dapple","status":"publish","type":"post","link":"http:\/\/www.affinite.fr\/index.php\/2020\/06\/21\/tout-ce-quon-attend-de-la-keynote-dapple\/","title":{"rendered":"tout ce qu&rsquo;on attend de la keynote d\u2019Apple"},"content":{"rendered":"<p> [ad_1]<br \/>\n<\/p>\n<div itemprop=\"articleBody\">\n<p>Pour sa 31e conf\u00e9rence des d\u00e9veloppeurs, Apple passe au d\u00e9mat\u00e9rialis\u00e9. Covid-19 oblige, la WWDC qui commencera lundi 22 juin, \u00e0 19 heures en France, par une keynote diffus\u00e9e en ligne, notamment sur<a href=\"https:\/\/www.youtube.com\/watch?v=GEZhD3J89ZE\"> YouTube<\/a>, devrait \u00eatre particuli\u00e8rement riche en annonces. Si on se fie aux indiscr\u00e9tions et rumeurs qui occupent le Net depuis quelque temps d\u00e9j\u00e0, Apple pr\u00e9parerait plein de surprises.<\/p>\n<p>Evidemment, les logiciels auront la part belle, avec cinq syst\u00e8mes d\u2019exploitation qui devraient conna\u00eetre une mise \u00e0 jour majeure. On parle \u00e9videmment d\u2019iOS, iPadOS et macOS, principalement, mais \u00e9galement de watchOS et de tvOS sans oublier les nouveaut\u00e9s \u00e0 venir pour le HomePod. Apple pr\u00e9senterait \u00e9galement quelques nouveaut\u00e9s mat\u00e9rielles.<\/p>\n<figure class=\"figure text-center\"><img decoding=\"async\" class=\"article-img img-responsive-l\" src=\"https:\/\/img.bfmtv.com\/c\/0\/708\/b55\/e571fc0f6dfa802213881cd901ce6.jpg\" alt=\"\"\/><figcaption class=\"figure-caption figcaption color-txt-0 title-xs hidden-xs\"\/><\/figure>\n<h3 style=\"color:#333; font-family:arial,helvetica,sans-serif; font-size:23px; font-weight:700\"><strong>D\u2019Intel \u00e0 ARM, quinze ans apr\u00e8s, une nouvelle transition<\/strong><\/h3>\n<p>Cependant, au-del\u00e0 des mises \u00e0 jour de saison, Apple devrait ouvrir un chantier gigantesque cette ann\u00e9e, si les derni\u00e8res r\u00e9v\u00e9lations de Bloomberg s\u2019av\u00e8rent :\u00a0<a href=\"https:\/\/www.01net.com\/actualites\/wwdc-2020-apple-devrait-annoncer-la-transition-de-ses-mac-d-intel-vers-arm-le-22-juin-prochain-1930164.html\">le passage de ses Mac \u00e0 des puces ARM<\/a> en lieu et place des processeurs Intel. Quinze ans apr\u00e8s l\u2019adoption des puces du fondeur de Santa Clara, cette bascule devra s\u2019accompagner d\u2019une petite r\u00e9volution du c\u00f4t\u00e9 des logiciels, avant m\u00eame qu\u2019on connaisse son impact sur les Mac et leur facteur de forme.<\/p>\n<p>Les <a href=\"https:\/\/www.01net.com\/actualites\/apple-devrait-lancer-son-premier-mac-sous-arm-debut-2021-1863738.html\">premiers Mac ARM devraient \u00eatre d\u00e9voil\u00e9s d\u00e9but 2021<\/a> (ou, <a href=\"https:\/\/www.01net.com\/actualites\/les-premiers-mac-a-processeurs-arm-pourraient-arriver-des-la-fin-d-annee-1873584.html\">au plus t\u00f4t, en fin d\u2019ann\u00e9e<\/a>), mais il faut pr\u00e9parer leur arriv\u00e9e avec les d\u00e9veloppeurs.<\/p>\n<p>De nombreuses questions se posent sur les choix technologiques qui ont \u00e9t\u00e9 et vont \u00eatre faits, sur le choix de l\u2019\u00e9mulation \u00e9ventuelle (pour les applications x86, souvenez-vous de Rosetta), de la virtualisation (pour Windows, notamment) ou sur les m\u00e9thodes et outils de d\u00e9veloppement\u00a0qui seront mis \u00e0 disposition des codeurs pour faciliter le passage des applications\u00a0\u00e0 macOS sur ARM (un outil de d\u00e9veloppement, <a href=\"https:\/\/www.01net.com\/actualites\/les-ipad-pourraient-bientot-devenir-de-vraies-machines-de-developpeurs-1897237.html#page\/contribution\/index\">un syst\u00e8me d\u2019\u00e9mulation sur iPad<\/a> ?).<\/p>\n<p>Par ailleurs, sans forc\u00e9ment d\u00e9couvrir les nouveaux Mac, on pourrait peut-\u00eatre d\u00e9j\u00e0 savoir quelles gammes seront les premi\u00e8res concern\u00e9es par ce grand changement. A moins qu\u2019Apple ne nous surprenne et n\u2019emprunte une autre voie entre iPad et Mac, tels que nous les connaissons actuellement.<\/p>\n<figure class=\"figure text-center\"><img decoding=\"async\" class=\"article-img img-responsive-l\" src=\"https:\/\/img.bfmtv.com\/c\/0\/708\/573\/99a1b9b77eb75a31194fcf8d1d2f4.jpg\" alt=\"\"\/><figcaption class=\"figure-caption figcaption color-txt-0 title-xs hidden-xs\"\/><\/figure>\n<h3 style=\"color:#333; font-family:arial,helvetica,sans-serif; font-size:23px; font-weight:700\"><strong>Un iMac\u2026 enfin redesign\u00e9<\/strong><\/h3>\n<p>Si on ne devrait pas voir de Mac ARM d\u00e9voil\u00e9 lors de la conf\u00e9rence d\u2019ouverture de cette WWDC un peu particuli\u00e8re, des rumeurs r\u00e9currentes indiquent qu\u2019Apple pourrait n\u00e9anmoins introduire un <a href=\"https:\/\/www.01net.com\/actualites\/wwdc-2020-apple-pourrait-enfin-introduire-un-imac-redesigne-inspire-de-l-ipad-pro-1930418.html\">nouvel iMac<\/a>. Non seulement mis \u00e0 jour au niveau de ses composants mais aussi, et on avait fini par ne plus y croire, de son design. En l\u2019occurrence, le tout-en-un d\u2019Apple pourrait dire adieu aux grosses bordures de son \u00e9cran et adopter un arri\u00e8re plus rectiligne. Cela fait environ huit ans que rien n\u2019a boug\u00e9 sur ce front, et, ARM ou pas, ce serait une bonne nouvelle de voir arriver un iMac repens\u00e9.<\/p>\n<figure class=\"figure text-center\"><img decoding=\"async\" class=\"article-img img-responsive-l\" src=\"https:\/\/img.bfmtv.com\/c\/0\/708\/0b30402bd\/245bcf58381c16d82221ce9.jpg\" alt=\"\"\/><figcaption class=\"figure-caption figcaption color-txt-0 title-xs hidden-xs\"\/><\/figure>\n<h3 style=\"color:#333; font-family:arial,helvetica,sans-serif; font-size:23px; font-weight:700\">Un nouvel HomePod et des AirTags<\/h3>\n<p>Par ailleurs, sans doute moins probable, certaines rumeurs laissent entendre qu\u2019Apple pourrait profiter de sa WWDC pour introduire les AirTags. Attendus depuis quelques mois d\u00e9j\u00e0, ils permettraient de localiser facilement des objets auxquels ils seraient attach\u00e9s. Pensez-y comme \u00e0 un Localiser mon iPhone mais pour tous les objets du quotidien,\u00a0de votre trousseau de cl\u00e9s \u00e0 votre sac \u00e0 dos en passant par votre \u00e9tui \u00e0 lunettes, par exemple. Ces AirTags pourraient \u00e9galement avoir toute leur place aux c\u00f4t\u00e9s de nouveaux iPhone, ce qui impliquerait alors qu\u2019on ne les verra pas avant le mois de septembre ou octobre prochain.<\/p>\n<p>Apple pourrait aussi introduire un autre produit qu\u2019on attend depuis longtemps, le <a href=\"https:\/\/www.01net.com\/actualites\/en-migrant-son-homepod-sous-tvos-apple-prepare-sa-future-version-mini-1892932.html\">HomePod mini<\/a>. Une version moins co\u00fbteuse et plus compacte de l\u2019<a href=\"https:\/\/www.01net.com\/tests\/test-homepod-les-fans-d-apple-ont-enfin-leur-enceinte-connectee-pas-seulement-pour-le-meilleur-5989.html\">enceinte connect\u00e9e d\u2019Apple<\/a>, lanc\u00e9e en France en juin 2018 et qui n\u2019a pas connu de mise \u00e0 jour mat\u00e9rielle depuis. Ce pourrait \u00eatre une agr\u00e9able surprise pour passer l\u2019\u00e9t\u00e9, surtout si Siri a r\u00e9alis\u00e9 de beaux progr\u00e8s pour \u00eatre plus pertinente et pr\u00e9cise. Le passage r\u00e9cent du HomePod d\u2019iOS \u00e0 tvOS est en tout cas encourageant en ce sens.\u00a0<\/p>\n<figure class=\"figure text-center\"><img decoding=\"async\" class=\"article-img img-responsive-l\" src=\"https:\/\/img.bfmtv.com\/c\/0\/708\/747\/5cd96de25c93626f314f4a3700038.jpg\" alt=\"\"\/><figcaption class=\"figure-caption figcaption color-txt-0 title-xs hidden-xs\"\/><\/figure>\n<h3 style=\"color:#333; font-family:arial,helvetica,sans-serif; font-size:23px; font-weight:700\">iOS et iPadOS 14<\/h3>\n<p>Justement parlons du logiciel d\u00e9sormais. iOS, qui pourrait redevenir iPhoneOS, et son \u00e9volution pour iPad, introduite l\u2019ann\u00e9e derni\u00e8re, iPadOS, vont passer cette ann\u00e9e \u00e0 leur quatorzi\u00e8me it\u00e9ration. On peut esp\u00e9rer que les ing\u00e9nieurs d\u2019Apple continueront \u00e0 d\u00e9velopper des fonctions sp\u00e9cifiques pour iPadOS afin de renforcer son ergonomie et sa facilit\u00e9 d\u2019utilisation en mode \u00ab PC \u00bb.<\/p>\n<p>Quoi qu\u2019il en soit, \u00e0 l\u2019heure actuelle, voici un tour des nouvelles fonctions d\u00e9couvertes dans une version alpha d\u2019iOS 14 datant de fin 2019. La prudence est de mise, il est possible qu\u2019Apple ait chang\u00e9 certaines choses depuis ou d\u00e9cid\u00e9 de ne pas int\u00e9grer toutes les fonctions apr\u00e8s r\u00e9flexion.<\/p>\n<p>La <strong>page d\u2019accueil <\/strong>d\u2019iOS et d\u2019iPadOS pourrait \u00e9voluer fortement et proposer une vue sous forme de liste, qui permettrait de rapidement parcourir les applications install\u00e9es sur l\u2019appareil. Cette option, d\u00e9j\u00e0 propos\u00e9e sur l\u2019Apple Watch, pourrait permettre aux personnes de retrouver rapidement leurs applications par ordre alphab\u00e9tique ou par cat\u00e9gories.<\/p>\n<p><strong>Messages<\/strong>, l\u2019application de SMS\/MMS, qui sert aussi \u00e0 l\u2019envoi des iMessage, devrait conna\u00eetre quelques ajustements fonctionnels. Un syst\u00e8me de mention d\u2019un utilisateur dans une discussion de groupe devrait ainsi faire son apparition (pour, par exemple, mentionner @maman et lui envoyer une notification) et une fonction d\u2019annulation d\u2019un message envoy\u00e9 pourrait aussi \u00eatre ajout\u00e9e. Enfin, une option permettant de marquer un message comme non lu pourrait aussi \u00eatre disponible, au cas o\u00f9 vous ayez ouvert une conversation par erreur et que vous vouliez y r\u00e9pondre plus tard. Idem pour un indicateur de saisie, quand quelqu\u2019un r\u00e9pond \u00e0 une conversation.<\/p>\n<figure class=\"figure text-center\"><img decoding=\"async\" class=\"article-img img-responsive-l\" src=\"https:\/\/img.bfmtv.com\/c\/0\/708\/f47\/51b34c3e2b7371ad7b7a7b4394cb6.jpg\" alt=\"\"\/><figcaption class=\"figure-caption figcaption color-txt-0 title-xs hidden-xs\"\/><\/figure>\n<p>Des<strong> applications tierces <\/strong>pourraient remplacer les programmes install\u00e9s par d\u00e9faut par Apple. Ce pourrait \u00eatre le cas de Mail, Safari ou de l\u2019application Musique. En mettant fin \u00e0 certaines de ses pratiques jug\u00e9es anticoncurrentielles, Apple r\u00e9pondrait \u00e0 de nombreuses critiques.<\/p>\n<p>C\u00f4t\u00e9 <strong>maison connect\u00e9e<\/strong>, l\u2019application <em>Maison<\/em> (qui regroupe tous vos accessoires HomeKit) s\u2019am\u00e9liorerait une nouvelle fois. Les fuites sont pour l\u2019instant tr\u00e8s l\u00e9g\u00e8res, on parle notamment d\u2019un mode Night Shift pour les ampoules connect\u00e9es (qui r\u00e9duirait la quantit\u00e9 de lumi\u00e8re bleue \u00e9mise) et d\u2019un syst\u00e8me de reconnaissance faciale pour les cam\u00e9ras \u00e9ligibles \u00e0 HomeKit Secure Video, ainsi que d\u2019un syst\u00e8me d\u2019enregistrement des vid\u00e9os dans iCloud d\u2019Apple. Il est aussi possible qu\u2019Apple, \u00e0 la tra\u00eene par rapport \u00e0 Google et Amazon, supporte de nouveaux types d\u2019\u00e9quipements.<\/p>\n<p>Une <strong>nouvelle application Podcasts<\/strong> pourrait faire son apparition avec iOS 14. D\u00e9riv\u00e9e d\u2019Apple Music, elle proposerait un onglet <em>Pour Vous,<\/em> charg\u00e9 de vous faire d\u00e9couvrir des contenus adapt\u00e9s \u00e0 vos go\u00fbts.\u00a0<\/p>\n<p>Apple pourrait aussi introduire une appli <strong>Fitness<\/strong>. Comme beaucoup d\u2019applis d\u00e9j\u00e0 disponibles, le programme d\u2019Apple offrirait notamment aux utilisateurs la possibilit\u00e9 de t\u00e9l\u00e9charger des vid\u00e9os d\u2019entra\u00eenement avec un coach adapt\u00e9es aussi bien aux iPhone, iPad, Apple TV et m\u00eame Apple Watch. Le tout serait logiquement synchronis\u00e9 avec l\u2019application <em>Activit\u00e9<\/em> d\u2019Apple.<\/p>\n<p>Une <strong>appli de r\u00e9alit\u00e9 augment\u00e9e <\/strong>pourrait aussi venir enrichir l\u2019offre applicative d\u2019Apple. Elle apporterait davantage d\u2019interactions augment\u00e9es avec la r\u00e9alit\u00e9 et pourrait \u00e9ventuellement \u00eatre un bon moyen de pr\u00e9parer le futur et l\u2019arriv\u00e9e possible des Apple Glass. Elle devrait aussi tirer davantage parti du capteur LiDAR de l\u2019iPad Pro, qui devrait aussi faire son apparition dans les prochains iPhone.<\/p>\n<p>Avec <strong>CarKey<\/strong>, Apple souhaiterait s\u2019immiscer un peu plus dans le domaine de la voiture connect\u00e9e &#8211; pour y pr\u00e9parer son arriv\u00e9e ? Cette fonctionnalit\u00e9 permettrait d\u2019ouvrir une voiture en approchant son iPhone de la porti\u00e8re, gr\u00e2ce au NFC. Bien s\u00fbr, tous les v\u00e9hicules ne seront pas compatibles.<\/p>\n<p>Apple souhaiterait aussi renforcer l\u2019utilit\u00e9 de son <strong>Pencil<\/strong>, en faisant en sorte qu\u2019un utilisateur puisse \u00e9crire \u00e0 la main dans n\u2019importe quel champ de saisie. Son \u00e9criture serait ensuite transform\u00e9e en texte classique avant partage ou envoi.<\/p>\n<p>Enfin, <strong>aucun appareil ne serait abandonn\u00e9<\/strong> avec iOS 14. Selon de multiples rumeurs, les appareils compatibles avec iOS 13 (\u00e0 partir de l\u2019iPhone 6s + iPod touch de 7\u00e8me g\u00e9n\u00e9ration) et iPadOS 13 (tous les iPad Pro + iPad 5, 6 et 7 + iPad mini 5) seront \u00e9ligibles \u00e0 cette nouvelle mise \u00e0 jour\u2026 toujours gratuite, \u00e9videmment.<\/p>\n<figure class=\"figure text-center\"><img decoding=\"async\" class=\"article-img img-responsive-l\" src=\"https:\/\/img.bfmtv.com\/c\/0\/708\/8cd\/3cad87cf4211d729b3d374bb42fae.jpg\" alt=\"\"\/><figcaption class=\"figure-caption figcaption color-txt-0 title-xs hidden-xs\"\/><\/figure>\n<h3 style=\"color:#333; font-family:arial,helvetica,sans-serif; font-size:23px; font-weight:700\">macOS 10.16<\/h3>\n<p>Outre une grande refonte et adaptation aux puces ARM, si la transition vers ces nouvelles puces est officialis\u00e9e, macOS conna\u00eetra \u00e9videmment une s\u00e9rie d\u2019ajouts et d\u2019am\u00e9liorations. Les applications Catalyst (des applications iPad adapt\u00e9es aux Mac) auraient \u00e0 y gagner en tout cas. macOS 10.16 pourrait \u00e9galement voir ses performances optimis\u00e9es et certains bugs corrig\u00e9s.<\/p>\n<p>D\u2019ailleurs, il semblerait qu\u2019Apple travaille \u00e0 une version Catalyst de Messages pour macOS. A ce titre, l\u2019application de messagerie pourrait b\u00e9n\u00e9ficier des m\u00eames nouveaut\u00e9s que celle int\u00e9gr\u00e9e \u00e0 iOS 14.<\/p>\n<p>Par ailleurs, Safari devrait gagner une fonction de traduction int\u00e9gr\u00e9e, tandis que le Trousseau d\u2019acc\u00e8s serait revu dans son int\u00e9gration avec iCloud.<br \/>Comme sur iOS, les applications par d\u00e9faut pourraient aussi \u00eatre remplac\u00e9es plus facilement par des programmes tiers, tr\u00e8s certainement gr\u00e2ce \u00e0 un nouveau gestionnaire dans les Pr\u00e9f\u00e9rences Syst\u00e8me.<br \/>En ce qui concerne le nom du successeur de Catalina, rien n\u2019a pour l\u2019instant fuit\u00e9. Apple choisira-t-il un nouveau paysage californien ou optera-t-il pour une simplification de sa nomenclature, en se contentant d\u2019un num\u00e9ro ?<\/p>\n<figure class=\"figure text-center\"><img decoding=\"async\" class=\"article-img img-responsive-l\" src=\"https:\/\/img.bfmtv.com\/c\/0\/708\/90dcd\/8e3aeca1f31e8cbba1332434b46.jpg\" alt=\"\"\/><figcaption class=\"figure-caption figcaption color-txt-0 title-xs hidden-xs\"\/><\/figure>\n<h3 style=\"color:#333; font-family:arial,helvetica,sans-serif; font-size:23px; font-weight:700\">tvOS 14<\/h3>\n<p>Si l\u2019Apple TV n\u2019a pas \u00e9t\u00e9 mise \u00e0 jour depuis un certain temps (certaines rumeurs mentionnent la pr\u00e9sentation d\u2019une nouvelle g\u00e9n\u00e9ration lundi), son syst\u00e8me d\u2019exploitation pourrait s\u2019enrichir de quelques fonctions pratiques pour faciliter l\u2019exp\u00e9rience de navigation.<\/p>\n<p>La mont\u00e9e en puissance du service Apple TV+ pourrait ainsi avoir des r\u00e9percussions sur l\u2019interface de tvOS et d\u2019\u00e9ventuelles nouvelles fonctions, comme un mode enfant avec un contr\u00f4le parental actif sur tous les services de streaming pourrait faire son apparition.<\/p>\n<p>tvOS servant d\u00e9sormais de base au syst\u00e8me d\u2019exploitation du HomePod, l\u2019enceinte intelligente pourrait \u00e9galement b\u00e9n\u00e9ficier de certaines de ses nouveaut\u00e9s.<\/p>\n<p><strong>Apple ouvrirait enfin un peu\u00a0le HomePod<\/strong> ! Le g\u00e9ant de Cupertino pourrait\u00a0autoriser\u00a0les d\u00e9veloppeurs de services de streaming concurrents comme Spotify ou Deezer \u00e0 fonctionner sur l\u2019enceinte. L\u2019entreprise aurait enfin d\u00e9cid\u00e9 de la d\u00e9verrouiller.<\/p>\n<figure class=\"figure text-center\"><img decoding=\"async\" class=\"article-img img-responsive-l\" src=\"https:\/\/img.bfmtv.com\/c\/0\/708\/834\/a2c7c91784354359931dd818df2b0.jpg\" alt=\"\"\/><figcaption class=\"figure-caption figcaption color-txt-0 title-xs hidden-xs\"\/><\/figure>\n<h3 style=\"color:#333; font-family:arial,helvetica,sans-serif; font-size:23px; font-weight:700\">watchOS 7<\/h3>\n<p>Depuis l\u2019ann\u00e9e derni\u00e8re, l\u2019Apple Watch b\u00e9n\u00e9ficie d\u2019un \u00e9cran toujours allum\u00e9. Ceux qui l\u2019utilisent au quotidien ont certainement rencontr\u00e9 quelques petits moments de frustration. On peut donc esp\u00e9rer que la prochaine \u00e9dition de watchOS permettra par exemple de personnaliser l\u2019affichage <em>always on<\/em>.<\/p>\n<p>On esp\u00e8re aussi une fonction de suivi du sommeil, qui pourrait \u00eatre int\u00e9ressante et plus pr\u00e9cise qu\u2019en passant par les iPhone.<br \/>Enfin, on esp\u00e8re que les complications tierces prendront davantage d\u2019essor avec cette nouvelle mouture de watchOS. Un mode enfant, qui permettrait aux parents de s\u2019assurer que leurs prog\u00e9nitures ne se laissent pas distraire \u00e0 l\u2019\u00e9cole, serait \u00e9galement au programme.<\/p>\n<h3 style=\"color:#333; font-family:arial,helvetica,sans-serif; font-size:23px; font-weight:700\">Services<\/h3>\n<p>L\u2019ann\u00e9e derni\u00e8re a \u00e9t\u00e9 riche en nouveaux services chez Apple, entre <a data-cke-saved-href=\"https:\/\/www.01net.com\/actualites\/apple-arcade-le-service-de-jeux-a-la-demande-arrive-le-19-septembre-1764900.html\" href=\"https:\/\/www.01net.com\/actualites\/apple-arcade-le-service-de-jeux-a-la-demande-arrive-le-19-septembre-1764900.html\">Arcade<\/a> et <a data-cke-saved-href=\"https:\/\/www.01net.com\/actualites\/tout-ce-qu-il-faut-savoir-sur-apple-tv-plus-le-service-de-streaming-a-499-euros-par-mois-1766154.html\" href=\"https:\/\/www.01net.com\/actualites\/tout-ce-qu-il-faut-savoir-sur-apple-tv-plus-le-service-de-streaming-a-499-euros-par-mois-1766154.html\">TV+<\/a>. Cette ann\u00e9e, Apple pourrait acc\u00e9l\u00e9rer les choses et faire en sorte que ces services soient encore plus int\u00e9ressants. Comment ? En cr\u00e9ant une ou plusieurs offres group\u00e9es. C\u2019est en tout cas ce que laissent penser <a data-cke-saved-href=\"https:\/\/www.01net.com\/actualites\/la-beta-d-ios-13-5-5-montre-qu-apple-travaille-sur-un-abonnement-unique-pour-tous-ses-services-1926823.html\" href=\"https:\/\/www.01net.com\/actualites\/la-beta-d-ios-13-5-5-montre-qu-apple-travaille-sur-un-abonnement-unique-pour-tous-ses-services-1926823.html\">certains \u00e9l\u00e9ments de code trouv\u00e9s dans des b\u00eatas d\u2019iOS<\/a>. Ce serait un bon moyen pour les utilisateurs de faire des \u00e9conomies et pour Apple d\u2019augmenter son nombre d\u2019abonn\u00e9s et donc ses revenus.<\/p>\n<figure class=\"figure text-center\"><img decoding=\"async\" class=\"article-img img-responsive-l\" src=\"https:\/\/img.bfmtv.com\/c\/0\/708\/481\/4553e322ef8ca982158ec2d94a1ac.jpg\" alt=\"\"\/><figcaption class=\"figure-caption figcaption color-txt-0 title-xs hidden-xs\"\/><\/figure>\n<h3 style=\"color:#333;font-family:arial,helvetica,sans-serif;font-size:23px;font-weight:700;\"><strong>Une WWDC aux airs de Nintendo Direct ?<\/strong><\/h3>\n<p>Pour suivre la WWDC, rendez-vous lundi \u00e0 19 heures. La conf\u00e9rence sera diffus\u00e9e sur le site d\u2019Apple, l\u2019application Apple TV, YouTube et de nombreux services de streaming chinois. Pand\u00e9mie oblige, aucun journaliste ou d\u00e9veloppeur ne sera pr\u00e9sent sur place ce qui pourrait pousser Apple \u00e0 revoir le format de keynote qu\u2019il a rendu populaire.<br \/>Dans les communiqu\u00e9s d\u2019Apple, aucune phrase ne parle d\u2019un \u00e9v\u00e9nement \u201cen direct\u201d, ce qui laisse penser que la conf\u00e9rence a d\u00e9j\u00e0 \u00e9t\u00e9 enregistr\u00e9e. Reste \u00e0 savoir si Tim Cook fera comme si tout \u00e9tait normal ou si l\u2019entreprise changera de format en adoptant quelque chose de plus dynamique avec diff\u00e9rentes parties \u00e0 diff\u00e9rents endroits. 01net.com vous proposera bien entendu un suivi de toutes les annonces d\u2019Apple.<\/p>\n<\/p><\/div>\n<p><script>\n         !function(f,b,e,v,n,t,s){if(f.fbq)return;n=f.fbq=function()\n         {n.callMethod? n.callMethod.apply(n,arguments):n.queue.push(arguments)}\n         ;if(!f._fbq)f._fbq=n;\n             n.push=n;n.loaded=!0;n.version='2.0';n.queue=[];t=b.createElement(e);t.async=!0;\n             t.src=v;s=b.getElementsByTagName(e)[0];s.parentNode.insertBefore(t,s)}(window,\n                 document,'script','https:\/\/connect.facebook.net\/en_US\/fbevents.js');\n         fbq('init', '1065890633454496');\n         fbq('track', 'PageView');\n     <\/script><br \/>\n<br \/>[ad_2]<br \/>\n<br \/><a href=\"https:\/\/www.01net.com\/actualites\/wwdc-2020-tout-ce-qu-on-attend-de-la-keynote-d-apple-1935899.html\">Source link <\/a><\/p>\n","protected":false},"excerpt":{"rendered":"<p>[ad_1] Pour sa 31e conf\u00e9rence des d\u00e9veloppeurs, Apple passe au d\u00e9mat\u00e9rialis\u00e9. Covid-19 oblige, la WWDC qui commencera lundi 22 juin, &hellip; <a href=\"http:\/\/www.affinite.fr\/index.php\/2020\/06\/21\/tout-ce-quon-attend-de-la-keynote-dapple\/\" class=\"more-link\">Plus <span class=\"screen-reader-text\">tout ce qu&rsquo;on attend de la keynote d\u2019Apple<\/span> <span class=\"meta-nav\">&rarr;<\/span><\/a><\/p>\n","protected":false},"author":1,"featured_media":4277,"comment_status":"open","ping_status":"open","sticky":false,"template":"","format":"standard","meta":{"_sitemap_exclude":false,"_sitemap_priority":"","_sitemap_frequency":"","footnotes":""},"categories":[1],"tags":[],"class_list":["post-4276","post","type-post","status-publish","format-standard","has-post-thumbnail","hentry","category-tous"],"_links":{"self":[{"href":"http:\/\/www.affinite.fr\/index.php\/wp-json\/wp\/v2\/posts\/4276"}],"collection":[{"href":"http:\/\/www.affinite.fr\/index.php\/wp-json\/wp\/v2\/posts"}],"about":[{"href":"http:\/\/www.affinite.fr\/index.php\/wp-json\/wp\/v2\/types\/post"}],"author":[{"embeddable":true,"href":"http:\/\/www.affinite.fr\/index.php\/wp-json\/wp\/v2\/users\/1"}],"replies":[{"embeddable":true,"href":"http:\/\/www.affinite.fr\/index.php\/wp-json\/wp\/v2\/comments?post=4276"}],"version-history":[{"count":0,"href":"http:\/\/www.affinite.fr\/index.php\/wp-json\/wp\/v2\/posts\/4276\/revisions"}],"wp:featuredmedia":[{"embeddable":true,"href":"http:\/\/www.affinite.fr\/index.php\/wp-json\/wp\/v2\/media\/4277"}],"wp:attachment":[{"href":"http:\/\/www.affinite.fr\/index.php\/wp-json\/wp\/v2\/media?parent=4276"}],"wp:term":[{"taxonomy":"category","embeddable":true,"href":"http:\/\/www.affinite.fr\/index.php\/wp-json\/wp\/v2\/categories?post=4276"},{"taxonomy":"post_tag","embeddable":true,"href":"http:\/\/www.affinite.fr\/index.php\/wp-json\/wp\/v2\/tags?post=4276"}],"curies":[{"name":"wp","href":"https:\/\/api.w.org\/{rel}","templated":true}]}}