{"id":4256,"date":"2020-06-19T23:56:36","date_gmt":"2020-06-19T23:56:36","guid":{"rendered":"https:\/\/www.affinite.fr\/index.php\/2020\/06\/19\/lappli-stopcovid-a-enregistre-17-million-de-telechargements-et-offre-une-utilite-relative\/"},"modified":"2020-06-19T23:56:36","modified_gmt":"2020-06-19T23:56:36","slug":"lappli-stopcovid-a-enregistre-17-million-de-telechargements-et-offre-une-utilite-relative","status":"publish","type":"post","link":"http:\/\/www.affinite.fr\/index.php\/2020\/06\/19\/lappli-stopcovid-a-enregistre-17-million-de-telechargements-et-offre-une-utilite-relative\/","title":{"rendered":"L&rsquo;appli StopCovid a enregistr\u00e9 1,7 million de t\u00e9l\u00e9chargements et offre une utilit\u00e9&#8230; \u00abrelative\u00bb"},"content":{"rendered":"<p> [ad_1]<br \/>\n<br \/><img decoding=\"async\" src=\"https:\/\/img.bfmtv.com\/i\/0\/0\/d46\/f196995aa7c48bd2692ca6184963c.jpeg\" \/><\/p>\n<div itemprop=\"articleBody\">\n<p>\u00ab<em>\u00a0Aujourd\u2019hui, au regard de\u00a0la faiblesse de l\u2019\u00e9pid\u00e9mie, l\u2019utilit\u00e9 de l\u2019application StopCovid est relative.<\/em>\u00a0\u00bb Mais, le cabinet du secr\u00e9taire d\u2019\u00c9tat au Num\u00e9rique, C\u00e9dric O, qui communique cette information, tient \u00e0 rappeler que l\u2019appli fran\u00e7aise de <a href=\"https:\/\/www.01net.com\/actualites\/coronavirus-comment-fonctionneront-les-applications-de-contact-tracing-1894812.html#content\/contribution\/edit\" target=\"_blank\" rel=\"noopener noreferrer\">tra\u00e7age des contacts<\/a> peut aussi servir \u00e0 \u00ab\u00a0<em>pr\u00e9venir<\/em>\u00a0\u00bb une reprise potentielle de l&rsquo;\u00e9pid\u00e9mie de Covid-19. Le parall\u00e8le est d\u2019ailleurs fait avec la campagne de d\u00e9pistage\u00a0\u00e0 grande \u00e9chelle dont\u00a0l\u2019utilit\u00e9 est, elle aussi, d\u00e9sormais \u00ab\u00a0<em>relative<\/em>\u00a0\u00bb.\u00a0<\/p>\n<h3 style=\"color:#333; font-family:arial,helvetica,sans-serif; font-size:23px; font-weight:700\">Une hausse des t\u00e9l\u00e9chargements toujours\u00a0\u00ab\u00a0stable\u00a0\u00bb<\/h3>\n<blockquote>\n<p>\u00ab\u00a0<em>Dans cette p\u00e9riode de net recul du Covid-19, que personne n\u2019attendait, l\u2019application sert \u00e0 pr\u00e9venir, et ainsi, elle peut aider \u00e0 ce que l\u2019\u00e9pid\u00e9mie ne reparte pas, notamment en aidant les enqu\u00eateurs \u00e9pid\u00e9miologistes dans les nouveaux clusters<\/em>\u00a0\u00bb, nous pr\u00e9cise-t-on \u00e0 Bercy.<\/p>\n<\/blockquote>\n<p>Les derniers chiffres datent du\u00a0mercredi 17 juin. A\u00a0ce jour, 1,7 million de Fran\u00e7ais ont t\u00e9l\u00e9charg\u00e9 et activ\u00e9 StopCovid sur leur smartphone &#8211; soit environ 2 % de la population. \u00ab\u00a0<em>Ces derniers jours, les t\u00e9l\u00e9chargements continuent de progresser. La courbe reste stable<\/em>\u00a0\u00bb, nous assure-t-on.<\/p>\n<p>D\u00e8s la date de lancement de l\u2019appli, le 2 juin, l\u2019application a \u00e9t\u00e9 t\u00e9l\u00e9charg\u00e9e 600\u00a0000\u00a0fois. Cinq\u00a0jours plus tard, le secr\u00e9tariat d\u2019\u00c9tat au Num\u00e9rique a recens\u00e9 <a href=\"https:\/\/www.01net.com\/actualites\/l-application-stopcovid-a-ete-activee-13-million-de-fois-1929122.html?fbclid=IwAR2zwF6uakf8Nu7XRErYHL9OhI4EhEAiG7nY3xqEpUDEB4BVG3Z55Gd5s4E\" target=\"_blank\" rel=\"noopener noreferrer\">1,3\u00a0million de t\u00e9l\u00e9chargements<\/a>\u00a0de StopCovid.\u00a0L\u2019efficacit\u00e9 d\u2019un tel dispositif repose sur un t\u00e9l\u00e9chargement massif de l\u2019appli\u2026 mais dans un \u00ab<em> contexte de contagion aigu\u00eb\u00a0<\/em>\u00bb, nous glisse-t-on.\u00a0<\/p>\n<aside class=\"bg-color-0 padding-inside-all-s bloc border-s\">\n<h4 class=\"box-txt-normal\">\n<p><strong>\u00c0 d\u00e9couvrir aussi en vid\u00e9o<\/strong><\/p>\n<\/h4>\n<\/aside>\n<h3 style=\"color:#333; font-family:arial,helvetica,sans-serif; font-size:23px; font-weight:700\">\u00ab Ne pas\u00a0changer son fusil d\u2019\u00e9paule\u00a0\u00bb<\/h3>\n<p>Alors que le Royaume-Uni vient de d\u00e9clarer opter pour la solution d\u00e9centralis\u00e9e<a href=\"https:\/\/www.01net.com\/actualites\/coronavirus-google-et-apple-s-associent-pour-faciliter-le-tracage-des-malades-via-les-smartphones-1892450.html#content\/contribution\/edit\" target=\"_blank\" rel=\"noopener noreferrer\"> d\u2019Apple et Google<\/a>, la France assure ne pas vouloir \u00ab\u00a0<em>changer son fusil d\u2019\u00e9paule<\/em>\u00a0\u00bb.<\/p>\n<p>\u00ab\u00a0<em><a href=\"https:\/\/www.01net.com\/actualites\/la-cnil-donne-son-feu-vert-a-l-application-stopcovid-1920822.html\" target=\"_blank\" rel=\"noopener noreferrer\">La Commission nationale de l\u2019informatique et des libert\u00e9s<\/a> (Cnil) et le Parlement se sont prononc\u00e9s sur un mod\u00e8le\u00a0<\/em>\u00bb, rappelle le cabinet du secr\u00e9taire d\u2019\u00c9tat, assurant que <a href=\"https:\/\/www.01net.com\/actualites\/stopcovid-la-france-prefere-une-solution-nationale-a-celle-d-apple-et-google-1902306.html\" target=\"_blank\" rel=\"noopener noreferrer\">le choix de ne pas int\u00e9grer la solution des deux g\u00e9ants <\/a>n&rsquo;\u00e9tait pas motiv\u00e9 par de l&rsquo;\u00ab<em>\u00a0anti-am\u00e9ricanisme\u00a0<\/em>\u00bb.\u00a0<\/p>\n<p>La France est maintenant le seul pays en Europe a avoir opt\u00e9 pour une architecture centralis\u00e9e. Or, le <a href=\"https:\/\/edpb.europa.eu\/news\/news\/2020\/thirty-second-plenary-session-statement-interoperability-contact-tracing-0_fr\" target=\"_blank\" rel=\"noopener noreferrer\">Comit\u00e9 europ\u00e9en de la protection des donn\u00e9es<\/a>, la \u00ab\u00a0Cnil des Cnil\u00a0\u00bb, avait tranch\u00e9 en faveur d\u2019une solution d\u00e9centralis\u00e9e, afin de rendre interop\u00e9rables les applications nationales entre elles, ce qui met <a href=\"https:\/\/www.01net.com\/actualites\/bruxelles-plaide-pour-l-interoperabilite-des-applis-europeennes-de-contact-tracing-mais-stopcovid-est-hors-jeu-1934732.html#content\/contribution\/edit\" target=\"_blank\" rel=\"noopener noreferrer\">StopCovid hors jeu<\/a>.\u00a0<\/p>\n<blockquote>\n<p>\u00ab\u00a0<em>En tout \u00e9tat de fait, aujourd\u2019hui pour les travailleurs frontaliers qui travaillent hors de nos fronti\u00e8res ou les \u00e9trangers qui viennent en France, ils leur faut, s\u2019ils le souhaitent, t\u00e9l\u00e9charger deux applications<\/em>\u00a0\u00bb, explique le cabinet de C\u00e9dric O. \u00ab\u00a0<em>Ce n\u2019est pas insurmontable<\/em>\u00a0\u00bb.\u00a0<\/p>\n<\/blockquote><\/div>\n<p><script>\n         !function(f,b,e,v,n,t,s){if(f.fbq)return;n=f.fbq=function()\n         {n.callMethod? n.callMethod.apply(n,arguments):n.queue.push(arguments)}\n         ;if(!f._fbq)f._fbq=n;\n             n.push=n;n.loaded=!0;n.version='2.0';n.queue=[];t=b.createElement(e);t.async=!0;\n             t.src=v;s=b.getElementsByTagName(e)[0];s.parentNode.insertBefore(t,s)}(window,\n                 document,'script','https:\/\/connect.facebook.net\/en_US\/fbevents.js');\n         fbq('init', '1065890633454496');\n         fbq('track', 'PageView');\n     <\/script><br \/>\n<br \/>[ad_2]<br \/>\n<br \/><a href=\"https:\/\/www.01net.com\/actualites\/l-appli-stopcovid-a-enregistre-17-million-de-telechargements-et-offre-une-utilite-relative-1935980.html\">Source link <\/a><\/p>\n","protected":false},"excerpt":{"rendered":"<p>[ad_1] \u00ab\u00a0Aujourd\u2019hui, au regard de\u00a0la faiblesse de l\u2019\u00e9pid\u00e9mie, l\u2019utilit\u00e9 de l\u2019application StopCovid est relative.\u00a0\u00bb Mais, le cabinet du secr\u00e9taire d\u2019\u00c9tat &hellip; <a href=\"http:\/\/www.affinite.fr\/index.php\/2020\/06\/19\/lappli-stopcovid-a-enregistre-17-million-de-telechargements-et-offre-une-utilite-relative\/\" class=\"more-link\">Plus <span class=\"screen-reader-text\">L&rsquo;appli StopCovid a enregistr\u00e9 1,7 million de t\u00e9l\u00e9chargements et offre une utilit\u00e9&#8230; \u00abrelative\u00bb<\/span> <span class=\"meta-nav\">&rarr;<\/span><\/a><\/p>\n","protected":false},"author":1,"featured_media":4257,"comment_status":"open","ping_status":"open","sticky":false,"template":"","format":"standard","meta":{"_sitemap_exclude":false,"_sitemap_priority":"","_sitemap_frequency":"","footnotes":""},"categories":[1],"tags":[],"class_list":["post-4256","post","type-post","status-publish","format-standard","has-post-thumbnail","hentry","category-tous"],"_links":{"self":[{"href":"http:\/\/www.affinite.fr\/index.php\/wp-json\/wp\/v2\/posts\/4256"}],"collection":[{"href":"http:\/\/www.affinite.fr\/index.php\/wp-json\/wp\/v2\/posts"}],"about":[{"href":"http:\/\/www.affinite.fr\/index.php\/wp-json\/wp\/v2\/types\/post"}],"author":[{"embeddable":true,"href":"http:\/\/www.affinite.fr\/index.php\/wp-json\/wp\/v2\/users\/1"}],"replies":[{"embeddable":true,"href":"http:\/\/www.affinite.fr\/index.php\/wp-json\/wp\/v2\/comments?post=4256"}],"version-history":[{"count":0,"href":"http:\/\/www.affinite.fr\/index.php\/wp-json\/wp\/v2\/posts\/4256\/revisions"}],"wp:featuredmedia":[{"embeddable":true,"href":"http:\/\/www.affinite.fr\/index.php\/wp-json\/wp\/v2\/media\/4257"}],"wp:attachment":[{"href":"http:\/\/www.affinite.fr\/index.php\/wp-json\/wp\/v2\/media?parent=4256"}],"wp:term":[{"taxonomy":"category","embeddable":true,"href":"http:\/\/www.affinite.fr\/index.php\/wp-json\/wp\/v2\/categories?post=4256"},{"taxonomy":"post_tag","embeddable":true,"href":"http:\/\/www.affinite.fr\/index.php\/wp-json\/wp\/v2\/tags?post=4256"}],"curies":[{"name":"wp","href":"https:\/\/api.w.org\/{rel}","templated":true}]}}