{"id":4254,"date":"2020-06-19T22:55:33","date_gmt":"2020-06-19T22:55:33","guid":{"rendered":"https:\/\/www.affinite.fr\/index.php\/2020\/06\/19\/le-grand-retour-des-smartphones-sony-en-photo\/"},"modified":"2020-06-19T22:55:33","modified_gmt":"2020-06-19T22:55:33","slug":"le-grand-retour-des-smartphones-sony-en-photo","status":"publish","type":"post","link":"http:\/\/www.affinite.fr\/index.php\/2020\/06\/19\/le-grand-retour-des-smartphones-sony-en-photo\/","title":{"rendered":"le grand retour des smartphones Sony en photo ?"},"content":{"rendered":"<p> [ad_1]<br \/>\n<\/p>\n<div itemprop=\"articleBody\">\n<p>Avec son Xperia 1 II au nom compliqu\u00e9, Sony ravive, pour la premi\u00e8re fois depuis longtemps, notre int\u00e9r\u00eat. Ce smartphone s&rsquo;illustre par sa fiche technique d&rsquo;exception, \u00e0 commencer\u00a0sa\u00a0compatibilit\u00e9\u00a05G, son \u00e9cran OLED 4K au taux de rafra\u00eechissement de 90 Hz et au format 21:9 et, surtout, son module cam\u00e9ra aux antipodes de ce que proposent la plupart des autres constructeurs aujourd\u2019hui (12 Mpix quand certains s\u2019\u00e9charpent sur du 108 Mpix). Il faut dire que le Xperia 1 II mise sur des technologies emprunt\u00e9es aux appareils photo\u00a0comme la prise de vue en rafale pour atteindre le niveau des meilleurs, ce qui nous avait fortement intrigu\u00e9s lors de son annonce.<\/p>\n<blockquote>\n<p><strong>\u00c0 lire aussi\u00a0:<\/strong> <a href=\"https:\/\/www.01net.com\/actualites\/xperia-1-mark-ii-les-smartphones-de-sony-sont-ils-enfin-serieux-en-photo-1863435.html\">Xperia 1 Mark II : les smartphones de Sony sont-ils enfin s\u00e9rieux en photo?<\/a><\/p>\n<\/blockquote>\n<p>En attendant de pouvoir vous proposer un test complet de l&rsquo;appareil (le Xperia 1 II est encore retenu en captivit\u00e9 dans\u00a0notre laboratoire), nous avons souhait\u00e9 vous proposer un condens\u00e9 de nos premiers tests de l&rsquo;appareil. Vous allez le voir, il y a du bon et du moins bon.<\/p>\n<h3 style=\"color:#333;font-family:arial,helvetica,sans-serif;font-size:23px;font-weight:700;\">La photo, l&rsquo;argument principal du terminal<\/h3>\n<figure class=\"figure text-center\"><img decoding=\"async\" class=\"article-img img-responsive-l\" src=\"https:\/\/img.bfmtv.com\/c\/1200\/675\/ea9\/f09ea7fab848d2e49a3e6a59fa331.jpg\" alt=\"\"\/><figcaption class=\"figure-caption figcaption color-txt-0 title-xs hidden-xs\"\/><\/figure>\n<p>Avec un suffixe II (prononcer \u00ab\u00a0Mark II\u00a0\u00bb) h\u00e9rit\u00e9 des appareils photo hybrides \u00e0 capteur 24&#215;36 de la marque, le Xperia 1 II marque ses ambitions photographiques. Au c\u0153ur de l\u2019engin, une triplette de trois focales \u00e9quivalentes \u00e0 un 16 mm, un 24 mm et un 70 mm, chacun \u00e9quip\u00e9 d\u2019un capteur de 12 Mpix (pour plus de d\u00e9tails, nous vous invitons \u00e0 lire notre analyse de sa fiche technique (voir plus haut).\u00a0\u00c0 la premi\u00e8re prise en main, il faut choisir entre deux applications: \u00abAppareil photo\u00bb, qui est un logiciel\u00a0tr\u00e8s classique et \u00abPhoto Pro\u00bb qui s\u2019adresse aux photographes \u00e0 la recherche d\u2019une interface plus experte. Cette derni\u00e8re rappelle d&rsquo;ailleurs\u00a0l\u2019interface logicielle des bo\u00eetiers Alpha.<\/p>\n<figure class=\"figure text-center\"><img decoding=\"async\" class=\"article-img img-responsive-l\" src=\"https:\/\/img.bfmtv.com\/c\/1600\/833\/cdd\/5324e61fdc1305e28119e568b7e61.jpg\" alt=\"\"\/><figcaption class=\"figure-caption figcaption color-txt-0 title-xs hidden-xs\"\/><\/figure>\n<figure class=\"figure text-center\"><img decoding=\"async\" class=\"article-img img-responsive-l\" src=\"https:\/\/img.bfmtv.com\/c\/1600\/833\/c54\/d3a3a545b234f2b55b865c4aa5f89.jpg\" alt=\"\"\/><figcaption class=\"figure-caption figcaption color-txt-0 title-xs hidden-xs\"\/><\/figure>\n<p>Nos premi\u00e8res impressions sur la partition photo sont plut\u00f4t bonnes, mais on sent bien que l\u2019int\u00e9gration n\u2019est pas encore parfaite. \u00c0 commencer par le m\u00e9canisme de zoom continu, qui permet de \u00ab\u00a0glisser\u00a0\u00bb d\u2019une focale \u00e0 l\u2019autre. S\u2019il fonctionne bien avec l\u2019app \u00ab\u00a0Appareil photo\u00a0\u00bb, avec \u00ab\u00a0Photo Pro\u00a0\u00bb, ce syst\u00e8me de pincer-zoomer proc\u00e8de\u00a0en deux temps. En s\u00e9lectionnant 16 mm on peut pincer-zoomer jusqu\u2019\u00e0 24 mm. Puis il faut changer de focale en passant manuellement \u00e0 24 mm (m\u00eame si vous aviez d\u00e9j\u00e0 zoom\u00e9 \u00e0 24 mm auparavant) pour pouvoir zoomer jusqu\u2019\u00e0 70 mm avec les paliers repr\u00e9sentant les focales classiques (24\/28\/35\/50\/70). Dr\u00f4le de limitation.<\/p>\n<figure class=\"figure text-center\"><img decoding=\"async\" class=\"article-img img-responsive-l\" src=\"https:\/\/img.bfmtv.com\/c\/1600\/685\/c2e\/b3df7816567f2bb2d8b4060954a17.jpg\" alt=\"\"\/><figcaption class=\"figure-caption figcaption color-txt-0 title-xs hidden-xs\"\/><\/figure>\n<p>L\u2019appli pro est bien faite et on appr\u00e9cie de voir les collimateurs verts classiques des bo\u00eetiers hybrides Sony s\u2019activer \u00e0 la mise au point en temps r\u00e9el sur l\u2019image. Ce qui nous am\u00e8ne \u00e0 parler de l\u2019autofocus, qui est un des gros points sur lequel Sony mise. Si nous n\u2019avons pas encore fini les tests, une chose est s\u00fbre\u00a0: \u00e7a va vite, tr\u00e8s vite. Contrairement aux Xperia que nous avions test\u00e9s par le pass\u00e9 qui \u00e9taient parfois tr\u00e8s lents, le Xperia 1 II est super r\u00e9actif.<\/p>\n<figure class=\"figure text-center\"><img decoding=\"async\" class=\"article-img img-responsive-l\" src=\"https:\/\/img.bfmtv.com\/c\/1200\/800\/d3c\/57650df3bc40516ccc48d7ca505d1.jpg\" alt=\"\"\/><figcaption class=\"figure-caption figcaption color-txt-0 title-xs hidden-xs\"\/><\/figure>\n<figure class=\"figure text-center\"><img decoding=\"async\" class=\"article-img img-responsive-l\" src=\"https:\/\/img.bfmtv.com\/c\/1200\/900\/d7d\/20bc3457f499004cc2cc7849c6a31.jpg\" alt=\"\"\/><figcaption class=\"figure-caption figcaption color-txt-0 title-xs hidden-xs\"\/><\/figure>\n<figure class=\"figure text-center\"><img decoding=\"async\" class=\"article-img img-responsive-l\" src=\"https:\/\/img.bfmtv.com\/c\/1200\/900\/3e2\/5812c43df94e9c6b63aaec00767cc.jpg\" alt=\"\"\/><figcaption class=\"figure-caption figcaption color-txt-0 title-xs hidden-xs\"\/><\/figure>\n<p>Et comme l\u2019Alpha A9 dont il se revendique, il est dou\u00e9 en rafale\u00a0: sur les quelques s\u00e9ries que nous avons faites, le suivi du sujet est exemplaire. On appr\u00e9cie aussi le bouton de d\u00e9clenchement physique plac\u00e9 sur la tranche, qui permet de retrouver une sensation physique \u00e0 la photo.<\/p>\n<figure class=\"figure text-center\"><img decoding=\"async\" class=\"article-img img-responsive-l\" src=\"https:\/\/img.bfmtv.com\/c\/1600\/685\/63b\/923d9ede037308ded7f31aa1c872b.jpg\" alt=\"\"\/><figcaption class=\"figure-caption figcaption color-txt-0 title-xs hidden-xs\"\/><\/figure>\n<p>Il nous reste de nombreux \u00e9l\u00e9ments \u00e0 tester qu\u2019il s\u2019agisse du rendu des couleurs (qui nous a paru un peu froid pour l\u2019heure), en passant par l\u2019AF et la gestion du bruit en basses lumi\u00e8res, qui sont deux \u00e9l\u00e9ments cl\u00e9s. Ce dont on est s\u00fbr c\u2019est que dans le domaine de l\u2019image, le terminal semble avoir un excellent potentiel \u2013 l\u2019application vid\u00e9o offre une approche vraiment tr\u00e8s pro\u00a0! Mais outre que sa puissance de zoom est bien en de\u00e7\u00e0 de ce que propose la concurrence, on note que c\u00f4t\u00e9 ergonomie il glisse facilement des mains. Et que son \u00e9cran est vraiment moins lumineux que certains concurrents (voir plus bas), ce qui le rend difficilement utilisable\u00a0en plein jour quand le soleil cogne. Dommage pour une marque sp\u00e9cialiste de l\u2019image.<\/p>\n<h3 style=\"color:#333; font-family:arial,helvetica,sans-serif; font-size:23px; font-weight:700\">Une autonomie tr\u00e8s d\u00e9cevante<\/h3>\n<p>Si l&rsquo;appareil photo du Xperia 1 II se r\u00e9v\u00e8le prometteur, Sony n&rsquo;a malheureusement pas suffisamment soign\u00e9 les autres caract\u00e9ristiques de son smartphone selon nous. Par exemple, \u00e0\u00a0cause de la d\u00e9finition 4K de son \u00e9cran et de sa\u00a0trop petite batterie (4000 mAh), le Xperia 1 II est tout simplement l&rsquo;un des smartphones haut de gamme les moins endurants du march\u00e9, au coude \u00e0 coude avec le <a href=\"https:\/\/www.01net.com\/tests\/test-du-samsung-galaxy-s20-plus-un-excellent-smartphone-qui-prefere-la-maitrise-a-l-innovation-6425.html\" target=\"_blank\" rel=\"noopener noreferrer\">Galaxy S20+ <\/a>de Samsung. Le smartphone a r\u00e9sist\u00e9 11h40 \u00e0 notre test d\u2019autonomie polyvalente, ce qui est loin de 15 \u00e0 18h auxquelles nous ont habitu\u00e9 les appareils les plus coriaces ces derniers mois. Le constat est encore plus catastrophique en streaming vid\u00e9o o\u00f9 l\u2019autonomie de 8h37 du Xperia 1 II le place tout en bas de notre classement, \u00e0 cinq marches du <a href=\"https:\/\/www.01net.com\/tests\/test-du-google-pixel-4-son-excellent-appareil-photo-suffit-il-a-en-faire-un-bon-smartphone-6332.html\" target=\"_blank\" rel=\"noopener noreferrer\">Pixel 4<\/a>, le pire \u00e9l\u00e8ve de la bande. Disposer d&rsquo;un \u00e9cran 4K au taux de rafra\u00eechissement de 90 Hz sur un smartphone fait envie\u2026 mais si l\u2019autonomie est pour cela sacrifi\u00e9e, \u00e0 quoi bon\u00a0? \u00a0<\/p>\n<figure class=\"figure text-center\"><img decoding=\"async\" class=\"article-img img-responsive-l\" src=\"https:\/\/img.bfmtv.com\/c\/0\/708\/462\/73d9d3f6407e2701ae4ef115aaddb.jpg\" alt=\"\"\/><figcaption class=\"figure-caption figcaption color-txt-0 title-xs hidden-xs\">\n                                    LM \/ 01net.com<br \/>\n                                                    &#8211; Les r\u00e9glages photo du Xperia 1 II.<br \/>\n                            <\/figcaption><\/figure>\n<p>Le temps de recharge de 1h58 du mobile est aussi une franche d\u00e9ception. \u00c0 l\u2019heure o\u00f9 des Oppo, Xiaomi et Huawei visent la recharge int\u00e9grale en moins de 30 minutes, un tel temps de chargement pour une si petite batterie n\u2019est pas \u00e0 la hauteur de nos esp\u00e9rances. Tout ceci est d&rsquo;autant plus regrettable que ce d\u00e9faut \u00e9tait d\u00e9j\u00e0 celui des pr\u00e9c\u00e9dents Xperia, ce qui nous laisse penser que Sony ignore tout simplement les critiques\u2026 \u00c0 1200\u00a0euros, on esp\u00e8rait\u00a0mieux.\u00a0<\/p>\n<h3 style=\"color:#333; font-family:arial,helvetica,sans-serif; font-size:23px; font-weight:700\">Un magnifique \u00e9cran\u2026 qui manque de luminosit\u00e9<strong> <\/strong><\/h3>\n<p>Si nous \u00e9tions sceptiques au d\u00e9but, nous sommes aujourd\u2019hui amoureux des \u00e9crans 21:9 des Sony Xperia. Pour regarder des films ou jouer (\u00e0 condition de trouver du contenu adapt\u00e9), ce format est en effet tr\u00e8s plaisant. M\u00eame pour naviguer sur le web, on doit reconna\u00eetre que cet \u00e9cran tout en longueur nous pla\u00eet. La d\u00e9finition 4K de la dalle, tr\u00e8s rare aujourd\u2019hui, est \u00e9galement un plus m\u00eame si l\u2019\u0153il humain ne voit tr\u00e8s certainement pas la diff\u00e9rence.<\/p>\n<p>Le probl\u00e8me de cet \u00e9cran est qu\u2019il manque de luminosit\u00e9, comme nous l&rsquo;\u00e9voquions dans notre partie photo. Encore une fois, Sony n&rsquo;arrive pas \u00e0 la hauteur de la concurrence la plus \u00e9litiste (Samsung, Oppo, Apple\u2026).\u00a0Les 554 cd\/m<span>\u00b2<\/span>\u00a0de l\u2019appareil sont trop justes\u00a0en plein soleil pour une lisibilit\u00e9 optimale et sont surtout largement inf\u00e9rieurs \u00e0 ce que proposent les fleurons du march\u00e9 capables de monter \u00e0 800 voir 900 cd\/m\u00b2.<br \/>En revanche, en ce qui concerne la fid\u00e9lit\u00e9 des couleurs, Sony fait partie des tr\u00e8s bons \u00e9l\u00e8ves. Si par d\u00e9faut c\u2019est tr\u00e8s moyen (le Delta E mesur\u00e9 par notre laboratoire est de 5,17), on peut obtenir des couleurs\u00a0justes en choisissant, dans les r\u00e9glages, l\u2019option\u00a0\u00ab\u00a0Cr\u00e9ateur chaud\u00a0\u00bb (Delta E de 1,9). Dans ce mode, on fr\u00f4le la perfection pour un \u00e9cran OLED. Rappelons que plus le Delta E est bas, plus les couleurs correspondent \u00e0 la r\u00e9alit\u00e9. \u00a0<\/p>\n<figure class=\"figure text-center\"><img decoding=\"async\" class=\"article-img img-responsive-l\" src=\"https:\/\/img.bfmtv.com\/c\/0\/708\/dbb\/80da8ba74dd3a034c460aefdfbcb0.jpg\" alt=\"\"\/><figcaption class=\"figure-caption figcaption color-txt-0 title-xs hidden-xs\">\n                                    LM \/ 01net.com<br \/>\n                                                    &#8211; L&rsquo;\u00e9cran du Xperia 1 II s&rsquo;\u00e9tend tout en longueur mais est encadr\u00e9 par des bordures. C&rsquo;est dommage.<br \/>\n                            <\/figcaption><\/figure>\n<h3 style=\"color:#333; font-family:arial,helvetica,sans-serif; font-size:23px; font-weight:700\">Sony n&rsquo;a pas l\u00e9sin\u00e9 sur l&rsquo;\u00e9quipement<\/h3>\n<p>En revanche, nous ne pouvons que saluer certains choix de Sony. Rares sont les constructeurs de smartphones haut de gamme \u00e0 avoir conserv\u00e9 la prise jack ET le port d\u2019extension Micro SD sur leurs smartphones. L\u2019appareil est aussi compatible avec la recharge sans-fil. \u00a0<\/p>\n<aside class=\"bg-color-0 padding-inside-all-s bloc border-s\">\n<h4 class=\"box-txt-normal\">\n<p><strong>\u00c0 d\u00e9couvrir aussi en vid\u00e9o :<\/strong><\/p>\n<\/h4>\n<\/aside>\n<h3 style=\"color:#333; font-family:arial,helvetica,sans-serif; font-size:23px; font-weight:700\">Un retour de Sony qui manque de panache<\/h3>\n<p>Il \u00a0nous\u00a0faudra attendre notre test complet du smartphone pour nous prononcer d\u00e9finitivement, mais il nous semble acquis que le Xperia 1 II ne marque malheureusement pas le retour de Sony au plus haut niveau. Si la marque japonaise a ind\u00e9niablement fait des efforts pour soigner sa partie photo, ses performances g\u00e9n\u00e9rales ne sont pas du tout au niveau des autres appareils haut de gamme. \u00c0 1199 euros, Sony prend une nouvelle fois le risque de ne s\u2019adresser qu\u2019\u00e0 ses fans et de laisser le march\u00e9 aux autres constructeurs\u2026 C\u2019est dommage, il y a tant \u00e0 faire. \u00a0<\/p>\n<\/p><\/div>\n<p><script>\n         !function(f,b,e,v,n,t,s){if(f.fbq)return;n=f.fbq=function()\n         {n.callMethod? n.callMethod.apply(n,arguments):n.queue.push(arguments)}\n         ;if(!f._fbq)f._fbq=n;\n             n.push=n;n.loaded=!0;n.version='2.0';n.queue=[];t=b.createElement(e);t.async=!0;\n             t.src=v;s=b.getElementsByTagName(e)[0];s.parentNode.insertBefore(t,s)}(window,\n                 document,'script','https:\/\/connect.facebook.net\/en_US\/fbevents.js');\n         fbq('init', '1065890633454496');\n         fbq('track', 'PageView');\n     <\/script><br \/>\n<br \/>[ad_2]<br \/>\n<br \/><a href=\"https:\/\/www.01net.com\/actualites\/premiers-tests-du-xperia-1-ii-le-grand-retour-des-smartphones-sony-en-photo-1935581.html\">Source link <\/a><\/p>\n","protected":false},"excerpt":{"rendered":"<p>[ad_1] Avec son Xperia 1 II au nom compliqu\u00e9, Sony ravive, pour la premi\u00e8re fois depuis longtemps, notre int\u00e9r\u00eat. Ce &hellip; <a href=\"http:\/\/www.affinite.fr\/index.php\/2020\/06\/19\/le-grand-retour-des-smartphones-sony-en-photo\/\" class=\"more-link\">Plus <span class=\"screen-reader-text\">le grand retour des smartphones Sony en photo ?<\/span> <span class=\"meta-nav\">&rarr;<\/span><\/a><\/p>\n","protected":false},"author":1,"featured_media":4255,"comment_status":"open","ping_status":"open","sticky":false,"template":"","format":"standard","meta":{"_sitemap_exclude":false,"_sitemap_priority":"","_sitemap_frequency":"","footnotes":""},"categories":[1],"tags":[],"class_list":["post-4254","post","type-post","status-publish","format-standard","has-post-thumbnail","hentry","category-tous"],"_links":{"self":[{"href":"http:\/\/www.affinite.fr\/index.php\/wp-json\/wp\/v2\/posts\/4254"}],"collection":[{"href":"http:\/\/www.affinite.fr\/index.php\/wp-json\/wp\/v2\/posts"}],"about":[{"href":"http:\/\/www.affinite.fr\/index.php\/wp-json\/wp\/v2\/types\/post"}],"author":[{"embeddable":true,"href":"http:\/\/www.affinite.fr\/index.php\/wp-json\/wp\/v2\/users\/1"}],"replies":[{"embeddable":true,"href":"http:\/\/www.affinite.fr\/index.php\/wp-json\/wp\/v2\/comments?post=4254"}],"version-history":[{"count":0,"href":"http:\/\/www.affinite.fr\/index.php\/wp-json\/wp\/v2\/posts\/4254\/revisions"}],"wp:featuredmedia":[{"embeddable":true,"href":"http:\/\/www.affinite.fr\/index.php\/wp-json\/wp\/v2\/media\/4255"}],"wp:attachment":[{"href":"http:\/\/www.affinite.fr\/index.php\/wp-json\/wp\/v2\/media?parent=4254"}],"wp:term":[{"taxonomy":"category","embeddable":true,"href":"http:\/\/www.affinite.fr\/index.php\/wp-json\/wp\/v2\/categories?post=4254"},{"taxonomy":"post_tag","embeddable":true,"href":"http:\/\/www.affinite.fr\/index.php\/wp-json\/wp\/v2\/tags?post=4254"}],"curies":[{"name":"wp","href":"https:\/\/api.w.org\/{rel}","templated":true}]}}