{"id":4253,"date":"2020-06-19T21:52:04","date_gmt":"2020-06-19T21:52:04","guid":{"rendered":"https:\/\/www.affinite.fr\/index.php\/2020\/06\/19\/pourquoi-le-conseil-constitutionnel-a-censure-la-loi-avia-contre-la-haine-en-ligne\/"},"modified":"2020-06-19T21:52:04","modified_gmt":"2020-06-19T21:52:04","slug":"pourquoi-le-conseil-constitutionnel-a-censure-la-loi-avia-contre-la-haine-en-ligne","status":"publish","type":"post","link":"http:\/\/www.affinite.fr\/index.php\/2020\/06\/19\/pourquoi-le-conseil-constitutionnel-a-censure-la-loi-avia-contre-la-haine-en-ligne\/","title":{"rendered":"Pourquoi le Conseil constitutionnel a censur\u00e9 la loi Avia contre la haine en ligne"},"content":{"rendered":"<p> [ad_1]<br \/>\n<br \/><img decoding=\"async\" src=\"https:\/\/img.bfmtv.com\/i\/0\/0\/6d7\/a85807d6cc6cd05bed359de9f7f77.jpeg\" \/><\/p>\n<div itemprop=\"articleBody\">\n<p>Jeudi 18 juin, le Conseil constitutionnel a <a href=\"https:\/\/www.01net.com\/actualites\/haine-en-ligne-le-conseil-constitutionnel-censure-la-majeure-partie-de-la-loi-avia-1935678.html#content\/contribution\/edit\" target=\"_blank\" rel=\"noopener noreferrer\">censur\u00e9<\/a>\u00a0la proposition de loi dite Avia qui vise \u00e0 lutter contre les contenus \u00ab\u00a0haineux\u00a0\u00bb sur Internet -ironie du sort pour un texte \u00e9pingl\u00e9 \u00e0 cause du risque\u00a0de sur-censure. Dans les tuyaux depuis un an, le texte instaurait l\u2019obligation pour les plates-formes de retirer en moins de 24 heures un message, une photo, une vid\u00e9o manifestement illicite, sous peine d\u2019une amende 250 000 euros par post. Concernant les contenus p\u00e9do-pornographiques ou terroristes, <a href=\"https:\/\/www.01net.com\/actualites\/loi-contre-la-cyberhaine-l-article-le-plus-polemique-adopte-1845233.html#content\/contribution\/edit\" target=\"_blank\" rel=\"noopener noreferrer\">le d\u00e9lai\u00a0de retrait \u00e9tait raccourci \u00e0 une heure seulement<\/a>. Les deux dispositions sont finalement anti-constitutionnelles. Comme la quasi totalit\u00e9 du texte.\u00a0<\/p>\n<h3 style=\"color:#333; font-family:arial,helvetica,sans-serif; font-size:23px; font-weight:700\">Un outil<em> <\/em>jug\u00e9 \u00ab\u00a0trop dangereux<em>\u00a0<\/em>\u00bb<\/h3>\n<blockquote>\n<p>\u00ab\u00a0<em>Les juges ont estim\u00e9 que quelque soit la gravit\u00e9 du contenu, le tribut \u00e0 payer pour la libert\u00e9 d\u2019expression \u00e9tait trop grand<\/em>\u00a0\u00bb, d\u00e9crypte\u00a0Me Anne Cousin, avocate sp\u00e9cialis\u00e9e dans le droit de la presse, d&rsquo;Internet et des nouvelles technologies. \u00ab\u00a0<em>Le Conseil constitutionnel a clairement jug\u00e9\u00a0que ce texte mettait trop de pouvoir dans les mains d&rsquo;op\u00e9rateurs techniques.<\/em>\u00a0<em>Les plates-formes n\u2019auraient pris aucun risque, et donc,\u00a0auraient d\u00fb massivement censurer. <\/em>\u00bb<\/p>\n<\/blockquote>\n<p>En r\u00e9sum\u00e9, la d\u00e9cision \u00e9crit noir sur blanc : la loi Avia est \u00ab <em>un outil trop dangereux\u00a0<\/em>\u00bb.\u00a0Les h\u00e9bergeurs ne peuvent pas remplacer les juges. \u00ab<em>\u00a0Il n\u2019est pas possible de mettre entre les mains des\u00a0g\u00e9ants am\u00e9ricains le soin de r\u00e9gler des d\u00e9bats soci\u00e9taux, qui doivent avoir lieu\u00a0devant une cour pendant plusieurs\u00a0jours, en moins de 24 heures<\/em>\u00a0\u00bb, poursuit-elle. \u00ab\u00a0<em>Ce n\u2019est juridiquement pas de leur responsabilit\u00e9.\u00a0<\/em>\u00bb\u00a0<\/p>\n<aside class=\"bg-color-0 padding-inside-all-s bloc border-s\">\n<h4 class=\"box-txt-normal\">\n<p><strong>\u00c0 d\u00e9couvrir aussi en vid\u00e9o<\/strong><\/p>\n<\/h4>\n<\/aside>\n<h3 style=\"color:#333; font-family:arial,helvetica,sans-serif; font-size:23px; font-weight:700\">Tous unis contre la loi<\/h3>\n<p>Apr\u00e8s de nombreux <a href=\"https:\/\/www.01net.com\/actualites\/laetitia-avia-fait-adopter-sa-loi-contre-la-cyberhaine-alors-qu-elle-se-voit-accuserde-racisme-et-de-sexisme-1913755.html#content\/contribution\/edit\" target=\"_blank\" rel=\"noopener noreferrer\">rebondissements<\/a>, des <a href=\"https:\/\/www.01net.com\/actualites\/loi-contre-la-cyberhaine-le-senat-s-oppose-au-gouvernement-et-vote-sa-propre-version-du-texte-1865337.html\" target=\"_blank\" rel=\"noopener noreferrer\">aller-retours entre l&rsquo;Assembl\u00e9e et le S\u00e9nat<\/a>, des <a href=\"https:\/\/www.01net.com\/actualites\/la-proposition-de-loi-francaise-de-lutte-contre-la-cyberhaine-severement-critiquee-par-l-europe-1815344.html#content\/contribution\/edit\" target=\"_blank\" rel=\"noopener noreferrer\">avertissements s\u00e9v\u00e8res de l&rsquo;Europe<\/a>, de nombreuses <a href=\"https:\/\/www.01net.com\/actualites\/loi-contre-la-cyberhaine-atrois-jours-du-vote-definitif-les-rangs-des-opposants-s-etoffent-1842608.html\" target=\"_blank\" rel=\"noopener noreferrer\">mobilisations<\/a>\u00a0citoyennes,\u00a0c\u2019est une v\u00e9ritable victoire pour tous les opposants \u00e0 la loi -qui avait fait la prouesse de r\u00e9unir des collectifs de d\u00e9fense\u00a0des libert\u00e9s num\u00e9riques comme <a href=\"https:\/\/www.01net.com\/actualites\/loi-contre-la-cyberhaine-une-lettre-ouverte-pour-denoncer-les-risques-de-censure-politique-1714201.html\" target=\"_blank\" rel=\"noopener noreferrer\">La Quadrature du net<\/a>, des plates-formes comme Change.org&#8230; mais aussi des g\u00e9ants comme Google.<\/p>\n<p>Et au-del\u00e0 de l\u2019univers num\u00e9rique, de l\u2019extr\u00eame droite \u00e0 l\u2019extr\u00eame gauche, l\u2019ensemble de la classe politique s\u2019\u00e9tait lev\u00e9e contre le texte. \u00c0 la suite du <a href=\"https:\/\/www.01net.com\/actualites\/la-loi-contre-cyberhaine-est-enfin-adoptee-par-l-assemblee-nationale-1913456.html#content\/contribution\/edit\" target=\"_blank\" rel=\"noopener noreferrer\">vote d\u00e9finitif<\/a>, le 13 mai, Bruno\u00a0Retailleau, chef de file LR au S\u00e9nat, et 60 s\u00e9nateurs\u00a0avaient\u00a0ainsi saisi le Conseil constitutionnel. Un camouflet pour le gouvernement, premier soutien de la proposition de loi.\u00a0<\/p>\n<h3 style=\"color:#333; font-family:arial,helvetica,sans-serif; font-size:23px; font-weight:700\">Un texte totalement caviard\u00e9<\/h3>\n<p>Les juges ont, malgr\u00e9 tout, bien sp\u00e9cifi\u00e9 que les objectifs de la loi \u00e9tait louables. \u00ab\u00a0<em>Tout le monde est d\u2019accord, les contenus sales sur Internet sont dommageables. Mais la r\u00e9pression n\u2019est pas la solution, a tranch\u00e9 le Conseil constitutionnel<\/em>\u00a0\u00bb, analyse Me Cousin. Tout se joue \u00ab\u00a0<em>en amont\u00a0<\/em>\u00bb, par exemple sur le volet \u00e9ducation aux m\u00e9dias et nouvelles technologies. \u00ab\u00a0<em>Quand une image terroriste est diffus\u00e9e, <a href=\"https:\/\/www.01net.com\/actualites\/loi-contre-la-cyber-haine-qu-est-ce-que-cela-change-pour-vous-1918801.html#content\/contribution\/edit\" target=\"_blank\" rel=\"noopener noreferrer\">c\u2019est d\u00e9j\u00e0 trop tard !<\/a><\/em>\u00a0\u00bb\u00a0<\/p>\n<p>Y-a-t-il une suite possible pour la loi Avia ? \u00ab\u00a0<em>Le texte a \u00e9t\u00e9 compl\u00e8tement caviard\u00e9 ! \u00c0 moins d\u2019en r\u00e9-\u00e9crire un nouveau, je ne vois vraiment pas comment il pourrait refaire surface<\/em>\u00a0\u00bb, r\u00e9pond Me Cousin. Dans le d\u00e9tail, la majeure partie du texte a effectivement \u00e9t\u00e9 signal\u00e9e par le Conseil constitutionnel.\u00a0Clap de fin ?<\/p>\n<\/p><\/div>\n<p><script>\n         !function(f,b,e,v,n,t,s){if(f.fbq)return;n=f.fbq=function()\n         {n.callMethod? n.callMethod.apply(n,arguments):n.queue.push(arguments)}\n         ;if(!f._fbq)f._fbq=n;\n             n.push=n;n.loaded=!0;n.version='2.0';n.queue=[];t=b.createElement(e);t.async=!0;\n             t.src=v;s=b.getElementsByTagName(e)[0];s.parentNode.insertBefore(t,s)}(window,\n                 document,'script','https:\/\/connect.facebook.net\/en_US\/fbevents.js');\n         fbq('init', '1065890633454496');\n         fbq('track', 'PageView');\n     <\/script><br \/>\n<br \/>[ad_2]<br \/>\n<br \/><a href=\"https:\/\/www.01net.com\/actualites\/pourquoi-le-conseil-constitutionnel-a-censure-la-loi-avia-contre-la-haine-en-ligne-1936107.html\">Source link <\/a><\/p>\n","protected":false},"excerpt":{"rendered":"<p>[ad_1] Jeudi 18 juin, le Conseil constitutionnel a censur\u00e9\u00a0la proposition de loi dite Avia qui vise \u00e0 lutter contre les &hellip; <a href=\"http:\/\/www.affinite.fr\/index.php\/2020\/06\/19\/pourquoi-le-conseil-constitutionnel-a-censure-la-loi-avia-contre-la-haine-en-ligne\/\" class=\"more-link\">Plus <span class=\"screen-reader-text\">Pourquoi le Conseil constitutionnel a censur\u00e9 la loi Avia contre la haine en ligne<\/span> <span class=\"meta-nav\">&rarr;<\/span><\/a><\/p>\n","protected":false},"author":1,"featured_media":2848,"comment_status":"open","ping_status":"open","sticky":false,"template":"","format":"standard","meta":{"_sitemap_exclude":false,"_sitemap_priority":"","_sitemap_frequency":"","footnotes":""},"categories":[1],"tags":[],"class_list":["post-4253","post","type-post","status-publish","format-standard","has-post-thumbnail","hentry","category-tous"],"_links":{"self":[{"href":"http:\/\/www.affinite.fr\/index.php\/wp-json\/wp\/v2\/posts\/4253"}],"collection":[{"href":"http:\/\/www.affinite.fr\/index.php\/wp-json\/wp\/v2\/posts"}],"about":[{"href":"http:\/\/www.affinite.fr\/index.php\/wp-json\/wp\/v2\/types\/post"}],"author":[{"embeddable":true,"href":"http:\/\/www.affinite.fr\/index.php\/wp-json\/wp\/v2\/users\/1"}],"replies":[{"embeddable":true,"href":"http:\/\/www.affinite.fr\/index.php\/wp-json\/wp\/v2\/comments?post=4253"}],"version-history":[{"count":0,"href":"http:\/\/www.affinite.fr\/index.php\/wp-json\/wp\/v2\/posts\/4253\/revisions"}],"wp:featuredmedia":[{"embeddable":true,"href":"http:\/\/www.affinite.fr\/index.php\/wp-json\/wp\/v2\/media\/2848"}],"wp:attachment":[{"href":"http:\/\/www.affinite.fr\/index.php\/wp-json\/wp\/v2\/media?parent=4253"}],"wp:term":[{"taxonomy":"category","embeddable":true,"href":"http:\/\/www.affinite.fr\/index.php\/wp-json\/wp\/v2\/categories?post=4253"},{"taxonomy":"post_tag","embeddable":true,"href":"http:\/\/www.affinite.fr\/index.php\/wp-json\/wp\/v2\/tags?post=4253"}],"curies":[{"name":"wp","href":"https:\/\/api.w.org\/{rel}","templated":true}]}}