{"id":4236,"date":"2020-06-19T13:39:48","date_gmt":"2020-06-19T13:39:48","guid":{"rendered":"https:\/\/www.affinite.fr\/index.php\/2020\/06\/19\/microsoft-veut-des-enquetes-sur-les-pratiques-de-lapp-store-dapple\/"},"modified":"2020-06-19T13:39:48","modified_gmt":"2020-06-19T13:39:48","slug":"microsoft-veut-des-enquetes-sur-les-pratiques-de-lapp-store-dapple","status":"publish","type":"post","link":"http:\/\/www.affinite.fr\/index.php\/2020\/06\/19\/microsoft-veut-des-enquetes-sur-les-pratiques-de-lapp-store-dapple\/","title":{"rendered":"Microsoft veut des enqu\u00eates sur les pratiques de l\u2019App Store d\u2019Apple"},"content":{"rendered":"<p> [ad_1]<br \/>\n<br \/><img decoding=\"async\" src=\"https:\/\/img.bfmtv.com\/i\/0\/0\/185\/7edcfe40057bad80233526f95f9fb.jpg\" \/><\/p>\n<div itemprop=\"articleBody\">\n<p>Microsoft rejoint le wagon des agac\u00e9s de l\u2019App Store. Par la voix de son pr\u00e9sident et directeur juridique,\u00a0<a href=\"https:\/\/news.microsoft.com\/exec\/brad-smith\/\" target=\"_blank\" rel=\"noopener noreferrer\">Brad Smith<\/a>, l\u2019entreprise a estim\u00e9 qu\u2019il \u00e9tait temps que les autorit\u00e9s de la concurrence am\u00e9ricaines et europ\u00e9ennes se penchent sur le cas du magasin de distribution de logiciels et de services d\u2019Apple.<br \/>Alors que les autorit\u00e9s europ\u00e9ennes viennent justement d\u2019ouvrir une enqu\u00eate \u00e0 la suite de plaintes d\u2019<a href=\"https:\/\/www.01net.com\/actualites\/spotify-attaque-apple-pour-abus-de-position-dominante-1651440.html\" target=\"_blank\" rel=\"noopener noreferrer\">acteurs comme Spotify<\/a>, Microsoft abonde dans le sens des partisans d\u2019une r\u00e9gulation de la vache \u00e0 lait d\u2019Apple.<\/p>\n<blockquote>\n<p>\u00ab\u00a0<em>Le temps est venu [\u2026] d\u2019avoir une conversation sur la nature des app\u00a0stores, les r\u00e8gles qui sont mises en place, les tarifs et les frais qui sont appliqu\u00e9s<\/em>\u00a0\u00bb, a d\u00e9taill\u00e9 Brad\u00a0Smith lors d\u2019un \u00e9v\u00e9nement organis\u00e9 par le m\u00e9dia Politico aux \u00c9tats-Unis.<\/p>\n<\/blockquote>\n<p>Le pr\u00e9sident de Microsoft conteste non seulement les conditions de plus en plus draconiennes d\u2019Apple \u2013 qui interdisent par exemple \u00e0 Microsoft de lancer son service de jeu xCloud sur l\u2019App Store \u2013 mais aussi les frais pr\u00e9lev\u00e9s par Apple sur les services que commercialise Microsoft sur le magasin d\u2019Apple comme Office 365. \u00a0<\/p>\n<blockquote>\n<p>\u00ab\u00a0<em>Dans certains cas, ils imposent des frais tr\u00e8s \u00e9lev\u00e9s [\u2026], jusqu\u2019\u00e0 30% de votre chiffre d\u2019affaires va dans les poches [d\u2019Apple]\u00a0<\/em>\u00bb, explique Brad Smith.<\/p>\n<\/blockquote>\n<p>Interdisant des services qui pourraient faire de l\u2019ombre \u00e0 ses propres produits, Apple est de plus en plus critiqu\u00e9 pour ses fameux 30% qui semblent de plus en plus exag\u00e9r\u00e9s pour de nombreux acteurs.<\/p>\n<blockquote>\n<p>Le g\u00e9ant de Cupertino\u00a0s\u2019est d\u00e9fendu jeudi \u00e0 l\u2019issue de l\u2019ouverture de l\u2019enqu\u00eate par les autorit\u00e9s europ\u00e9ennes, arguant \u00ab\u00a0<em>qu\u2019il est d\u00e9cevant de voir la Commission europ\u00e9enne apporter des plaintes sans fondement provenant d\u2019une poign\u00e9e d\u2019entreprises qui souhaitent seulement un tour\u00a0gratuit, et ne veulent pas jouer avec les m\u00eames r\u00e8gles que les autres<\/em>\u00a0\u00bb.<\/p>\n<\/blockquote>\n<aside class=\"bg-color-0 padding-inside-all-s bloc border-s\">\n<h4 class=\"box-txt-normal\">\n<div class=\"\">\n<p><strong>\u00c0 d\u00e9couvrir aussi en vid\u00e9o<\/strong><\/p>\n<\/div>\n<\/h4>\n<\/aside>\n<p>Le probl\u00e8me est que les r\u00e8gles dont parle Apple sont ici \u00e9dict\u00e9es par lui-m\u00eame, un acteur priv\u00e9, et qu\u2019elles ne sont \u00e0 aucun moment contr\u00f4l\u00e9es. Quels que soient les r\u00e9sultats de ces diff\u00e9rentes enqu\u00eates, la revue en d\u00e9tail de ces r\u00e8gles par des autorit\u00e9s publiques l\u00e9gitimes fera le plus grand bien \u00e0 toute l\u2019industrie.<\/p>\n<p><strong>Source <\/strong>: <a href=\"https:\/\/www.bloomberg.com\/news\/articles\/2020-06-18\/microsoft-says-antitrust-regulators-need-to-review-app-stores\" target=\"_blank\" rel=\"noopener noreferrer\">Bloomberg<\/a><\/p>\n<\/p><\/div>\n<p><script>\n         !function(f,b,e,v,n,t,s){if(f.fbq)return;n=f.fbq=function()\n         {n.callMethod? n.callMethod.apply(n,arguments):n.queue.push(arguments)}\n         ;if(!f._fbq)f._fbq=n;\n             n.push=n;n.loaded=!0;n.version='2.0';n.queue=[];t=b.createElement(e);t.async=!0;\n             t.src=v;s=b.getElementsByTagName(e)[0];s.parentNode.insertBefore(t,s)}(window,\n                 document,'script','https:\/\/connect.facebook.net\/en_US\/fbevents.js');\n         fbq('init', '1065890633454496');\n         fbq('track', 'PageView');\n     <\/script><br \/>\n<br \/>[ad_2]<br \/>\n<br \/><a href=\"https:\/\/www.01net.com\/actualites\/microsoft-veut-des-enquetes-sur-les-pratiques-de-l-app-store-d-apple-1936014.html\">Source link <\/a><\/p>\n","protected":false},"excerpt":{"rendered":"<p>[ad_1] Microsoft rejoint le wagon des agac\u00e9s de l\u2019App Store. Par la voix de son pr\u00e9sident et directeur juridique,\u00a0Brad Smith, &hellip; <a href=\"http:\/\/www.affinite.fr\/index.php\/2020\/06\/19\/microsoft-veut-des-enquetes-sur-les-pratiques-de-lapp-store-dapple\/\" class=\"more-link\">Plus <span class=\"screen-reader-text\">Microsoft veut des enqu\u00eates sur les pratiques de l\u2019App Store d\u2019Apple<\/span> <span class=\"meta-nav\">&rarr;<\/span><\/a><\/p>\n","protected":false},"author":1,"featured_media":4237,"comment_status":"open","ping_status":"open","sticky":false,"template":"","format":"standard","meta":{"_sitemap_exclude":false,"_sitemap_priority":"","_sitemap_frequency":"","footnotes":""},"categories":[1],"tags":[],"class_list":["post-4236","post","type-post","status-publish","format-standard","has-post-thumbnail","hentry","category-tous"],"_links":{"self":[{"href":"http:\/\/www.affinite.fr\/index.php\/wp-json\/wp\/v2\/posts\/4236"}],"collection":[{"href":"http:\/\/www.affinite.fr\/index.php\/wp-json\/wp\/v2\/posts"}],"about":[{"href":"http:\/\/www.affinite.fr\/index.php\/wp-json\/wp\/v2\/types\/post"}],"author":[{"embeddable":true,"href":"http:\/\/www.affinite.fr\/index.php\/wp-json\/wp\/v2\/users\/1"}],"replies":[{"embeddable":true,"href":"http:\/\/www.affinite.fr\/index.php\/wp-json\/wp\/v2\/comments?post=4236"}],"version-history":[{"count":0,"href":"http:\/\/www.affinite.fr\/index.php\/wp-json\/wp\/v2\/posts\/4236\/revisions"}],"wp:featuredmedia":[{"embeddable":true,"href":"http:\/\/www.affinite.fr\/index.php\/wp-json\/wp\/v2\/media\/4237"}],"wp:attachment":[{"href":"http:\/\/www.affinite.fr\/index.php\/wp-json\/wp\/v2\/media?parent=4236"}],"wp:term":[{"taxonomy":"category","embeddable":true,"href":"http:\/\/www.affinite.fr\/index.php\/wp-json\/wp\/v2\/categories?post=4236"},{"taxonomy":"post_tag","embeddable":true,"href":"http:\/\/www.affinite.fr\/index.php\/wp-json\/wp\/v2\/tags?post=4236"}],"curies":[{"name":"wp","href":"https:\/\/api.w.org\/{rel}","templated":true}]}}