{"id":4225,"date":"2020-06-19T07:23:29","date_gmt":"2020-06-19T07:23:29","guid":{"rendered":"https:\/\/www.affinite.fr\/index.php\/2020\/06\/19\/dix-petites-et-grandes-ameliorations-quon-veut-voir-arriver-dans-les-produits-apple\/"},"modified":"2020-06-19T07:23:29","modified_gmt":"2020-06-19T07:23:29","slug":"dix-petites-et-grandes-ameliorations-quon-veut-voir-arriver-dans-les-produits-apple","status":"publish","type":"post","link":"http:\/\/www.affinite.fr\/index.php\/2020\/06\/19\/dix-petites-et-grandes-ameliorations-quon-veut-voir-arriver-dans-les-produits-apple\/","title":{"rendered":"Dix petites et grandes am\u00e9liorations qu\u2019on veut voir arriver dans les produits Apple"},"content":{"rendered":"<p> [ad_1]<br \/>\n<\/p>\n<div itemprop=\"articleBody\">\n<p>C\u2019est encore un peu t\u00f4t pour une liste au P\u00e8re No\u00ebl, mais alors que la WWDC approche, nous qui utilisons des produits Apple au quotidien depuis longtemps maintenant, avons voulu faire la somme de certaines des petites frustrations (et parfois regrets) qui s\u2019empilent et qu\u2019on aimerait voir corrig\u00e9es.<\/p>\n<p>Apr\u00e8s tout, cela fait des ann\u00e9es qu\u2019on se plaignait des 128 Go de stockage sur les mod\u00e8les d\u2019entr\u00e9e de gamme des MacBook et Apple offre d\u00e9sormais 256 Go par d\u00e9faut ! Bien entendu, on ne croira pas une seconde qu\u2019on y est pour quelque chose. Il en faut plus pour faire bouger un g\u00e9ant de la taille d\u2019Apple. Non, on verra plut\u00f4t dans cet inventaire h\u00e9t\u00e9roclite une sorte d\u2019exutoire, un exercice cathartique.<\/p>\n<p>Quoi qu\u2019il en soit, pour que l\u2019exercice ait un sens, il faut \u00e9galement que les am\u00e9liorations souhait\u00e9es en aient un. Ainsi, on fait une croix d\u2019embl\u00e9e sur le r\u00eave de voir les iPhone ou les iPad prochainement \u00e9quip\u00e9s d\u2019un lecteur de carte SD qui servirait \u00e0 \u00e9tendre le stockage d\u2019origine. De m\u00eame, on mettra de c\u00f4t\u00e9 notre fantasme\u00a0de voir la Watch devenir vraiment plus autonome. Apple y travaille sans doute et cherche encore son \u00e9quilibre, mais on imagine assez mal les prochaines Watch capables de tenir une semaine sans recharge. Cela impliquerait soit l\u2019abandon de trop de fonctions, soit une r\u00e9volution technologique. Bref, on l\u2019esp\u00e8re sans trop y croire.<\/p>\n<p>Voil\u00e0, les am\u00e9liorations qu\u2019on liste ci-dessous doivent \u00eatre \u00e0 nos yeux cr\u00e9dibles. Le sont-elles aux v\u00f4tres ? En verriez-vous d\u2019autres en suivant les m\u00eames r\u00e8gles ? Dites-le nous en commentaires ou via Twitter, par exemple !<\/p>\n<figure class=\"figure text-center\"><img decoding=\"async\" class=\"article-img img-responsive-l\" src=\"https:\/\/img.bfmtv.com\/c\/0\/708\/1b9\/7ea6df2ac61b77754dce7c5eeafdd.jpg\" alt=\"\"\/><figcaption class=\"figure-caption figcaption color-txt-0 title-xs hidden-xs\"\/><\/figure>\n<h3 style=\"color:#333; font-family:arial,helvetica,sans-serif; font-size:23px; font-weight:700\">1 &#8211; La Magic Mouse 2 qui se recharge par induction<\/h3>\n<p>Quand une entreprise reine du design se prend les pieds dans le tapis. Ca pourrait \u00eatre le sous-titre de cette Magic Mouse, int\u00e9grant une batterie qui peut \u00eatre recharg\u00e9e en branchant un c\u00e2ble Lightning&#8230; sous la souris. Ce qui la rend \u00e9videmment inutilisable pendant ce temps.\u00a0Une aberration, qui pourrait \u00eatre corrig\u00e9e si la Magic Mouse se dotait dans une prochaine version d\u2019un syst\u00e8me de recharge sans-fil, Qi.<\/p>\n<h3 style=\"color:#333; font-family:arial,helvetica,sans-serif; font-size:23px; font-weight:700\">2 &#8211; Les iMac avec \u00e9cran sans bord<\/h3>\n<p>Voil\u00e0 des ann\u00e9es qu\u2019on l\u2019attend, et on pourrait \u00eatre exauc\u00e9 tr\u00e8s prochainement. Les tout-en-un d\u2019Apple <a href=\"https:\/\/www.01net.com\/actualites\/wwdc-2020-apple-pourrait-enfin-introduire-un-imac-redesigne-inspire-de-l-ipad-pro-1930418.html\" target=\"_blank\" rel=\"noopener noreferrer\">pourraient enfin changer de design<\/a> &#8211; identique depuis presque huit ans &#8211; et se d\u00e9barrasser de leurs encombrantes bordures. Aux origines de l\u2019iMac, il a toujours \u00e9t\u00e9 question de mettre l\u2019\u00e9cran en avant autant que faire se peut. Il est donc temps que cet ordinateur renoue avec cette position et se donne les moyens d\u2019en mettre plein la vue.<\/p>\n<p>Notons \u00e9videmment qu\u2019on peut esp\u00e9rer que le design du Pro Display XDR inspire ce nouvel iMac.<\/p>\n<h3 style=\"color:#333; font-family:arial,helvetica,sans-serif; font-size:23px; font-weight:700\">3 &#8211; Les iPhone avec charge ultra-rapide<\/h3>\n<p>L\u2019ann\u00e9e derni\u00e8re, les nouveaux iPhone <a href=\"https:\/\/www.01net.com\/actualites\/autonomie-nos-tests-le-prouvent-les-iphone-11-et-11-pro-font-enfin-mieux-que-la-concurrence-sous-android-1771748.html\" target=\"_blank\" rel=\"noopener noreferrer\">ont\u00a0enfin offert une autonomie capable de rivaliser<\/a> avec celles des t\u00e9nors Android. Il serait bienvenu\u00a0que cette ann\u00e9e, les \u00e9quipes de Tim Cook adoptent\u00a0une autre tendance forte du monde d&rsquo;en face : la charge rapide. Il serait parfait de pouvoir tenir deux jours loin d\u2019une prise apr\u00e8s avoir pris \u00e0 peine 30 minutes pour faire le plein&#8230;<\/p>\n<figure class=\"figure text-center\"><img decoding=\"async\" class=\"article-img img-responsive-l\" src=\"https:\/\/img.bfmtv.com\/c\/0\/708\/803ee\/4d4ce1eb3d4de50d0cdf233207d.jpg\" alt=\"\"\/><figcaption class=\"figure-caption figcaption color-txt-0 title-xs hidden-xs\"\/><\/figure>\n<h3 style=\"color:#333; font-family:arial,helvetica,sans-serif; font-size:23px; font-weight:700\">4 &#8211; Les MacBook avec une vraie Webcam&#8230; ou\u00a0Face ID<\/h3>\n<p>Si vous avez l\u2019occasion d\u2019utiliser parfois un iPad et sa cam\u00e9ra en fa\u00e7ade, vous avez tr\u00e8s certainement constat\u00e9 que celles des mod\u00e8les r\u00e9cents de tablettes sont de bien meilleure qualit\u00e9 que celle des MacBook Air ou Pro. ET pour cause, Apple les cantonne \u00e0 une r\u00e9solution fam\u00e9lique, indigne d\u2019un portable haut de gamme. Alors oui, on r\u00eave d\u2019une vraie Webcam pour les MacBook. Ou mieux d\u2019une cam\u00e9ra TrueDepth qui pourrait apporter Face ID aux portables et fluidifier encore un peu plus certains usages.<\/p>\n<h3 style=\"color:#333; font-family:arial,helvetica,sans-serif; font-size:23px; font-weight:700\">5 &#8211; Une Siri Remote qu&rsquo;on peut enfin utiliser dans le noir<\/h3>\n<p>L\u2019Apple TV a pris une toute autre ampleur depuis qu\u2019elle offre un App Store. Sa t\u00e9l\u00e9commande minimaliste, qui donne acc\u00e8s \u00e0 Siri, est tr\u00e8s agr\u00e9able \u00e0 utiliser malgr\u00e9 le peu de touches qu\u2019elle offre. N\u00e9anmoins, il lui manque une fonction toute b\u00eate qui permettrait de l\u2019utiliser bien plus facilement dans le noir, un petit r\u00e9tro\u00e9clairage ou un cercle phosphorescent autour d\u2019une ou deux touches qui permettrait de savoir imm\u00e9diatement dans quel sens elle est tenue.<\/p>\n<figure class=\"figure text-center\"><img decoding=\"async\" class=\"article-img img-responsive-l\" src=\"https:\/\/img.bfmtv.com\/c\/0\/708\/3ef\/64c8b32b52b7439dbeaf327b979e2.jpg\" alt=\"\"\/><figcaption class=\"figure-caption figcaption color-txt-0 title-xs hidden-xs\"\/><\/figure>\n<h3 style=\"color:#333; font-family:arial,helvetica,sans-serif; font-size:23px; font-weight:700\">6 &#8211; L\u2019USB-C pour tous, de l\u2019Apple TV aux iPhone en passant par les iPad\u00a0<\/h3>\n<p>Si l\u2019USB-C s\u2019est impos\u00e9, au d\u00e9triment d\u2019autres connecteurs, sur les MacBook, s\u2019il s\u2019est aussi install\u00e9 sur les iPad Pro, le reste de la gamme de tablettes d\u2019Apple, les iPhone et une nu\u00e9e d\u2019autres produits (dont la Siri Remote) restent fid\u00e8les au port Lightning.<\/p>\n<p>Cela simplifierait la vie de tout le monde\u00a0:\u00a0on aimerait bien voir arriver l\u2019USB-C partout chez Apple, histoire d\u2019all\u00e9ger nos sacs \u00e0 dos et valises\u2026<\/p>\n<h3 style=\"color:#333; font-family:arial,helvetica,sans-serif; font-size:23px; font-weight:700\">7 &#8211; Un super t\u00e9l\u00e9objectif sur les iPhone (haut de gamme)<\/h3>\n<p>En 2019, les iPhone 11 Pro ont eu droit \u00e0 un troisi\u00e8me objectif, l\u2019ultra grand-angle. Il est peu probable que la cuv\u00e9e 2020 fasse plus qu\u2019ajouter un LIDAR, mais on peut toutefois esp\u00e9rer que les mod\u00e8les de 2021 proposent \u00e0 leur tour un ultra t\u00e9l\u00e9objectif. Il apporterait davantage de souplesse et de possibilit\u00e9s photographiques. Imaginer pouvoir r\u00e9ussir un gros plan sans retailler dans image num\u00e9rique&#8230; sans m\u00eame parler d\u2019un mode macro.<\/p>\n<figure class=\"figure text-center\"><img decoding=\"async\" class=\"article-img img-responsive-l\" src=\"https:\/\/img.bfmtv.com\/c\/0\/708\/23c\/2fd7a67689de4102a8b09de7be330.jpg\" alt=\"\"\/><figcaption class=\"figure-caption figcaption color-txt-0 title-xs hidden-xs\"\/><\/figure>\n<h3 style=\"color:#333; font-family:arial,helvetica,sans-serif; font-size:23px; font-weight:700\">8 &#8211; Un GPU d\u00e9di\u00e9 dans les MacBook Pro 13 pouces<\/h3>\n<p>L\u00e0 encore, on ronge notre frein depuis quelque temps et voir les APU AMD d\u00e9barquer dans les PC rend cette absence encore plus difficile \u00e0 accepter. Mais il nous semblerait bienvenu que, dans la gamme des MacBook Pro 13 pouces, compos\u00e9e de deux mod\u00e8les d\u2019entr\u00e9e de gamme et de deux mod\u00e8les plus haut de gamme, les portables les plus co\u00fbteux se distinguent de leurs petits camarades avec une puce graphique bien plus performante. A l\u2019heure actuelle, il faut acheter un MacBook Pro 16 pouces pour avoir une puce graphique (d\u00e9di\u00e9e) digne de ce nom. La progression dans la gamme aurait bien plus de sens avec l\u2019ajout d\u2019un module graphique digne de ce nom.<\/p>\n<h3 style=\"color:#333; font-family:arial,helvetica,sans-serif; font-size:23px; font-weight:700\">9 &#8211; Un vrai\u00a0clavier Mac pour les\u00a0iPad<\/h3>\n<p>En ce d\u00e9but d\u2019ann\u00e9e, Apple a frapp\u00e9 un grand coup avec son <a href=\"https:\/\/www.01net.com\/actualites\/on-a-essaye-le-magic-keyboard-d-apple-l-accessoire-qui-veut-transformer-l-ipad-pro-en-pc-portable-1896522.html\" target=\"_blank\" rel=\"noopener noreferrer\">Magic Keyboard pour iPad Pro<\/a> en lui offrant davantage encore l\u2019apparence et les usages d\u2019un ordinateur portable. Toutefois, pour que l\u2019illusion soit parfaite, il faudrait que ce clavier-coque d\u2019un nouveau genre offre des touches qui lui manquent. La touche Esc en est une, mais on pense \u00e9galement \u00e0 celles des r\u00e9glages multim\u00e9dia\u00a0ou de luminosit\u00e9. Avoir tout cela au bout des doigts\u00a0\u00e9viterait d\u2019avoir \u00e0 chercher dans l\u2019interface tactile, qu\u2019il est moins naturel de solliciter quand on frappe au clavier.<\/p>\n<figure class=\"figure text-center\"><img decoding=\"async\" class=\"article-img img-responsive-l\" src=\"https:\/\/img.bfmtv.com\/c\/0\/708\/e77\/6147d292d9307b31668fc18d9279f.jpg\" alt=\"\"\/><figcaption class=\"figure-caption figcaption color-txt-0 title-xs hidden-xs\"\/><\/figure>\n<h3 style=\"color:#333; font-family:arial,helvetica,sans-serif; font-size:23px; font-weight:700\">10 &#8211; De la RAM\u00a0facilement accessible dans les MacBook<\/h3>\n<p>L\u2019\u00e8re Jonathan Ive a \u00e9t\u00e9 riche en designs splendides et\u00a0marqu\u00e9s par une volont\u00e9 d\u2019asc\u00e9tisme visuel, qui allait parfois \u00e0 l\u2019encontre des usages. La qu\u00eate de la finesse absolue en est une manifestation. Mais les choses ont chang\u00e9&#8230; Apr\u00e8s tout les MacBook Pro 13 pouces n\u2019ont-ils pas gagn\u00e9 un peu en \u00e9paisseur cette ann\u00e9e ?<\/p>\n<p>Alors, aussi improbable que cela puisse para\u00eetre et comme une entorse \u00e0 notre r\u00e8gle de r\u00e9alisme, on aimerait voir les MacBook revenir un peu en arri\u00e8re et offrir aux utilisateurs la possibilit\u00e9 de changer la RAM, et pourquoi pas SSD (ce qui est vraiment peu probable avec les puces Tx), comme bon leur semble, a posteriori. Apr\u00e8s tout, ce serait un beau progr\u00e8s pour une marque qui veut que ses machines soient durables. Un beau progr\u00e8s mais est-ce le sens de l\u2019histoire ? On a comme un doute.<\/p>\n<\/p><\/div>\n<p><script>\n         !function(f,b,e,v,n,t,s){if(f.fbq)return;n=f.fbq=function()\n         {n.callMethod? n.callMethod.apply(n,arguments):n.queue.push(arguments)}\n         ;if(!f._fbq)f._fbq=n;\n             n.push=n;n.loaded=!0;n.version='2.0';n.queue=[];t=b.createElement(e);t.async=!0;\n             t.src=v;s=b.getElementsByTagName(e)[0];s.parentNode.insertBefore(t,s)}(window,\n                 document,'script','https:\/\/connect.facebook.net\/en_US\/fbevents.js');\n         fbq('init', '1065890633454496');\n         fbq('track', 'PageView');\n     <\/script><br \/>\n<br \/>[ad_2]<br \/>\n<br \/><a href=\"https:\/\/www.01net.com\/actualites\/dix-petites-et-grandes-ameliorations-qu-on-veut-voir-arriver-dans-les-produits-apple-1934085.html\">Source link <\/a><\/p>\n","protected":false},"excerpt":{"rendered":"<p>[ad_1] C\u2019est encore un peu t\u00f4t pour une liste au P\u00e8re No\u00ebl, mais alors que la WWDC approche, nous qui &hellip; <a href=\"http:\/\/www.affinite.fr\/index.php\/2020\/06\/19\/dix-petites-et-grandes-ameliorations-quon-veut-voir-arriver-dans-les-produits-apple\/\" class=\"more-link\">Plus <span class=\"screen-reader-text\">Dix petites et grandes am\u00e9liorations qu\u2019on veut voir arriver dans les produits Apple<\/span> <span class=\"meta-nav\">&rarr;<\/span><\/a><\/p>\n","protected":false},"author":1,"featured_media":4226,"comment_status":"open","ping_status":"open","sticky":false,"template":"","format":"standard","meta":{"_sitemap_exclude":false,"_sitemap_priority":"","_sitemap_frequency":"","footnotes":""},"categories":[1],"tags":[],"class_list":["post-4225","post","type-post","status-publish","format-standard","has-post-thumbnail","hentry","category-tous"],"_links":{"self":[{"href":"http:\/\/www.affinite.fr\/index.php\/wp-json\/wp\/v2\/posts\/4225"}],"collection":[{"href":"http:\/\/www.affinite.fr\/index.php\/wp-json\/wp\/v2\/posts"}],"about":[{"href":"http:\/\/www.affinite.fr\/index.php\/wp-json\/wp\/v2\/types\/post"}],"author":[{"embeddable":true,"href":"http:\/\/www.affinite.fr\/index.php\/wp-json\/wp\/v2\/users\/1"}],"replies":[{"embeddable":true,"href":"http:\/\/www.affinite.fr\/index.php\/wp-json\/wp\/v2\/comments?post=4225"}],"version-history":[{"count":0,"href":"http:\/\/www.affinite.fr\/index.php\/wp-json\/wp\/v2\/posts\/4225\/revisions"}],"wp:featuredmedia":[{"embeddable":true,"href":"http:\/\/www.affinite.fr\/index.php\/wp-json\/wp\/v2\/media\/4226"}],"wp:attachment":[{"href":"http:\/\/www.affinite.fr\/index.php\/wp-json\/wp\/v2\/media?parent=4225"}],"wp:term":[{"taxonomy":"category","embeddable":true,"href":"http:\/\/www.affinite.fr\/index.php\/wp-json\/wp\/v2\/categories?post=4225"},{"taxonomy":"post_tag","embeddable":true,"href":"http:\/\/www.affinite.fr\/index.php\/wp-json\/wp\/v2\/tags?post=4225"}],"curies":[{"name":"wp","href":"https:\/\/api.w.org\/{rel}","templated":true}]}}