{"id":4217,"date":"2020-06-19T03:16:54","date_gmt":"2020-06-19T03:16:54","guid":{"rendered":"https:\/\/www.affinite.fr\/index.php\/2020\/06\/19\/investissez-dans-ce-chargeur-usb-universel-a-35-euros-pour-vos-deplacements-a-letranger\/"},"modified":"2020-06-19T03:16:54","modified_gmt":"2020-06-19T03:16:54","slug":"investissez-dans-ce-chargeur-usb-universel-a-35-euros-pour-vos-deplacements-a-letranger","status":"publish","type":"post","link":"http:\/\/www.affinite.fr\/index.php\/2020\/06\/19\/investissez-dans-ce-chargeur-usb-universel-a-35-euros-pour-vos-deplacements-a-letranger\/","title":{"rendered":"investissez dans ce chargeur USB universel \u00e0 35 euros pour vos d\u00e9placements \u00e0 l&rsquo;\u00e9tranger"},"content":{"rendered":"<p> [ad_1]<br \/>\n<br \/><img decoding=\"async\" src=\"https:\/\/img.bfmtv.com\/i\/0\/0\/ccf\/fb1e4710c7a7c9d343ee4d349e7c3.jpg\" \/><\/p>\n<div itemprop=\"articleBody\">\n<p>Pour les voyageurs, emporter un chargeur pour le smartphone ou l&rsquo;ordinateur portable peut souvent virer au casse-t\u00eate. Il faut disposer d&rsquo;adaptateurs pour les pays o\u00f9 on se rend et les chargeurs sont souvent diff\u00e9rents selon les appareils. Le\u00a0G6 de\u00a0Chargeasap a pour vocation de fonctionner avec un large choix d&rsquo;appareils, dans de nombreux pays. Il est propos\u00e9 en pr\u00e9commande sur le site de financement participatif\u00a0Indiegogo pour <a href=\"https:\/\/www.indiegogo.com\/projects\/g6-world-s-first-61w-travel-adapter-with-gan#\/\" target=\"_blank\" rel=\"noopener noreferrer\">35 euros au lieu de 70 euros<\/a>, avec une livraison en septembre.<\/p>\n<p>Ce chargeur int\u00e8gre de nombreux adaptateurs pour fonctionner en Suisse, Italie, Royaume-Uni, Etats-Unis, Br\u00e9sil, France, Australie, Chine, Japon, ainsi que dans d&rsquo;autres pays de l&rsquo;Europe qui utilise une prise \u00e9lectrique standard Schuko.<\/p>\n<p>Dot\u00e9 de la technologie GaN, il offre une puissance maximale de 61 W, suffisante pour un ordinateur portable de type MacBook Pro, et comporte deux ports USB Type-A (12 W maximum) et un port USB Type-C. Celui-ci est compatible avec les standard USB PD 3.0 (avec PPS) et Quick Charge 3.0. Cela lui permet d&rsquo;offrir la charge rapide pour les derniers iPhone, ainsi que les derniers smartphones Galaxy de Samsung.<\/p>\n<p>Le chargeur mesure\u00a053 x 75,5 x 55,6 mm et p\u00e8se 170 g.<\/p>\n<p><a href=\"https:\/\/www.indiegogo.com\/projects\/g6-world-s-first-61w-travel-adapter-with-gan#\/\" target=\"_blank\" rel=\"noopener noreferrer\">Retrouvez ici le chargeur G6 sur\u00a0Indiegogo.<\/a><\/p>\n<aside class=\"bg-color-0 padding-inside-all-s bloc border-s\">\n<h4 class=\"box-txt-normal\">\n<p><strong>A d\u00e9couvrir aussi en vid\u00e9o :<\/strong><\/p>\n<\/h4>\n<\/aside>\n<p>Les promotions mentionn\u00e9es dans cet article peuvent \u00eatre \u00e9ph\u00e9m\u00e8res et ne plus \u00eatre valables apr\u00e8s la date de parution de l\u2019article.<\/p>\n<p><a href=\"https:\/\/www.01net.com\/bons-plans\/\">Retrouvez tous les bons plans high-tech s\u00e9lectionn\u00e9s par 01net.com sur notre page d\u00e9di\u00e9e.<\/a><\/p>\n<p><em>Cet article est une s\u00e9lection r\u00e9alis\u00e9e par l\u2019\u00e9quipe de 01net.com, en toute ind\u00e9pendance. Il est toutefois possible que ce contenu propose un lien d\u2019affiliation. Si vous cliquez sur ce lien, l\u2019e-commer\u00e7ant peut nous reverser une commission. Pour vous, rien ne change !<\/em><\/p>\n<\/p><\/div>\n<p><script>\n         !function(f,b,e,v,n,t,s){if(f.fbq)return;n=f.fbq=function()\n         {n.callMethod? n.callMethod.apply(n,arguments):n.queue.push(arguments)}\n         ;if(!f._fbq)f._fbq=n;\n             n.push=n;n.loaded=!0;n.version='2.0';n.queue=[];t=b.createElement(e);t.async=!0;\n             t.src=v;s=b.getElementsByTagName(e)[0];s.parentNode.insertBefore(t,s)}(window,\n                 document,'script','https:\/\/connect.facebook.net\/en_US\/fbevents.js');\n         fbq('init', '1065890633454496');\n         fbq('track', 'PageView');\n     <\/script><br \/>\n<br \/>[ad_2]<br \/>\n<br \/><a href=\"https:\/\/www.01net.com\/actualites\/bon-plan-investissez-dans-ce-chargeur-usb-universel-a-35-euros-pour-vos-deplacements-a-l-etranger-1935612.html\">Source link <\/a><\/p>\n","protected":false},"excerpt":{"rendered":"<p>[ad_1] Pour les voyageurs, emporter un chargeur pour le smartphone ou l&rsquo;ordinateur portable peut souvent virer au casse-t\u00eate. Il faut &hellip; <a href=\"http:\/\/www.affinite.fr\/index.php\/2020\/06\/19\/investissez-dans-ce-chargeur-usb-universel-a-35-euros-pour-vos-deplacements-a-letranger\/\" class=\"more-link\">Plus <span class=\"screen-reader-text\">investissez dans ce chargeur USB universel \u00e0 35 euros pour vos d\u00e9placements \u00e0 l&rsquo;\u00e9tranger<\/span> <span class=\"meta-nav\">&rarr;<\/span><\/a><\/p>\n","protected":false},"author":1,"featured_media":4218,"comment_status":"open","ping_status":"open","sticky":false,"template":"","format":"standard","meta":{"_sitemap_exclude":false,"_sitemap_priority":"","_sitemap_frequency":"","footnotes":""},"categories":[1],"tags":[],"class_list":["post-4217","post","type-post","status-publish","format-standard","has-post-thumbnail","hentry","category-tous"],"_links":{"self":[{"href":"http:\/\/www.affinite.fr\/index.php\/wp-json\/wp\/v2\/posts\/4217"}],"collection":[{"href":"http:\/\/www.affinite.fr\/index.php\/wp-json\/wp\/v2\/posts"}],"about":[{"href":"http:\/\/www.affinite.fr\/index.php\/wp-json\/wp\/v2\/types\/post"}],"author":[{"embeddable":true,"href":"http:\/\/www.affinite.fr\/index.php\/wp-json\/wp\/v2\/users\/1"}],"replies":[{"embeddable":true,"href":"http:\/\/www.affinite.fr\/index.php\/wp-json\/wp\/v2\/comments?post=4217"}],"version-history":[{"count":0,"href":"http:\/\/www.affinite.fr\/index.php\/wp-json\/wp\/v2\/posts\/4217\/revisions"}],"wp:featuredmedia":[{"embeddable":true,"href":"http:\/\/www.affinite.fr\/index.php\/wp-json\/wp\/v2\/media\/4218"}],"wp:attachment":[{"href":"http:\/\/www.affinite.fr\/index.php\/wp-json\/wp\/v2\/media?parent=4217"}],"wp:term":[{"taxonomy":"category","embeddable":true,"href":"http:\/\/www.affinite.fr\/index.php\/wp-json\/wp\/v2\/categories?post=4217"},{"taxonomy":"post_tag","embeddable":true,"href":"http:\/\/www.affinite.fr\/index.php\/wp-json\/wp\/v2\/tags?post=4217"}],"curies":[{"name":"wp","href":"https:\/\/api.w.org\/{rel}","templated":true}]}}