{"id":4215,"date":"2020-06-19T02:15:09","date_gmt":"2020-06-19T02:15:09","guid":{"rendered":"https:\/\/www.affinite.fr\/index.php\/2020\/06\/19\/ciblage-publicitaire-a-la-television-top-depart-au-mois-de-juillet\/"},"modified":"2020-06-19T02:15:09","modified_gmt":"2020-06-19T02:15:09","slug":"ciblage-publicitaire-a-la-television-top-depart-au-mois-de-juillet","status":"publish","type":"post","link":"http:\/\/www.affinite.fr\/index.php\/2020\/06\/19\/ciblage-publicitaire-a-la-television-top-depart-au-mois-de-juillet\/","title":{"rendered":"Ciblage publicitaire \u00e0 la t\u00e9l\u00e9vision : top d\u00e9part au mois de juillet"},"content":{"rendered":"<p> [ad_1]<br \/>\n<br \/>Le d\u00e9cret permettant aux annonceurs d\u2019adapter leur annonces aux profils des foyers fran\u00e7ais interviendra le mois prochain, d\u2019apr\u00e8s le Premier ministre.  <\/p>\n<p> <img decoding=\"async\" src=\"https:\/\/img.bfmtv.com\/c\/150\/100\/5c0dad\/00433d56905cbe9a85305ccaf8.jpeg\" \/><br \/>\n<br \/>[ad_2]<br \/>\n<br \/><a href=\"https:\/\/www.01net.com\/actualites\/ciblage-publicitaire-a-la-television-top-depart-au-mois-de-juillet-1935529.html\">Source link <\/a><\/p>\n","protected":false},"excerpt":{"rendered":"<p>[ad_1] Le d\u00e9cret permettant aux annonceurs d\u2019adapter leur annonces aux profils des foyers fran\u00e7ais interviendra le mois prochain, d\u2019apr\u00e8s le &hellip; <a href=\"http:\/\/www.affinite.fr\/index.php\/2020\/06\/19\/ciblage-publicitaire-a-la-television-top-depart-au-mois-de-juillet\/\" class=\"more-link\">Plus <span class=\"screen-reader-text\">Ciblage publicitaire \u00e0 la t\u00e9l\u00e9vision : top d\u00e9part au mois de juillet<\/span> <span class=\"meta-nav\">&rarr;<\/span><\/a><\/p>\n","protected":false},"author":1,"featured_media":4216,"comment_status":"open","ping_status":"open","sticky":false,"template":"","format":"standard","meta":{"_sitemap_exclude":false,"_sitemap_priority":"","_sitemap_frequency":"","footnotes":""},"categories":[1],"tags":[],"class_list":["post-4215","post","type-post","status-publish","format-standard","has-post-thumbnail","hentry","category-tous"],"_links":{"self":[{"href":"http:\/\/www.affinite.fr\/index.php\/wp-json\/wp\/v2\/posts\/4215"}],"collection":[{"href":"http:\/\/www.affinite.fr\/index.php\/wp-json\/wp\/v2\/posts"}],"about":[{"href":"http:\/\/www.affinite.fr\/index.php\/wp-json\/wp\/v2\/types\/post"}],"author":[{"embeddable":true,"href":"http:\/\/www.affinite.fr\/index.php\/wp-json\/wp\/v2\/users\/1"}],"replies":[{"embeddable":true,"href":"http:\/\/www.affinite.fr\/index.php\/wp-json\/wp\/v2\/comments?post=4215"}],"version-history":[{"count":0,"href":"http:\/\/www.affinite.fr\/index.php\/wp-json\/wp\/v2\/posts\/4215\/revisions"}],"wp:featuredmedia":[{"embeddable":true,"href":"http:\/\/www.affinite.fr\/index.php\/wp-json\/wp\/v2\/media\/4216"}],"wp:attachment":[{"href":"http:\/\/www.affinite.fr\/index.php\/wp-json\/wp\/v2\/media?parent=4215"}],"wp:term":[{"taxonomy":"category","embeddable":true,"href":"http:\/\/www.affinite.fr\/index.php\/wp-json\/wp\/v2\/categories?post=4215"},{"taxonomy":"post_tag","embeddable":true,"href":"http:\/\/www.affinite.fr\/index.php\/wp-json\/wp\/v2\/tags?post=4215"}],"curies":[{"name":"wp","href":"https:\/\/api.w.org\/{rel}","templated":true}]}}