{"id":4204,"date":"2020-06-18T20:02:38","date_gmt":"2020-06-18T20:02:38","guid":{"rendered":"https:\/\/www.affinite.fr\/index.php\/2020\/06\/18\/le-conseil-constitutionnel-censure-la-majeure-partie-de-la-loi-avia\/"},"modified":"2020-06-18T20:02:38","modified_gmt":"2020-06-18T20:02:38","slug":"le-conseil-constitutionnel-censure-la-majeure-partie-de-la-loi-avia","status":"publish","type":"post","link":"http:\/\/www.affinite.fr\/index.php\/2020\/06\/18\/le-conseil-constitutionnel-censure-la-majeure-partie-de-la-loi-avia\/","title":{"rendered":"le Conseil constitutionnel censure la majeure partie de la loi Avia"},"content":{"rendered":"<p> [ad_1]<br \/>\n<br \/><img decoding=\"async\" src=\"https:\/\/img.bfmtv.com\/i\/0\/0\/c0cd2\/5427b7d779f8e3700b777a329eb.jpeg\" \/><\/p>\n<div itemprop=\"articleBody\">\n<p>Le Conseil constitutionnel a censur\u00e9, ce jeudi 18\u00a0juin, la disposition principale de la proposition de <a href=\"https:\/\/www.01net.com\/actualites\/loi-contre-la-cyber-haine-qu-est-ce-que-cela-change-pour-vous-1918801.html#content\/contribution\/edit\" target=\"_blank\" rel=\"noopener noreferrer\">loi contre la haine en ligne<\/a>, port\u00e9e par la d\u00e9put\u00e9e LREM\u00a0Laetitia Avia depuis plus d&rsquo;un an et adopt\u00e9e d\u00e9finitivement par le Parlement, le <a href=\"http:\/\/www.01net.com\/actualites\/la-loi-contre-cyberhaine-est-enfin-adoptee-par-l-assemblee-nationale-1913456.html\" target=\"_blank\" rel=\"noopener noreferrer\">mois dernier.<\/a> Selon les \u00ab\u00a0Sages\u00a0\u00bb,\u00a0\u00a0l\u2019obligation\u00a0impos\u00e9e par ce texte aux r\u00e9seaux sociaux de supprimer, en moins de vingt-quatre\u00a0heures, les contenus\u00a0\u00ab\u00a0haineux\u00a0\u00bb est incompatible avec la libert\u00e9 d\u2019expression.<\/p>\n<h3 style=\"color:#333; font-family:arial,helvetica,sans-serif; font-size:23px; font-weight:700\">Une atteinte \u00e0 la libert\u00e9 d&rsquo;expression disproportionn\u00e9e<\/h3>\n<blockquote>\n<p>\u00ab\u00a0<em>Le l\u00e9gislateur a voulu pr\u00e9venir la commission d&rsquo;actes troublant gravement l&rsquo;ordre public et \u00e9viter la diffusion de propos faisant l&rsquo;\u00e9loge de tels actes<\/em>\u00a0\u00bb reconna\u00eet le Conseil constitutionnel dans sa d\u00e9cision. N\u00e9anmoins, \u00ab\u00a0<em>les dispositions contest\u00e9es ne peuvent qu&rsquo;inciter les op\u00e9rateurs de plate-forme en ligne \u00e0 retirer les contenus qu&rsquo;ils soient ou non manifestement illicites. Elles portent donc une atteinte \u00e0 l&rsquo;exercice de la libert\u00e9 d&rsquo;expression et de communication qui n&rsquo;est pas n\u00e9cessaire, adapt\u00e9e et proportionn\u00e9e<\/em>\u00a0\u00bb.<\/p>\n<\/blockquote>\n<p>C&rsquo;est un v\u00e9ritable camouflet pour le gouvernement, premier soutien du texte, et pour la loi, presque int\u00e9gralement vid\u00e9e de son contenu.\u00a0<\/p>\n<p>Cette d\u00e9cision met un terme aux pol\u00e9miques entourant le texte et donne ainsi raison aux nombreux opposants de la loi, qui d\u00e9non\u00e7aient les risques de sur-censure par les g\u00e9ants tels que Facebook, Twitter, Snapchat ou YouTube. Faute de suppression, les plates-formes s&rsquo;exposaient \u00e0 des sanctions p\u00e9nales et financi\u00e8res :\u00a0des amendes pouvant atteindre 4\u00a0% de leur chiffre d&rsquo;affaires mondial. Au jeu du\u00a0censurera bien qui censurera le dernier, le Conseil constitutionnel a donc gagn\u00e9.\u00a0<\/p>\n<p><strong>Source<\/strong> : <a href=\"https:\/\/www.conseil-constitutionnel.fr\/decision\/2020\/2020801DC.htm\" target=\"_blank\" rel=\"noopener noreferrer\">Conseil constitutionnel<\/a><\/p>\n<\/p><\/div>\n<p><script>\n         !function(f,b,e,v,n,t,s){if(f.fbq)return;n=f.fbq=function()\n         {n.callMethod? n.callMethod.apply(n,arguments):n.queue.push(arguments)}\n         ;if(!f._fbq)f._fbq=n;\n             n.push=n;n.loaded=!0;n.version='2.0';n.queue=[];t=b.createElement(e);t.async=!0;\n             t.src=v;s=b.getElementsByTagName(e)[0];s.parentNode.insertBefore(t,s)}(window,\n                 document,'script','https:\/\/connect.facebook.net\/en_US\/fbevents.js');\n         fbq('init', '1065890633454496');\n         fbq('track', 'PageView');\n     <\/script><br \/>\n<br \/>[ad_2]<br \/>\n<br \/><a href=\"https:\/\/www.01net.com\/actualites\/haine-en-ligne-le-conseil-constitutionnel-censure-la-majeure-partie-de-la-loi-avia-1935678.html\">Source link <\/a><\/p>\n","protected":false},"excerpt":{"rendered":"<p>[ad_1] Le Conseil constitutionnel a censur\u00e9, ce jeudi 18\u00a0juin, la disposition principale de la proposition de loi contre la haine &hellip; <a href=\"http:\/\/www.affinite.fr\/index.php\/2020\/06\/18\/le-conseil-constitutionnel-censure-la-majeure-partie-de-la-loi-avia\/\" class=\"more-link\">Plus <span class=\"screen-reader-text\">le Conseil constitutionnel censure la majeure partie de la loi Avia<\/span> <span class=\"meta-nav\">&rarr;<\/span><\/a><\/p>\n","protected":false},"author":1,"featured_media":2783,"comment_status":"open","ping_status":"open","sticky":false,"template":"","format":"standard","meta":{"_sitemap_exclude":false,"_sitemap_priority":"","_sitemap_frequency":"","footnotes":""},"categories":[1],"tags":[],"class_list":["post-4204","post","type-post","status-publish","format-standard","has-post-thumbnail","hentry","category-tous"],"_links":{"self":[{"href":"http:\/\/www.affinite.fr\/index.php\/wp-json\/wp\/v2\/posts\/4204"}],"collection":[{"href":"http:\/\/www.affinite.fr\/index.php\/wp-json\/wp\/v2\/posts"}],"about":[{"href":"http:\/\/www.affinite.fr\/index.php\/wp-json\/wp\/v2\/types\/post"}],"author":[{"embeddable":true,"href":"http:\/\/www.affinite.fr\/index.php\/wp-json\/wp\/v2\/users\/1"}],"replies":[{"embeddable":true,"href":"http:\/\/www.affinite.fr\/index.php\/wp-json\/wp\/v2\/comments?post=4204"}],"version-history":[{"count":0,"href":"http:\/\/www.affinite.fr\/index.php\/wp-json\/wp\/v2\/posts\/4204\/revisions"}],"wp:featuredmedia":[{"embeddable":true,"href":"http:\/\/www.affinite.fr\/index.php\/wp-json\/wp\/v2\/media\/2783"}],"wp:attachment":[{"href":"http:\/\/www.affinite.fr\/index.php\/wp-json\/wp\/v2\/media?parent=4204"}],"wp:term":[{"taxonomy":"category","embeddable":true,"href":"http:\/\/www.affinite.fr\/index.php\/wp-json\/wp\/v2\/categories?post=4204"},{"taxonomy":"post_tag","embeddable":true,"href":"http:\/\/www.affinite.fr\/index.php\/wp-json\/wp\/v2\/tags?post=4204"}],"curies":[{"name":"wp","href":"https:\/\/api.w.org\/{rel}","templated":true}]}}