{"id":4201,"date":"2020-06-18T18:00:14","date_gmt":"2020-06-18T18:00:14","guid":{"rendered":"https:\/\/www.affinite.fr\/index.php\/2020\/06\/18\/balancetontiktokeur-le-hashtag-qui-revele-lampleur-du-harcelement-sur-le-reseau-prefere-des-ados\/"},"modified":"2020-06-18T18:00:14","modified_gmt":"2020-06-18T18:00:14","slug":"balancetontiktokeur-le-hashtag-qui-revele-lampleur-du-harcelement-sur-le-reseau-prefere-des-ados","status":"publish","type":"post","link":"http:\/\/www.affinite.fr\/index.php\/2020\/06\/18\/balancetontiktokeur-le-hashtag-qui-revele-lampleur-du-harcelement-sur-le-reseau-prefere-des-ados\/","title":{"rendered":"#BalancetonTikTokeur, le hashtag qui r\u00e9v\u00e8le l&rsquo;ampleur du harc\u00e8lement sur le r\u00e9seau pr\u00e9f\u00e9r\u00e9 des ados"},"content":{"rendered":"<p> [ad_1]<br \/>\n<br \/><img decoding=\"async\" src=\"https:\/\/img.bfmtv.com\/i\/0\/0\/a72\/fa53bc86944c882eff433304128d6.jpeg\" \/><\/p>\n<div itemprop=\"articleBody\">\n<p style=\"color:#333; font-family:arial,helvetica,sans-serif; font-size:18px\">\u00ab <em>Venez on lance le\u00a0#BalancetonTikTokeur\u00a0pour d\u00e9noncer les tdc <\/em>(sic)<em> de ce r\u00e9seau qui profitent de leurs abonn\u00e9s pour demander des <\/em>nudes<em> alors qu\u2019elles sont mineures.<\/em> \u00bb\u00a0Mercredi 17 juin, aux alentours de 18 heures, une internaute nomm\u00e9e\u00a0@dilxgx publie ce tweet pour lib\u00e9rer la parole des victimes de harc\u00e8lement sur TikTok. Il\u00a0va \u00eatre ensuite repartag\u00e9 plus de 3 000 fois sur\u00a0Twitter.<\/p>\n<h3 style=\"color:#333; font-family:arial,helvetica,sans-serif; font-size:23px; font-weight:700\">Des \u00ab nudes \u00bb \u00e0 tout prix<\/h3>\n<p style=\"color:#333; font-family:arial,helvetica,sans-serif; font-size:18px\">Gr\u00e2ce \u00e0 ce\u00a0hashtag lib\u00e9rateur, de nombreuses\u00a0utilisatrices\u00a0(principalement des femmes)\u00a0ont t\u00e9moign\u00e9\u00a0\u00e0 propos d&rsquo;\u00e9changes qu\u2019elles ont eus sur le\u00a0r\u00e9seau social de partage de vid\u00e9os avec d\u2019influents utilisateurs, qui profiteraient de \u00ab <em>leur notori\u00e9t\u00e9<\/em> \u00bb, selon la jeune femme \u00e0 l&rsquo;initiative du mouvement, pour les faire chanter et leur demander d&rsquo;envoyer des photos d\u00e9nud\u00e9es. Cette vague de t\u00e9moignages\u00a0fait \u00e9cho\u00a0aux\u00a0#BalancetonPorc et #BalanceTonYoutubeur qui avaient envahi Twitter deux ans auparavant.\u00a0<\/p>\n<div data-force-click=\"true\" class=\"bloc\">\n<blockquote class=\"twitter-tweet\">\n<p lang=\"fr\" dir=\"ltr\">Venez on lance le <a href=\"https:\/\/twitter.com\/hashtag\/Balancetontiktokeur?src=hash&amp;ref_src=twsrc%5Etfw\">#Balancetontiktokeur<\/a> pour d\u00e9noncer les tdc de ce r\u00e9seau qui profite de leurs abonn\u00e9s pour demander des nudes alors qu\u2019elles sont mineurs<\/p>\n<p>\u2014 dil\u10e6 (@dilxgx) <a href=\"https:\/\/twitter.com\/dilxgx\/status\/1273280730806845440?ref_src=twsrc%5Etfw\">June 17, 2020<\/a><\/p><\/blockquote><\/div>\n<h3 style=\"color:#333; font-family:arial,helvetica,sans-serif; font-size:23px; font-weight:700\">20 000 tweets en moins de 24 heures<\/h3>\n<p>\u00c0 la suite de son appel,\u00a0plus de 20 000 tweets ont \u00e9t\u00e9 publi\u00e9 avec le hashtag #BalancetonTikTokeur jusqu&rsquo;au lendemain matin, ce jeudi 18 juin. \u00c0 plusieurs reprises, l&rsquo;initiatrice\u00a0a incit\u00e9\u00a0celles qui t\u00e9moignaient\u00a0\u00e0 poster des captures d&rsquo;\u00e9cran en guise de \u00ab <em>preuves<\/em> \u00bb. Voici quelques extraits :\u00a0<\/p>\n<blockquote>\n<p>\u00ab <em>Envoie une photo de toi en soutif\u00a0<\/em>[&#8230;] <em>Allez vas y c&rsquo;est bon<\/em> [&#8230;]\u00a0<em>Je veux te voir nue moi\u00a0<\/em>\u00bb, insiste un internaute aupr\u00e8s d&rsquo;une adolescente qui assure avoir 13 ans au moment de l\u2019\u00e9change.<\/p>\n<\/blockquote>\n<p>Certaines racontent (et montrent) qu&rsquo;elles peuvent avoir re\u00e7u des menaces si elles n&rsquo;envoyaient pas de \u00ab nudes \u00bb.<\/p>\n<blockquote>\n<p>\u00ab <em>Je vais te mettre des coups de fouet, t\u2019en as l\u2019habitude n\u2019est-ce pas? Ouh, excuse-moi, j\u2019ai sans doute d\u00fb violer ta petite soeur\u00a0<\/em>\u00bb, menace un autre en message priv\u00e9 -avec en prime des insinuations racistes.\u00a0<\/p>\n<\/blockquote>\n<p>D&rsquo;autres se sont senties utilis\u00e9es, voire vol\u00e9es.\u00a0Une autre jeune fille r\u00e9v\u00e8le qu\u2019un Tiktokeur dont elle \u00e9tait fan lui aurait soutir\u00e9 de l\u2019argent (plus de 300 euros) pour payer, entre autres, des d\u00e9placements en Uber.<\/p>\n<p>Menaces, insultes, chantage&#8230; Les messages priv\u00e9s \u00e9chang\u00e9s sur TikTok par ces jeunes adolescents d\u00e9sormais d\u00e9voil\u00e9s montrent l&rsquo;ampleur et la multiplticit\u00e9\u00a0des formes de\u00a0harc\u00e8lement potentiellement subis sur les r\u00e9seaux sociaux.\u00a0<\/p>\n<blockquote>\n<p>\u00ab <em>J\u2019ai eu l\u2019id\u00e9e de cr\u00e9er le # pour encourager les autres \u00e0 dire la v\u00e9rit\u00e9 et \u00e0 enfin avoir une bonne occasion de sortir des screens de TikTokeurs qui demandent des nudes \u00e0 leurs abonn\u00e9s alors qu\u2019ils savent qu\u2019ils en demandent \u00e0 des meufs de 13 ans<\/em> \u00bb, tweete\u00a0@dilxgx,\u00a0la jeune femme \u00e0 l&rsquo;initiative du hashtag, dans un <em>thread<\/em> d&rsquo;explication publi\u00e9 plus tard dans la soir\u00e9e.<\/p>\n<\/blockquote>\n<h3 style=\"color:#333; font-family:arial,helvetica,sans-serif; font-size:23px; font-weight:700\">En public aussi,\u00a0TikTok montr\u00e9 du doigt<\/h3>\n<p>Mais la vague a largement d\u00e9pass\u00e9 les seuls\u00a0messages priv\u00e9s pour s&rsquo;en prendre aux vid\u00e9os partag\u00e9es sur TikTok,\u00a0diffusant des propos manifestement sexistes, homophobes ou racistes sur le r\u00e9seau. Ou encore des mises en sc\u00e8ne ouvertement sexuelles.<\/p>\n<p>Ci-dessous, floril\u00e8ge de propos sexistes :\u00a0<\/p>\n<blockquote>\n<p>\u00ab <em>Vous<\/em> [les femmes, NDLR], <em>vous avez l\u2019occasion de trouver un travail en passant sous le bureau, nous non<\/em>\u00a0\u00bb, crie un Tiktokeur avant de lancer \u00e0 la jeune fille connect\u00e9e avec lui dans ce qu&rsquo;il appelle un \u00ab d\u00e9bat \u00bb : \u00ab\u00a0<em>Vous avez qu&rsquo;\u00e0 pas saigner, voil\u00e0, c&rsquo;est tout !<\/em> \u00bb<\/p>\n<\/blockquote>\n<p>Appel\u00e9 \u00e0 r\u00e9agir par un de ses abonn\u00e9s \u00e0 propos d&rsquo;un tweet o\u00f9 il \u00e9crivait \u00ab <em>Vous cassez pas un peu les couilles avec votre viol l\u00e0 ? <\/em>\u00bb, le Tiktokeur Alo\u00efs d\u00e9cr\u00e9dibilisait la parole des victimes\u00a0:<\/p>\n<blockquote>\n<p>\u00ab <em>La majorit\u00e9 des meufs qui \u00ab\u00a0t\u00e9moignent\u00a0\u00bb\u00a0sur Twitter, c\u2019est les m\u00eames qui font les putes sur les r\u00e9seaux. Faut pas faire les victimes apr\u00e8s.<\/em> \u00bb<\/p>\n<\/blockquote>\n<p>Parmi les noms les plus cit\u00e9s de ce hashtag, l\u2019influenceur aurait depuis supprim\u00e9 son compte sur la plate-forme de vid\u00e9os. Le message ne semble pas \u00eatre pass\u00e9&#8230;\u00a0<\/p>\n<h3 style=\"color:#333; font-family:arial,helvetica,sans-serif; font-size:23px; font-weight:700\">Marl\u00e8ne Schiappa demande\u00a0\u00ab des mesures drastiques \u00bb<\/h3>\n<p>Alors que les t\u00e9moignages n&rsquo;ont cess\u00e9 d&rsquo;affluer, ce matin, Marl\u00e8ne Schiappa, secr\u00e9taire d\u2019\u00c9tat charg\u00e9e de l\u2019\u00c9galit\u00e9 entre les femmes et les hommes et de Lutte contre les discriminations s&rsquo;est d\u00e9clar\u00e9e, sur Twitter,\u00a0\u00ab <em>choqu\u00e9e\u00a0par les t\u00e9moignages d\u2019emprise, chantage et violences sexuelles\u00a0<\/em>\u00bb<em>.<\/em>\u00a0Elle a demand\u00e9 un rendez-vous \u00ab <em>imm\u00e9diatement<\/em> \u00bb avec le \u00ab<em> r\u00e9seau social de nos enfants et nos ados<\/em> \u00bb pour \u00ab<em> <\/em><em>imposer\u00a0des mesures drastiques<\/em> \u00bb.\u00a0<\/p>\n<div data-force-click=\"true\" class=\"bloc\">\n<blockquote class=\"twitter-tweet\">\n<p lang=\"fr\" dir=\"ltr\"><a href=\"https:\/\/twitter.com\/hashtag\/Balancetontiktokeur?src=hash&amp;ref_src=twsrc%5Etfw\">#Balancetontiktokeur<\/a> <br \/>Tik Tok est le r\u00e9seau social de nos enfants &amp; ados, il est n\u00e9cessaire que ce soit un espace s\u00fbr.<\/p>\n<p>Choqu\u00e9e par les t\u00e9moignages d\u2019emprise, chantage et violences sexuelles, je demande imm\u00e9diatement un RDV avec <a href=\"https:\/\/twitter.com\/hashtag\/TikTok?src=hash&amp;ref_src=twsrc%5Etfw\">#TikTok<\/a>: des mesures drastiques s\u2019imposent !<\/p>\n<p>\u2014 ?? MarleneSchiappa (@MarleneSchiappa) <a href=\"https:\/\/twitter.com\/MarleneSchiappa\/status\/1273498711075799042?ref_src=twsrc%5Etfw\">June 18, 2020<\/a><\/p><\/blockquote><\/div>\n<p>                D&rsquo;autres ont affich\u00e9 leur soutien aux jeunes victimes qui ont parl\u00e9 sur Twitter. Le collectif f\u00e9ministes Nous Toutes a tenu \u00e0 apporter le sien \u00ab\u00a0<em>\u00e0 toutes celles qui parlent. Et \u00e0 toutes les autres<\/em> \u00bb.<\/p>\n<p style=\"color:#333; font-family:arial,helvetica,sans-serif; font-size:18px\">De son c\u00f4t\u00e9,\u00a0TikTok condamne ces comportements. La plate-forme tient a rappeler ses efforts en termes de mod\u00e9ration sur son r\u00e9seau, et rappelle que toute personne qui tiendrait ce genre de propos peut voir son profil supprim\u00e9\u00a0s&rsquo;il r\u00e9cidive. Mais, TikTok\u00a0note\u00a0tout de m\u00eame que la plupart des \u00e9changes priv\u00e9s n&rsquo;ont pas eu lieu sur leur propre messagerie.\u00a0<\/p>\n<\/p><\/div>\n<p><script async src=\"http:\/\/platform.twitter.com\/widgets.js\" charset=\"utf-8\"><\/script><script>\n         !function(f,b,e,v,n,t,s){if(f.fbq)return;n=f.fbq=function()\n         {n.callMethod? n.callMethod.apply(n,arguments):n.queue.push(arguments)}\n         ;if(!f._fbq)f._fbq=n;\n             n.push=n;n.loaded=!0;n.version='2.0';n.queue=[];t=b.createElement(e);t.async=!0;\n             t.src=v;s=b.getElementsByTagName(e)[0];s.parentNode.insertBefore(t,s)}(window,\n                 document,'script','https:\/\/connect.facebook.net\/en_US\/fbevents.js');\n         fbq('init', '1065890633454496');\n         fbq('track', 'PageView');\n     <\/script><br \/>\n<br \/>[ad_2]<br \/>\n<br \/><a href=\"https:\/\/www.01net.com\/actualites\/balancetontiktokeur-le-hashtag-qui-revele-l-ampleur-du-harcelement-sur-le-reseau-prefere-des-ados-1935594.html\">Source link <\/a><\/p>\n","protected":false},"excerpt":{"rendered":"<p>[ad_1] \u00ab Venez on lance le\u00a0#BalancetonTikTokeur\u00a0pour d\u00e9noncer les tdc (sic) de ce r\u00e9seau qui profitent de leurs abonn\u00e9s pour demander &hellip; <a href=\"http:\/\/www.affinite.fr\/index.php\/2020\/06\/18\/balancetontiktokeur-le-hashtag-qui-revele-lampleur-du-harcelement-sur-le-reseau-prefere-des-ados\/\" class=\"more-link\">Plus <span class=\"screen-reader-text\">#BalancetonTikTokeur, le hashtag qui r\u00e9v\u00e8le l&rsquo;ampleur du harc\u00e8lement sur le r\u00e9seau pr\u00e9f\u00e9r\u00e9 des ados<\/span> <span class=\"meta-nav\">&rarr;<\/span><\/a><\/p>\n","protected":false},"author":1,"featured_media":2340,"comment_status":"open","ping_status":"open","sticky":false,"template":"","format":"standard","meta":{"_sitemap_exclude":false,"_sitemap_priority":"","_sitemap_frequency":"","footnotes":""},"categories":[1],"tags":[],"class_list":["post-4201","post","type-post","status-publish","format-standard","has-post-thumbnail","hentry","category-tous"],"_links":{"self":[{"href":"http:\/\/www.affinite.fr\/index.php\/wp-json\/wp\/v2\/posts\/4201"}],"collection":[{"href":"http:\/\/www.affinite.fr\/index.php\/wp-json\/wp\/v2\/posts"}],"about":[{"href":"http:\/\/www.affinite.fr\/index.php\/wp-json\/wp\/v2\/types\/post"}],"author":[{"embeddable":true,"href":"http:\/\/www.affinite.fr\/index.php\/wp-json\/wp\/v2\/users\/1"}],"replies":[{"embeddable":true,"href":"http:\/\/www.affinite.fr\/index.php\/wp-json\/wp\/v2\/comments?post=4201"}],"version-history":[{"count":0,"href":"http:\/\/www.affinite.fr\/index.php\/wp-json\/wp\/v2\/posts\/4201\/revisions"}],"wp:featuredmedia":[{"embeddable":true,"href":"http:\/\/www.affinite.fr\/index.php\/wp-json\/wp\/v2\/media\/2340"}],"wp:attachment":[{"href":"http:\/\/www.affinite.fr\/index.php\/wp-json\/wp\/v2\/media?parent=4201"}],"wp:term":[{"taxonomy":"category","embeddable":true,"href":"http:\/\/www.affinite.fr\/index.php\/wp-json\/wp\/v2\/categories?post=4201"},{"taxonomy":"post_tag","embeddable":true,"href":"http:\/\/www.affinite.fr\/index.php\/wp-json\/wp\/v2\/tags?post=4201"}],"curies":[{"name":"wp","href":"https:\/\/api.w.org\/{rel}","templated":true}]}}