{"id":4195,"date":"2020-06-18T15:05:16","date_gmt":"2020-06-18T15:05:16","guid":{"rendered":"https:\/\/www.affinite.fr\/index.php\/2020\/06\/18\/la-video-qui-indigne-la-toile\/"},"modified":"2020-06-18T15:05:16","modified_gmt":"2020-06-18T15:05:16","slug":"la-video-qui-indigne-la-toile","status":"publish","type":"post","link":"http:\/\/www.affinite.fr\/index.php\/2020\/06\/18\/la-video-qui-indigne-la-toile\/","title":{"rendered":"la VID\u00c9O qui indigne la Toile"},"content":{"rendered":"<p> [ad_1]<br \/>\n<br \/><img decoding=\"async\" src=\"https:\/\/img-3.journaldesfemmes.fr\/pU2Ji407jK9Md02Ie3qWNzVQvaA=\/1280x\/smart\/43c997d0ce4f4ccdb6ba60914f7e41d9\/ccmcms-jdf\/16507498.jpg\" \/><\/p>\n<p>\n                C&rsquo;est une vid\u00e9o insoutenable qui a provoqu\u00e9 l&rsquo;indignation des r\u00e9seaux sociaux. Ce mercredi 17\u00a0juin, en gare d&rsquo;Aulnay-Sous-Bois, trois agents de la suret\u00e9 ferroviaire ont interpell\u00e9 et violent\u00e9 une femme enceinte&#8230;            <\/p>\n<div>\n<p>Ce sont des images d&rsquo;une rare violence qui ont fait le tour de la Toile ce mercredi 17 juin, provoquant la col\u00e8re et l&rsquo;indignation des internautes. Visionn\u00e9e plus de 900.000\u00a0fois en 16\u00a0heures, la vid\u00e9o montre <strong>un \u00e9change tendu entre une femme et des agents de\u00a0s\u00fbret\u00e9 de la SNCF,<\/strong> <strong>en gare d&rsquo;Aulnay-sous-Bois<\/strong>, en Seine-Saint-Denis. Apr\u00e8s de vives altercations, la\u00a0femme est violemment\u00a0plaqu\u00e9e au sol. Effray\u00e9e, elle se met \u00e0 hurler, leur demandant de ne pas s&rsquo;appuyer sur son ventre. En effet, la voyageuse\u00a0est <strong>enceinte<\/strong>. Une information qui ne semble pas freiner les agents, qui\u00a0<strong>la maintiennent\u00a0ventre \u00e0 terre pendant de longues minutes<\/strong>. Pire encore : l&rsquo;un\u00a0d&rsquo;entre eux\u00a0lui ass\u00e8ne m\u00eame\u00a0un <strong>coup de pied au visage<\/strong>.<\/p>\n<h2>Les t\u00e9moins confirment la \u00ab\u00a0violence\u00a0\u00bb de la sc\u00e8ne<\/h2>\n<p>Un usage de force effroyable qui a suscit\u00e9 l&rsquo;\u00e9moi. D&rsquo;apr\u00e8s un t\u00e9moin contact\u00e9 par <em>Le Parisien<\/em>, la femme\u00a0\u00ab\u00a0<em>se trouvait entre les portiques dans le passage r\u00e9serv\u00e9 aux handicap\u00e9s, (&#8230;)\u00a0lorsque les agents de la s\u00fbret\u00e9 ferroviaire ont tent\u00e9 de l&rsquo;interpeller. L&rsquo;un d&rsquo;entre eux a m\u00eame pris la veste de cette dame et l&rsquo;a jet\u00e9 de l&rsquo;autre c\u00f4t\u00e9 des portiques. \u00c7a a dur\u00e9 10\u00a0secondes<\/em>\u00ab\u00a0, confie-t-il, confirmant <strong>l\u2019extr\u00eame <em>\u00ab\u00a0violence\u00a0\u00bb<\/em> de la sc\u00e8ne<\/strong>.\u00a0<\/p>\n<p>Sur les r\u00e9seaux sociaux, les internautes s&rsquo;insurgent et d\u00e9noncent le caract\u00e8re raciste de cette agression, la femme \u00e9tait noire. De nombreuses personnalit\u00e9s ont \u00e9galement tenu \u00e0 r\u00e9agir\u00a0comme la d\u00e9put\u00e9e LFI Dani\u00e8le Obono ou encore Hapsatou Sy\u00a0: \u00ab\u00a0<em>Donc maintenant la SNCF s&rsquo;y met et des agents qui ne sont m\u00eame pas policiers se prennent pour des cow boys, qui plus est sur une femme enceinte. Quelle violence\u00a0!\u00a0\u00bb<\/em>\u00a0,d\u00e9nonce l&rsquo;animatrice sur son compte Instagram.\u00a0<\/p>\n<p>La raison de cette interpellation ? : <em>\u00ab\u00a0<strong>La personne interpell\u00e9e n&rsquo;avait pas de titre de transport, pas de masque<\/strong>, et a refus\u00e9 le contr\u00f4le\u00a0\u00bb<\/em>, indique une source proche de l&rsquo;enqu\u00eate au <em>Parisien<\/em>, pr\u00e9cisant\u00a0\u00e9galement\u00a0que celle-ci a <em>\u00ab\u00a0postillonn\u00e9 au visage des agents et tent\u00e9 de leur porter un coup\u00a0\u00bb.<\/em>\u00a0<\/p>\n<aside id=\"NL_2143643056\" class=\"newsletter_subscription jNlBlock\"><noscript><br \/>\n            <\/noscript><\/p>\n<h3 class=\"newsletter_subscription-title\">Newsletter <\/h3>\n<p><a href=\"\/\/mailing.ccmbg.com\/archive\/last-85\" target=\"_blank\" class=\"a_hover\" rel=\"noopener noreferrer\">Voir un exemple<\/a><\/p>\n<\/aside>\n<p>Les trois agents de la Suge ont d\u00e9pos\u00e9 plainte pour outrages et r\u00e9bellion, De son cot\u00e9, la victime a \u00e9galement saisi la justice pour \u00ab\u00a0violences volontaires aggrav\u00e9es par personne d\u00e9positaire de l&rsquo;autorit\u00e9 publique\u00a0\u00bb.<\/p>\n<\/p><\/div>\n<p>[ad_2]<br \/>\n<br \/><a href=\"https:\/\/www.journaldesfemmes.fr\/societe\/actu\/2644635-des-agents-sncf-violentent-une-femme-enceinte-la-video-qui-indigne-la-toile\/\">Source link <\/a><\/p>\n","protected":false},"excerpt":{"rendered":"<p>[ad_1] C&rsquo;est une vid\u00e9o insoutenable qui a provoqu\u00e9 l&rsquo;indignation des r\u00e9seaux sociaux. Ce mercredi 17\u00a0juin, en gare d&rsquo;Aulnay-Sous-Bois, trois agents &hellip; <a href=\"http:\/\/www.affinite.fr\/index.php\/2020\/06\/18\/la-video-qui-indigne-la-toile\/\" class=\"more-link\">Plus <span class=\"screen-reader-text\">la VID\u00c9O qui indigne la Toile<\/span> <span class=\"meta-nav\">&rarr;<\/span><\/a><\/p>\n","protected":false},"author":1,"featured_media":4196,"comment_status":"open","ping_status":"open","sticky":false,"template":"","format":"standard","meta":{"_sitemap_exclude":false,"_sitemap_priority":"","_sitemap_frequency":"","footnotes":""},"categories":[1],"tags":[],"class_list":["post-4195","post","type-post","status-publish","format-standard","has-post-thumbnail","hentry","category-tous"],"_links":{"self":[{"href":"http:\/\/www.affinite.fr\/index.php\/wp-json\/wp\/v2\/posts\/4195"}],"collection":[{"href":"http:\/\/www.affinite.fr\/index.php\/wp-json\/wp\/v2\/posts"}],"about":[{"href":"http:\/\/www.affinite.fr\/index.php\/wp-json\/wp\/v2\/types\/post"}],"author":[{"embeddable":true,"href":"http:\/\/www.affinite.fr\/index.php\/wp-json\/wp\/v2\/users\/1"}],"replies":[{"embeddable":true,"href":"http:\/\/www.affinite.fr\/index.php\/wp-json\/wp\/v2\/comments?post=4195"}],"version-history":[{"count":0,"href":"http:\/\/www.affinite.fr\/index.php\/wp-json\/wp\/v2\/posts\/4195\/revisions"}],"wp:featuredmedia":[{"embeddable":true,"href":"http:\/\/www.affinite.fr\/index.php\/wp-json\/wp\/v2\/media\/4196"}],"wp:attachment":[{"href":"http:\/\/www.affinite.fr\/index.php\/wp-json\/wp\/v2\/media?parent=4195"}],"wp:term":[{"taxonomy":"category","embeddable":true,"href":"http:\/\/www.affinite.fr\/index.php\/wp-json\/wp\/v2\/categories?post=4195"},{"taxonomy":"post_tag","embeddable":true,"href":"http:\/\/www.affinite.fr\/index.php\/wp-json\/wp\/v2\/tags?post=4195"}],"curies":[{"name":"wp","href":"https:\/\/api.w.org\/{rel}","templated":true}]}}