{"id":4179,"date":"2020-06-18T09:41:35","date_gmt":"2020-06-18T09:41:35","guid":{"rendered":"https:\/\/www.affinite.fr\/index.php\/2020\/06\/18\/les-macbook-air-et-pro-2020-sont-allergiques-a-certains-peripheriques-usb\/"},"modified":"2020-06-18T09:41:35","modified_gmt":"2020-06-18T09:41:35","slug":"les-macbook-air-et-pro-2020-sont-allergiques-a-certains-peripheriques-usb","status":"publish","type":"post","link":"http:\/\/www.affinite.fr\/index.php\/2020\/06\/18\/les-macbook-air-et-pro-2020-sont-allergiques-a-certains-peripheriques-usb\/","title":{"rendered":"Les MacBook Air et Pro 2020 sont allergiques \u00e0 certains p\u00e9riph\u00e9riques USB"},"content":{"rendered":"<p> [ad_1]<br \/>\n<br \/><img decoding=\"async\" src=\"https:\/\/img.bfmtv.com\/i\/0\/0\/4ad\/c18ed32fb240f40217448d4d583ac.jpg\" \/><\/p>\n<div itemprop=\"articleBody\">\n<p>Plusieurs possesseurs des versions 2020 des <a href=\"https:\/\/www.01net.com\/tests\/test-du-macbook-pro-13-2020-l-ultraportable-pro-d-apple-gagne-une-belle-autonomie-et-un-nouveau-clavier-6453.html\" target=\"_blank\" rel=\"noopener noreferrer\">MacBook Pro<\/a> et <a href=\"https:\/\/www.01net.com\/tests\/test-du-macbook-air-2020-l-ultraportable-d-apple-retrouve-enfin-de-sa-superbe-6435.html\" target=\"_blank\" rel=\"noopener noreferrer\">MacBook Air<\/a> se plaignent d&rsquo;avoir des soucis de stabilit\u00e9 lorsqu&rsquo;ils connectent un appareil USB 2.0 \u00e0 leur ordinateur via un concentrateur de prises (un hub) ou un adaptateur.<\/p>\n<p>En clair, soit leur MacBook plante et red\u00e9marre soit, plus emb\u00eatant, il se fige totalement (il faut alors le relancer \u00e0 la main). En revanche, les p\u00e9riph\u00e9riques USB 3.0 ou 3.1 ne semblent pas poser de probl\u00e8mes et les MacBook les prennent correctement en charge, tant via des adaptateurs que des concentrateurs.<\/p>\n<h3 style=\"color:#333; font-family:arial,helvetica,sans-serif; font-size:23px; font-weight:700\">Les concentrateurs de prises \u00e0 l&rsquo;origine du souci ?<\/h3>\n<p>Les premi\u00e8res remont\u00e9es de ce souci aga\u00e7ant ont \u00e9t\u00e9 faites par les utilisateurs de\u00a0<em>Reddit.\u00a0<\/em>On\u00a0trouve \u00e9galement plusieurs t\u00e9moignages sur les <em>Espaces Communautaires<\/em> officiels d&rsquo;Apple.<\/p>\n<aside class=\"bg-color-0 padding-inside-all-s bloc border-s\">\n<h4 class=\"box-txt-normal\">\n<p><strong>\u00c0 d\u00e9couvrir aussi en vid\u00e9o :<\/strong><\/p>\n<\/h4>\n<\/aside>\n<p>Plusieurs personnes ont d&rsquo;abord pens\u00e9 que c&rsquo;\u00e9tait l&rsquo;une des prises de leur ordinateur qui \u00e9tait en cause. Ils ont donc essay\u00e9 de connecter leur appareil USB 2.0 aux diff\u00e9rentes prises USB Type-C\/Thunderbolt 3 de leur Mac, sans succ\u00e8s. En passant par un adaptateur simple (USB-C\/USB), les probl\u00e8mes semblent moins r\u00e9pandus qu&rsquo;en utilisant\u00a0un concentrateur de ports \u00e0 la norme USB Type-C. Sur\u00a0<em>Reddit<\/em>, un utilisateur en a achet\u00e9 plusieurs, les a tous test\u00e9s et expliquent leur diff\u00e9rence de fonctionnement et les diff\u00e9rents r\u00e9sultats qu&rsquo;il a obtenu avec eux.<\/p>\n<blockquote>\n<p><strong>\u00c0 lire aussi &#8211; <\/strong><a href=\"https:\/\/www.01net.com\/actualites\/wwdc-2020-apple-devrait-annoncer-la-transition-de-ses-mac-d-intel-vers-arm-le-22-juin-prochain-1930164.html\" target=\"_blank\" rel=\"noopener noreferrer\">WWDC 2020 : Apple devrait annoncer la transition de ses Mac d\u2019Intel vers ARM le 22 juin prochain<\/a><\/p>\n<\/blockquote>\n<p>Certains utilisateurs ont, pour leur part, troqu\u00e9 leur concentrateur USB Type-C contre un mod\u00e8le, plus cher, de type Thunderbolt 3. L\u00e0, les probl\u00e8mes ont quasiment disparu. Le souci semble avoir pour origine un dysfonctionnement logiciel et non mat\u00e9riel. Cela pourrait \u00eatre un probl\u00e8me d&rsquo;identification de mat\u00e9riel ou de prise en charge de composants logiciels relatifs \u00e0 la bonne reconnaissance des concentrateurs et, par extension, des appareils USB qui y sont branch\u00e9s.<\/p>\n<p>Si c&rsquo;est le cas, Apple devrait pouvoir le corriger assez rapidement, avec une prochaine mise \u00e0 jour de Catalina. Si c&rsquo;est le mat\u00e9riel qui est en cause, un programme de prise en charge des r\u00e9parations sera sans doute mis en place par Apple.<\/p>\n<p><strong>Sources :<\/strong> <a href=\"https:\/\/9to5mac.com\/2020\/06\/17\/users-reporting-usb-2-0-compatiblity-issues-with-2020-macbook-pro-and-macbook-air\/\" target=\"_blank\" rel=\"noopener noreferrer\">9to5Mac <\/a>et <a href=\"https:\/\/www.reddit.com\/r\/mac\/comments\/gp5b1z\/usb_20_issues_on_new_macbook_pro_13_2020\/\" target=\"_blank\" rel=\"noopener noreferrer\">Reddit<\/a><\/p>\n<\/p><\/div>\n<p><script>\n         !function(f,b,e,v,n,t,s){if(f.fbq)return;n=f.fbq=function()\n         {n.callMethod? n.callMethod.apply(n,arguments):n.queue.push(arguments)}\n         ;if(!f._fbq)f._fbq=n;\n             n.push=n;n.loaded=!0;n.version='2.0';n.queue=[];t=b.createElement(e);t.async=!0;\n             t.src=v;s=b.getElementsByTagName(e)[0];s.parentNode.insertBefore(t,s)}(window,\n                 document,'script','https:\/\/connect.facebook.net\/en_US\/fbevents.js');\n         fbq('init', '1065890633454496');\n         fbq('track', 'PageView');\n     <\/script><br \/>\n<br \/>[ad_2]<br \/>\n<br \/><a href=\"https:\/\/www.01net.com\/actualites\/les-macbook-air-et-pro-2020-sont-allergiques-a-certains-peripheriques-usb-1935408.html\">Source link <\/a><\/p>\n","protected":false},"excerpt":{"rendered":"<p>[ad_1] Plusieurs possesseurs des versions 2020 des MacBook Pro et MacBook Air se plaignent d&rsquo;avoir des soucis de stabilit\u00e9 lorsqu&rsquo;ils &hellip; <a href=\"http:\/\/www.affinite.fr\/index.php\/2020\/06\/18\/les-macbook-air-et-pro-2020-sont-allergiques-a-certains-peripheriques-usb\/\" class=\"more-link\">Plus <span class=\"screen-reader-text\">Les MacBook Air et Pro 2020 sont allergiques \u00e0 certains p\u00e9riph\u00e9riques USB<\/span> <span class=\"meta-nav\">&rarr;<\/span><\/a><\/p>\n","protected":false},"author":1,"featured_media":4180,"comment_status":"open","ping_status":"open","sticky":false,"template":"","format":"standard","meta":{"_sitemap_exclude":false,"_sitemap_priority":"","_sitemap_frequency":"","footnotes":""},"categories":[1],"tags":[],"class_list":["post-4179","post","type-post","status-publish","format-standard","has-post-thumbnail","hentry","category-tous"],"_links":{"self":[{"href":"http:\/\/www.affinite.fr\/index.php\/wp-json\/wp\/v2\/posts\/4179"}],"collection":[{"href":"http:\/\/www.affinite.fr\/index.php\/wp-json\/wp\/v2\/posts"}],"about":[{"href":"http:\/\/www.affinite.fr\/index.php\/wp-json\/wp\/v2\/types\/post"}],"author":[{"embeddable":true,"href":"http:\/\/www.affinite.fr\/index.php\/wp-json\/wp\/v2\/users\/1"}],"replies":[{"embeddable":true,"href":"http:\/\/www.affinite.fr\/index.php\/wp-json\/wp\/v2\/comments?post=4179"}],"version-history":[{"count":0,"href":"http:\/\/www.affinite.fr\/index.php\/wp-json\/wp\/v2\/posts\/4179\/revisions"}],"wp:featuredmedia":[{"embeddable":true,"href":"http:\/\/www.affinite.fr\/index.php\/wp-json\/wp\/v2\/media\/4180"}],"wp:attachment":[{"href":"http:\/\/www.affinite.fr\/index.php\/wp-json\/wp\/v2\/media?parent=4179"}],"wp:term":[{"taxonomy":"category","embeddable":true,"href":"http:\/\/www.affinite.fr\/index.php\/wp-json\/wp\/v2\/categories?post=4179"},{"taxonomy":"post_tag","embeddable":true,"href":"http:\/\/www.affinite.fr\/index.php\/wp-json\/wp\/v2\/tags?post=4179"}],"curies":[{"name":"wp","href":"https:\/\/api.w.org\/{rel}","templated":true}]}}