{"id":4154,"date":"2020-06-17T20:12:37","date_gmt":"2020-06-17T20:12:37","guid":{"rendered":"https:\/\/www.affinite.fr\/index.php\/2020\/06\/17\/la-cnil-alerte-sur-lutilisation-incontrolee-des-cameras-intelligentes-et-thermiques\/"},"modified":"2020-06-17T20:12:37","modified_gmt":"2020-06-17T20:12:37","slug":"la-cnil-alerte-sur-lutilisation-incontrolee-des-cameras-intelligentes-et-thermiques","status":"publish","type":"post","link":"http:\/\/www.affinite.fr\/index.php\/2020\/06\/17\/la-cnil-alerte-sur-lutilisation-incontrolee-des-cameras-intelligentes-et-thermiques\/","title":{"rendered":"La Cnil alerte sur l\u2019utilisation incontr\u00f4l\u00e9e des cam\u00e9ras intelligentes et thermiques"},"content":{"rendered":"<p> [ad_1]<br \/>\n<br \/><img decoding=\"async\" src=\"https:\/\/img.bfmtv.com\/i\/0\/0\/9f2\/5923682e33e4bf315c885761b0e33.jpeg\" \/><\/p>\n<div itemprop=\"articleBody\">\n<p>Pour lutter contre la propagation du Covid-19 en France, de nouveaux dispositifs vid\u00e9o sont test\u00e9s par des acteurs publics et priv\u00e9s, notamment dans le <a href=\"https:\/\/www.01net.com\/actualites\/deconfinement-la-ratp-teste-la-reconnaissance-faciale-pour-detecter-les-passagers-sans-masque-1912600.html\" target=\"_blank\" rel=\"noopener noreferrer\">m\u00e9tro parisien<\/a>.\u00a0<span>\u00ab\u00a0<em>Leur d\u00e9ploiement comprend toutefois des risques importants pour les droits et libert\u00e9s des citoyens<\/em>\u00a0\u00bb, pointe la Commission nationale de l&rsquo;informatique et des libert\u00e9s (Cnil) dans un communiqu\u00e9 publi\u00e9 mercredi 17 juin. Inquiet, le gendarme\u00a0de la protection des donn\u00e9es <\/span><span>\u00ab\u00a0<\/span><em>estime n\u00e9cessaire d\u2019alerter sur le fait que, sous r\u00e9serve d\u2019une analyse au cas par cas, il lui appara\u00eet qu\u2019une grande partie de ces dispositifs ne respectent pas le cadre l\u00e9gal applicable \u00e0 la protection des donn\u00e9es personnelles<\/em>\u00a0<span>\u00bb.\u00a0<\/span><\/p>\n<h3 style=\"color:#333; font-family:arial,helvetica,sans-serif; font-size:23px; font-weight:700\"><span><strong>Une banalisation du recours aux\u00a0technologies intrusives\u00a0<\/strong> <\/span><\/h3>\n<p><span>Concr\u00e8tement, ces dispositifs\u00a0sont des cam\u00e9ras dites \u00ab intelligentes \u00bb\u00a0par\u00a0\u00a0<\/span>l\u2019ajout d\u2019une couche logicielle \u00e0 des syst\u00e8mes de vid\u00e9o-protection pr\u00e9existants, capable par exemple de\u00a0d\u00e9tecter\u00a0le port de masque ou\u00a0le respect des mesures de distanciation sociale. Dans le cas des cam\u00e9ras thermiques, il s&rsquo;agit de capteurs qui mesurent automatiquement la temp\u00e9rature des corps.\u00a0<\/p>\n<blockquote>\n<p><span>\u00ab<em>\u00a0<\/em><\/span><em>Leur d\u00e9veloppement incontr\u00f4l\u00e9 pr\u00e9sente le risque de g\u00e9n\u00e9raliser un sentiment de surveillance chez les citoyens, de cr\u00e9er un ph\u00e9nom\u00e8ne d\u2019accoutumance et de banalisation de technologies intrusives, et d\u2019engendrer une surveillance accrue, susceptible de porter atteinte au bon fonctionnement de notre soci\u00e9t\u00e9 d\u00e9mocratique<\/em>\u00a0<span>\u00bb, explique la Cnil.\u00a0<\/span><\/p>\n<\/blockquote>\n<h3 style=\"color:#333; font-family:arial,helvetica,sans-serif; font-size:23px; font-weight:700\">Une absence de cadre l\u00e9gal sp\u00e9cifique<\/h3>\n<p>Pour pr\u00e9venir ces risques, la Cnil rappelle les obligations induites par\u00a0le respect du\u00a0<a href=\"https:\/\/www.01net.com\/actualites\/comment-le-rgpd-va-proteger-vos-donnees-personnelles-1454674.html\" target=\"_blank\" rel=\"noopener noreferrer\">RGPD<\/a>.\u00a0Elle rappelle qu&rsquo;au regard de la sensibilit\u00e9 de ces\u00a0donn\u00e9es, ces cam\u00e9ras doivent entre autres <span>\u00a0<\/span><span>\u00ab<em>\u00a0<\/em><\/span><em>garantir une\u00a0dur\u00e9e de conservation limit\u00e9e\u00a0<\/em><span>\u00bb<\/span>,<span><em>\u00a0<\/em><\/span>assurer leur\u00a0<span>\u00a0<\/span><span>\u00ab<em>\u00a0<\/em><\/span><em>pseudonymisation ou anonymisation<\/em>\u00a0; attester de <span>\u00ab<em>\u00a0<\/em><\/span><em>l\u2019absence de suivi individuel\u00a0<\/em><span>\u00bb<\/span>. Mais, pour l&rsquo;instant, <span>\u00ab\u00a0<\/span><em>le recours \u00e0 des cam\u00e9ras \u00ab\u00a0intelligentes\u00a0\u00bb\u00a0n\u2019est aujourd\u2019hui pr\u00e9vu par aucun texte particulier <\/em>\u00bb. Cette absence d&rsquo;encadrement l\u00e9gislatif sp\u00e9cifique est probl\u00e9matique.\u00a0<\/p>\n<aside class=\"bg-color-0 padding-inside-all-s bloc border-s\">\n<h4 class=\"box-txt-normal\">\n<p><strong>\u00c0 d\u00e9couvrir aussi en vid\u00e9o\u00a0<\/strong><\/p>\n<\/h4>\n<\/aside>\n<h3 style=\"color:#333; font-family:arial,helvetica,sans-serif; font-size:23px; font-weight:700\">Un <span>\u00ab\u00a0<\/span>non\u00a0<span>\u00bb<\/span> de la t\u00eate insuffisant pour la Cnil<\/h3>\n<p>Un des points d&rsquo;achoppement pour la Cnil est \u00e9galement le non-respect du droit d&rsquo;opposition. Dans le cadre du RGPD, pour qu&rsquo;un consentement soit valide, la personne doit pouvoir\u00a0dire non. Or, en raison de l&rsquo;automatisation du traitement des images,\u00a0<span>\u00ab\u00a0<\/span><em>ces personnes pourront uniquement obtenir la suppression de leurs donn\u00e9es et non \u00e9viter leur collecte<\/em>\u00a0<span>\u00bb, peut-on lire dans le communiqu\u00e9. Concernant la possibilit\u00e9 de dire non de la t\u00eate, la Cnil est tr\u00e8s claire : ce n&rsquo;est pas une garantie suffisante.\u00a0<\/span><\/p>\n<blockquote>\n<p><span>\u00ab\u00a0<\/span><em>Cette solution est peu praticable dans les faits et difficilement g\u00e9n\u00e9ralisable. Elle contraint \u00e9galement les individus \u00e0 afficher publiquement leur opposition au traitement et fait porter une charge trop importante sur la personne,\u00a0\u00e0 fortiori si les dispositifs de ce type se multiplient\u00a0<\/em><span>\u00bb, explique la Cnil.\u00a0<\/span><\/p>\n<\/blockquote>\n<p><span>Ce n&rsquo;est pas la premi\u00e8re fois que le gendarme\u00a0des donn\u00e9es personnelles appelle \u00e0 un <a href=\"https:\/\/www.01net.com\/actualites\/la-cnil-appelle-a-un-encadrement-strict-et-urgent-de-l-utilisation-de-la-reconnaissance-faciale-en-france-1808675.html\" target=\"_blank\" rel=\"noopener noreferrer\">encadrement strict et urgent\u00a0<\/a>concernant des dispositifs de traitement d&rsquo;images automatis\u00e9. Sur le volet de la reconnaissance faciale, qui analyse des donn\u00e9es encore plus sensibles, la Cnil a \u00e9galement demand\u00e9\u00a0l&rsquo;\u00e9laboration d&rsquo;un cadre l\u00e9gal sp\u00e9cial.\u00a0<\/span><\/p>\n<p><strong>Source<\/strong> : <a href=\"https:\/\/www.cnil.fr\/fr\/cameras-dites-intelligentes-et-cameras-thermiques-les-points-de-vigilance-de-la-cnil-et-les-regles\" target=\"_blank\" rel=\"noopener noreferrer\">Cnil<\/a><\/p>\n<\/p><\/div>\n<p><script>\n         !function(f,b,e,v,n,t,s){if(f.fbq)return;n=f.fbq=function()\n         {n.callMethod? n.callMethod.apply(n,arguments):n.queue.push(arguments)}\n         ;if(!f._fbq)f._fbq=n;\n             n.push=n;n.loaded=!0;n.version='2.0';n.queue=[];t=b.createElement(e);t.async=!0;\n             t.src=v;s=b.getElementsByTagName(e)[0];s.parentNode.insertBefore(t,s)}(window,\n                 document,'script','https:\/\/connect.facebook.net\/en_US\/fbevents.js');\n         fbq('init', '1065890633454496');\n         fbq('track', 'PageView');\n     <\/script><br \/>\n<br \/>[ad_2]<br \/>\n<br \/><a href=\"https:\/\/www.01net.com\/actualites\/la-cnil-alerte-sur-l-utilisation-incontrolee-des-cameras-intelligentes-et-thermiques-1934853.html\">Source link <\/a><\/p>\n","protected":false},"excerpt":{"rendered":"<p>[ad_1] Pour lutter contre la propagation du Covid-19 en France, de nouveaux dispositifs vid\u00e9o sont test\u00e9s par des acteurs publics &hellip; <a href=\"http:\/\/www.affinite.fr\/index.php\/2020\/06\/17\/la-cnil-alerte-sur-lutilisation-incontrolee-des-cameras-intelligentes-et-thermiques\/\" class=\"more-link\">Plus <span class=\"screen-reader-text\">La Cnil alerte sur l\u2019utilisation incontr\u00f4l\u00e9e des cam\u00e9ras intelligentes et thermiques<\/span> <span class=\"meta-nav\">&rarr;<\/span><\/a><\/p>\n","protected":false},"author":1,"featured_media":462,"comment_status":"open","ping_status":"open","sticky":false,"template":"","format":"standard","meta":{"_sitemap_exclude":false,"_sitemap_priority":"","_sitemap_frequency":"","footnotes":""},"categories":[1],"tags":[],"class_list":["post-4154","post","type-post","status-publish","format-standard","has-post-thumbnail","hentry","category-tous"],"_links":{"self":[{"href":"http:\/\/www.affinite.fr\/index.php\/wp-json\/wp\/v2\/posts\/4154"}],"collection":[{"href":"http:\/\/www.affinite.fr\/index.php\/wp-json\/wp\/v2\/posts"}],"about":[{"href":"http:\/\/www.affinite.fr\/index.php\/wp-json\/wp\/v2\/types\/post"}],"author":[{"embeddable":true,"href":"http:\/\/www.affinite.fr\/index.php\/wp-json\/wp\/v2\/users\/1"}],"replies":[{"embeddable":true,"href":"http:\/\/www.affinite.fr\/index.php\/wp-json\/wp\/v2\/comments?post=4154"}],"version-history":[{"count":0,"href":"http:\/\/www.affinite.fr\/index.php\/wp-json\/wp\/v2\/posts\/4154\/revisions"}],"wp:featuredmedia":[{"embeddable":true,"href":"http:\/\/www.affinite.fr\/index.php\/wp-json\/wp\/v2\/media\/462"}],"wp:attachment":[{"href":"http:\/\/www.affinite.fr\/index.php\/wp-json\/wp\/v2\/media?parent=4154"}],"wp:term":[{"taxonomy":"category","embeddable":true,"href":"http:\/\/www.affinite.fr\/index.php\/wp-json\/wp\/v2\/categories?post=4154"},{"taxonomy":"post_tag","embeddable":true,"href":"http:\/\/www.affinite.fr\/index.php\/wp-json\/wp\/v2\/tags?post=4154"}],"curies":[{"name":"wp","href":"https:\/\/api.w.org\/{rel}","templated":true}]}}