{"id":4141,"date":"2020-06-17T15:04:01","date_gmt":"2020-06-17T15:04:01","guid":{"rendered":"https:\/\/www.affinite.fr\/index.php\/2020\/06\/17\/basic-fit-rouvre-tous-ses-clubs-ce-17-juin\/"},"modified":"2020-06-17T15:04:01","modified_gmt":"2020-06-17T15:04:01","slug":"basic-fit-rouvre-tous-ses-clubs-ce-17-juin","status":"publish","type":"post","link":"http:\/\/www.affinite.fr\/index.php\/2020\/06\/17\/basic-fit-rouvre-tous-ses-clubs-ce-17-juin\/","title":{"rendered":"Basic-Fit rouvre tous ses clubs ce 17\u00a0juin"},"content":{"rendered":"<p> [ad_1]<br \/>\n<br \/><img decoding=\"async\" src=\"https:\/\/img-3.journaldesfemmes.fr\/lVtb2OOgWVmhST05h_4gmX2eNU0=\/1280x\/smart\/f09202b346ef402cb883c7ad86575d86\/ccmcms-jdf\/16478765.jpg\" \/><\/p>\n<p>\n                Ce 17\u00a0juin, la r\u00e9ouverture des salles de sport en Ile de France et dans le reste de l&rsquo;hexagone se poursuit. Tous les clubs Basic-Fit sont d\u00e9sormais ouverts, \u00e0 l&rsquo;exception de quelques-uns. Explications.            <\/p>\n<div>\n<p><strong>[Mis \u00e0 jour le 17\u00a0juin \u00e0 11h38]<\/strong>\u00a0 Le 15 juin\u00a0l&rsquo;\u00eele de France est pass\u00e9e en zone verte. Pour les salles de sport cela signifie qu&rsquo;elles peuvent rouvrir\u00a0tous leurs sites sur le territoire (\u00e0 l&rsquo;exception de Mayotte et la Guyane) en suivant les directives gouvernementales. Apr\u00e8s Neoness hier, aujourd&rsquo;hui\u00a017 juin, c&rsquo;est au tour de\u00a0\u00a0<strong>Basic Fit\u00a0<\/strong>de rouvrir<strong>\u00a0<\/strong>tous ses clubs avec la mise en place de <a href=\"https:\/\/www.basic-fit.com\/fr-fr\/securite\" target=\"_blank\" rel=\"noopener noreferrer\">mesures suppl\u00e9mentaires en mati\u00e8re de s\u00e9curit\u00e9 et d&rsquo;hygi\u00e8ne<\/a>. Seuls quelques adresses\u00a0resteront ferm\u00e9es jusqu&rsquo;\u00e0 nouvel ordre, le temps d&rsquo;effectuer des travaux de r\u00e9novation. Aujourd&rsquo;hui \u00e9galement<strong>, Fitness<\/strong>\u00a0<strong>Park<\/strong>,\u00a0<strong>RITM <\/strong>et les studios <strong>Qee<\/strong> rouvrent leurs portes\u00a0\u00e0<strong> Paris<\/strong>.\u00a0Quant \u00e0<strong> CMG<\/strong> et d&rsquo;autres clubs, l&rsquo;ouverture se fera plut\u00f4t le 22 juin.<\/p>\n<p>Apr\u00e8s deux mois de fermeture suite aux mesures de confinement prises pour\u00a0lutter contre le <strong>Covid-19<\/strong>, cette nouvelle phase du <a href=\"https:\/\/www.journaldesfemmes.fr\/societe\/actu\/2629179-deconfinement-deplacement-lycee-college-bars-restaurants-vacances-stopcovid\/\" title=\"D\u00e9confin\u00e9\">d\u00e9confinement<\/a> va\u00a0enthousiasmer les adh\u00e9rents\u00a0qui \u00e9taient\u00a0\u00a0<strong>72%\u00a0 \u00e0\u00a0 souhaiter retourner \u00e0 la salle de sport <\/strong>(\u00e9tude Happidemics faite pour l&rsquo;enseigne Neoness).\u00a0 En effet, durant le confinement, les Fran\u00e7ais ont d\u00fb r\u00e9inventer leur routine sportive.\u00a0\u00a0Les cours en ligne ont explos\u00e9 et la pratique du jogging s&rsquo;est banalis\u00e9e.\u00a0Pour beaucoup cela a \u00e9t\u00e9 l&rsquo;occasion de s&rsquo;essayer \u00e0 de nouvelles disciplines (yoga,\u00a0danse etc) qu&rsquo;ils ont h\u00e2te d&rsquo;intensifier en retournant en salles pour profiter des encouragements et des conseils personnalis\u00e9s d&rsquo;un coach.\u00a0<\/p>\n<h2>Comment se d\u00e9roule\u00a0la reprise en salles\u00a0?\u00a0<\/h2>\n<p>Depuis le 2 juin, les salles de sport rouvrent\u00a0progressivement leurs portes en zones vertes en suivant un protocole sanitaire strict pour prot\u00e9ger les adh\u00e9rents et les employ\u00e9s.\u00a0Voici les mesures phares <a href=\"http:\/\/www.sports.gouv.fr\/IMG\/pdf\/sportsguideequipementssportifs.pdf\" target=\"_blank\" rel=\"noopener noreferrer\">\u00e0 retrouver en d\u00e9tails dans le guide\u00a0du Minist\u00e8re des Sports<\/a><\/p>\n<ul>\n<li>Cours en petits groupes avec des espaces d\u00e9limit\u00e9s<\/li>\n<li>D\u00e9sinfection du mat\u00e9riel et des machines<\/li>\n<li>Lavage des mains au gel hydroalcolique avant d&rsquo;entrer en salles<\/li>\n<li>Mise en place de plexiglass de protection \u00e0 l&rsquo;accueil<\/li>\n<li>Nettoyage des espaces communs fr\u00e9quents gr\u00e2ce \u00e0 un renforcement du budget m\u00e9nage<\/li>\n<li>Distanciation d&rsquo;1 m ou 1,50m\u00a0\u00a0entre deux sportifs<\/li>\n<li>Condamnation d&rsquo;un vestiaire sur deux<\/li>\n<li>Port du masque ou de visi\u00e8res pour les\u00a0coachs et les employ\u00e9s<\/li>\n<\/ul>\n<p><strong>Concr\u00e8tement \u00e7a donne quoi\u00a0?<\/strong>\u00a0Un\u00a0<strong>calendrier de r\u00e9servations en ligne<\/strong>\u00a0est mis en place pour limiter et contr\u00f4ler le flux des\u00a0adh\u00e9rents.\u00a0Chez Appolo Sporting Club par exemple, \u00ab\u00a0des zones de frappe de 4\u00a0m pour les cours de boxe sont\u00a0d\u00e9limit\u00e9es avec du scotch\u00a0\u00a0\u00bb a expliqu\u00e9 Benjamin Benmoyal sur l&rsquo;antenne de BFM TV.\u00a0<\/p>\n<h2>Un secteur qui a souffert du confinement<\/h2>\n<aside id=\"NL_27397669\" class=\"newsletter_subscription jNlBlock\"><noscript><br \/>\n            <\/noscript><\/p>\n<h3 class=\"newsletter_subscription-title\">Newsletter <\/h3>\n<p><a href=\"\/\/mailing.ccmbg.com\/archive\/last-85\" target=\"_blank\" class=\"a_hover\" rel=\"noopener noreferrer\">Voir un exemple<\/a><\/p>\n<\/aside>\n<p>On estime \u00e0 <strong>3,1\u00a0milliards d&rsquo;euros la perte<\/strong> pour les entreprises du secteur du sport en France sur le 1<sup>er<\/sup> semestre 2020. \u00a0\u00bb Le reprise\u00a0est cruciale pour la survie de notre activit\u00e9\u00a0\u00a0\u00bb pr\u00e9cise C\u00e9line Remy Wisselink, Co-fondatrice de Neoness.<br \/>Depuis le d\u00e9but du confinement, des mesures\u00a0ont \u00e9t\u00e9 mises en place pour permettre aux coachs et adh\u00e9rents de traverser la crise\u00a0: ch\u00f4mage partiel, <strong>suspension des pr\u00e9l\u00e8vements ou report des abonnements pour les adh\u00e9rents<\/strong>.<br \/>Urban Sports Club a m\u00eame lanc\u00e9 des<strong> cours de sports solidaire.<\/strong> \u00a0\u00bb Pour nos abonn\u00e9s qui ont choisi de garder leur abonnement actif, nous avons mis en place des cours de sport en ligne. 80\u00a0% des b\u00e9n\u00e9fices g\u00e9n\u00e9r\u00e9s sont redistribu\u00e9s \u00e0 nos partenaires\u00a0\u00a0\u00bb explique Marine Desbans, DG France Urban Sports Club. \u00a0<\/p>\n<\/p><\/div>\n<p>[ad_2]<br \/>\n<br \/><a href=\"https:\/\/www.journaldesfemmes.fr\/beaute\/minceur\/2633569-ouverture-salle-de-sport-basic-fit-17-juin\/\">Source link <\/a><\/p>\n","protected":false},"excerpt":{"rendered":"<p>[ad_1] Ce 17\u00a0juin, la r\u00e9ouverture des salles de sport en Ile de France et dans le reste de l&rsquo;hexagone se &hellip; <a href=\"http:\/\/www.affinite.fr\/index.php\/2020\/06\/17\/basic-fit-rouvre-tous-ses-clubs-ce-17-juin\/\" class=\"more-link\">Plus <span class=\"screen-reader-text\">Basic-Fit rouvre tous ses clubs ce 17\u00a0juin<\/span> <span class=\"meta-nav\">&rarr;<\/span><\/a><\/p>\n","protected":false},"author":1,"featured_media":4142,"comment_status":"open","ping_status":"open","sticky":false,"template":"","format":"standard","meta":{"_sitemap_exclude":false,"_sitemap_priority":"","_sitemap_frequency":"","footnotes":""},"categories":[1],"tags":[],"class_list":["post-4141","post","type-post","status-publish","format-standard","has-post-thumbnail","hentry","category-tous"],"_links":{"self":[{"href":"http:\/\/www.affinite.fr\/index.php\/wp-json\/wp\/v2\/posts\/4141"}],"collection":[{"href":"http:\/\/www.affinite.fr\/index.php\/wp-json\/wp\/v2\/posts"}],"about":[{"href":"http:\/\/www.affinite.fr\/index.php\/wp-json\/wp\/v2\/types\/post"}],"author":[{"embeddable":true,"href":"http:\/\/www.affinite.fr\/index.php\/wp-json\/wp\/v2\/users\/1"}],"replies":[{"embeddable":true,"href":"http:\/\/www.affinite.fr\/index.php\/wp-json\/wp\/v2\/comments?post=4141"}],"version-history":[{"count":0,"href":"http:\/\/www.affinite.fr\/index.php\/wp-json\/wp\/v2\/posts\/4141\/revisions"}],"wp:featuredmedia":[{"embeddable":true,"href":"http:\/\/www.affinite.fr\/index.php\/wp-json\/wp\/v2\/media\/4142"}],"wp:attachment":[{"href":"http:\/\/www.affinite.fr\/index.php\/wp-json\/wp\/v2\/media?parent=4141"}],"wp:term":[{"taxonomy":"category","embeddable":true,"href":"http:\/\/www.affinite.fr\/index.php\/wp-json\/wp\/v2\/categories?post=4141"},{"taxonomy":"post_tag","embeddable":true,"href":"http:\/\/www.affinite.fr\/index.php\/wp-json\/wp\/v2\/tags?post=4141"}],"curies":[{"name":"wp","href":"https:\/\/api.w.org\/{rel}","templated":true}]}}