{"id":4139,"date":"2020-06-17T14:04:06","date_gmt":"2020-06-17T14:04:06","guid":{"rendered":"https:\/\/www.affinite.fr\/index.php\/2020\/06\/17\/un-supermarche-lidl-cree-lemeute-avec-des-ps4-a-95-euros\/"},"modified":"2020-06-17T14:04:06","modified_gmt":"2020-06-17T14:04:06","slug":"un-supermarche-lidl-cree-lemeute-avec-des-ps4-a-95-euros","status":"publish","type":"post","link":"http:\/\/www.affinite.fr\/index.php\/2020\/06\/17\/un-supermarche-lidl-cree-lemeute-avec-des-ps4-a-95-euros\/","title":{"rendered":"Un supermarch\u00e9 LIDL cr\u00e9e l&rsquo;\u00e9meute avec des PS4 \u00e0 95 euros"},"content":{"rendered":"<p> [ad_1]<br \/>\n<br \/><img decoding=\"async\" src=\"https:\/\/img.bfmtv.com\/i\/0\/0\/769\/ca0d3ceb608186cfb8e60754cf2ff.png\" \/><\/p>\n<div itemprop=\"articleBody\">\n                Panique chez LIDL. Ce mercredi matin, la c\u00e9l\u00e8bre enseigne inaugurait son nouveau supermarch\u00e9 \u00e0 Orgeval dans les Yvelines. Pour rendre cet \u00e9v\u00e9nement plus attrayant, le groupe a eu l&rsquo;id\u00e9e de proposer quelques bons plans en quantit\u00e9s limit\u00e9es, comme des PS4 \u00e0 95 euros (au lieu de 299 euros habituellement). Probl\u00e8me, ce qui aurait du \u00eatre une surprise s&rsquo;est retrouv\u00e9 sur le site de partage de bons plans Dealabs. Des dizaines de personnes se sont agglutin\u00e9es devant le magasin d\u00e8s cette nuit, avant d&rsquo;\u00eatre rejoints par des dizaines d&rsquo;autres ce matin. Apr\u00e8s intervention des gendarmes, le groupe a d\u00e9cid\u00e9 de retirer ses PS4 des rayons avant de finalement repousser son ouverture \u00e0 plus tard.\u00a0<\/p>\n<div data-force-click=\"true\" class=\"bloc\">\n<blockquote class=\"twitter-tweet\">\n<p lang=\"fr\" dir=\"ltr\">?<a href=\"https:\/\/twitter.com\/hashtag\/Lidl?src=hash&amp;ref_src=twsrc%5Etfw\">#Lidl<\/a> a d\u00e9cid\u00e9 de retirer les PS4 \u00e0 95\u20ac ! Je sais pas comment ils comptent g\u00e9rer ceux qui attendent devant le magasin, mais bon courage aux employ\u00e9s&#8230; <a href=\"https:\/\/t.co\/iWSMYo0Q2Y\">pic.twitter.com\/iWSMYo0Q2Y<\/a><\/p>\n<p>\u2014 Dealabs.com (@Dealabs) <a href=\"https:\/\/twitter.com\/Dealabs\/status\/1273137538228785154?ref_src=twsrc%5Etfw\">June 17, 2020<\/a><\/p><\/blockquote><\/div>\n<h3 style=\"color:#333; font-family:arial,helvetica,sans-serif; font-size:23px; font-weight:700\">Bad buzz assur\u00e9\u00a0<\/h3>\n<p>Selon <a href=\"https:\/\/www.bfmtv.com\/tech\/une-cohue-de-plusieurs-centaines-personnes-devant-un-magasin-lidl-qui-vend-des-ps4-a-95-euros-1934655.html\" target=\"_blank\" rel=\"noopener noreferrer\">nos confr\u00e8res de BFM<\/a>, des affrontements\u00a0entre les clients de LIDL venus pour la PS4 et les gendarmes ont m\u00eame provoqu\u00e9 l&rsquo;\u00e9vanouissement d&rsquo;une personne. L&rsquo;op\u00e9ration m\u00e9diatique n&rsquo;est certainement pas celle que LIDL,\u00a0compl\u00e8tement d\u00e9pass\u00e9 par les \u00e9v\u00e9nements,\u00a0esp\u00e9rait.<\/p>\n<p>                Sur Dealabs, plus de 2000 personnes avaient comment\u00e9 l&rsquo;annonce, ce qui laissait\u00a0deviner l&rsquo;engouement des consommateurs\u00a0pour ce bon plan.\u00a0Guillaume David, son <a href=\"http:\/\/www.affinite.fr\/index.php\/2023\/08\/24\/lart-de-la-glace-transforme-en-business-la-vision-unique-de-fabien-gris\/\">auteur<\/a>, explique \u00eatre un habitu\u00e9 des ouvertures de magasins et publiait\u00a0pour la premi\u00e8re fois sur Dealabs.\u00a0<\/p>\n<aside class=\"bg-color-0 padding-inside-all-s bloc border-s\">\n<h4 class=\"box-txt-normal\">\n<p><strong>\u00c0 d\u00e9couvrir aussi en vid\u00e9o :<\/strong><\/p>\n<\/h4>\n<\/aside>\n<p>                Avant que le groupe LIDL ne communique officiellement sur le sujet, un porte-parole sur place avait indiqu\u00e9 aux quelques clients encore pr\u00e9sents devant le magasin que les PS4 \u00e9taient\u00a0<em>\u00ab reparties chez leur fournisseur \u00bb.\u00a0<\/em><a href=\"https:\/\/twitter.com\/lidlfrance\/status\/1273168953385406466\" target=\"_blank\" rel=\"noopener noreferrer\">Sur Twitter<\/a>, LIDL a depuis expliqu\u00e9 qu&rsquo;il s&rsquo;agissait d&rsquo;une op\u00e9ration de d\u00e9stockage (les PS4 datent d&rsquo;avril 2018)\u00a0 et que le groupe ne souhaitait pas communiquer sur cette bonne affaire&#8230; bl\u00e2mant indirectement Dealabs pour la panique provoqu\u00e9e. Les PS4 ne seront pas remises en vente.\u00a0<\/p><\/div>\n<p><script async src=\"http:\/\/platform.twitter.com\/widgets.js\" charset=\"utf-8\"><\/script><script>\n         !function(f,b,e,v,n,t,s){if(f.fbq)return;n=f.fbq=function()\n         {n.callMethod? n.callMethod.apply(n,arguments):n.queue.push(arguments)}\n         ;if(!f._fbq)f._fbq=n;\n             n.push=n;n.loaded=!0;n.version='2.0';n.queue=[];t=b.createElement(e);t.async=!0;\n             t.src=v;s=b.getElementsByTagName(e)[0];s.parentNode.insertBefore(t,s)}(window,\n                 document,'script','https:\/\/connect.facebook.net\/en_US\/fbevents.js');\n         fbq('init', '1065890633454496');\n         fbq('track', 'PageView');\n     <\/script><br \/>\n<br \/>[ad_2]<br \/>\n<br \/><a href=\"https:\/\/www.01net.com\/actualites\/un-supermarche-lidl-cree-l-emeute-avec-des-ps4-a-95-euros-1934721.html\">Source link <\/a><\/p>\n","protected":false},"excerpt":{"rendered":"<p>[ad_1] Panique chez LIDL. Ce mercredi matin, la c\u00e9l\u00e8bre enseigne inaugurait son nouveau supermarch\u00e9 \u00e0 Orgeval dans les Yvelines. Pour &hellip; <a href=\"http:\/\/www.affinite.fr\/index.php\/2020\/06\/17\/un-supermarche-lidl-cree-lemeute-avec-des-ps4-a-95-euros\/\" class=\"more-link\">Plus <span class=\"screen-reader-text\">Un supermarch\u00e9 LIDL cr\u00e9e l&rsquo;\u00e9meute avec des PS4 \u00e0 95 euros<\/span> <span class=\"meta-nav\">&rarr;<\/span><\/a><\/p>\n","protected":false},"author":1,"featured_media":4140,"comment_status":"open","ping_status":"open","sticky":false,"template":"","format":"standard","meta":{"_sitemap_exclude":false,"_sitemap_priority":"","_sitemap_frequency":"","footnotes":""},"categories":[1],"tags":[],"class_list":["post-4139","post","type-post","status-publish","format-standard","has-post-thumbnail","hentry","category-tous"],"_links":{"self":[{"href":"http:\/\/www.affinite.fr\/index.php\/wp-json\/wp\/v2\/posts\/4139"}],"collection":[{"href":"http:\/\/www.affinite.fr\/index.php\/wp-json\/wp\/v2\/posts"}],"about":[{"href":"http:\/\/www.affinite.fr\/index.php\/wp-json\/wp\/v2\/types\/post"}],"author":[{"embeddable":true,"href":"http:\/\/www.affinite.fr\/index.php\/wp-json\/wp\/v2\/users\/1"}],"replies":[{"embeddable":true,"href":"http:\/\/www.affinite.fr\/index.php\/wp-json\/wp\/v2\/comments?post=4139"}],"version-history":[{"count":0,"href":"http:\/\/www.affinite.fr\/index.php\/wp-json\/wp\/v2\/posts\/4139\/revisions"}],"wp:featuredmedia":[{"embeddable":true,"href":"http:\/\/www.affinite.fr\/index.php\/wp-json\/wp\/v2\/media\/4140"}],"wp:attachment":[{"href":"http:\/\/www.affinite.fr\/index.php\/wp-json\/wp\/v2\/media?parent=4139"}],"wp:term":[{"taxonomy":"category","embeddable":true,"href":"http:\/\/www.affinite.fr\/index.php\/wp-json\/wp\/v2\/categories?post=4139"},{"taxonomy":"post_tag","embeddable":true,"href":"http:\/\/www.affinite.fr\/index.php\/wp-json\/wp\/v2\/tags?post=4139"}],"curies":[{"name":"wp","href":"https:\/\/api.w.org\/{rel}","templated":true}]}}