{"id":4135,"date":"2020-06-17T12:02:01","date_gmt":"2020-06-17T12:02:01","guid":{"rendered":"https:\/\/www.affinite.fr\/index.php\/2020\/06\/17\/microsoft-publie-en-urgence-un-correctif-pour-resoudre-les-problemes-dimpression\/"},"modified":"2020-06-17T12:02:01","modified_gmt":"2020-06-17T12:02:01","slug":"microsoft-publie-en-urgence-un-correctif-pour-resoudre-les-problemes-dimpression","status":"publish","type":"post","link":"http:\/\/www.affinite.fr\/index.php\/2020\/06\/17\/microsoft-publie-en-urgence-un-correctif-pour-resoudre-les-problemes-dimpression\/","title":{"rendered":"Microsoft publie en urgence un correctif pour r\u00e9soudre les probl\u00e8mes d&rsquo;impression"},"content":{"rendered":"<p> [ad_1]<br \/>\n<br \/><img decoding=\"async\" src=\"https:\/\/img.bfmtv.com\/i\/0\/0\/de0d2a\/7673b6f36e3a3626790668a94b.jpg\" \/><\/p>\n<div itemprop=\"articleBody\">\n<p>La derni\u00e8re mise \u00e0 jour cumulative de Windows a provoqu\u00e9 un effet de bord que Microsoft n&rsquo;avait pas pr\u00e9vu. Certains utilisateurs ont constat\u00e9 avec stupeur qu&rsquo;ils ne <a href=\"https:\/\/www.01net.com\/actualites\/une-mise-a-jour-de-windows-10-vous-empeche-peut-etre-d-imprimer-vos-documents-1933416.html\" target=\"_blank\" rel=\"noopener noreferrer\">pouvaient plus imprimer<\/a>. L&rsquo;\u00e9diteur a donc d\u00fb r\u00e9agir en urgence et publier un correctif pour r\u00e9soudre ce probl\u00e8me. Mais il n&rsquo;est pas propos\u00e9 automatiquement par Windows Update et il faut donc le t\u00e9l\u00e9charger sur le site\u00a0Catalogue Microsoft Update.<\/p>\n<p>De plus, le correctif d\u00e9pend de la version de Windows 10 que vous utilisez :<\/p>\n<p>Si vous avez le choix, prenez la version x64 qui correspond \u00e0 Windows 10 64 bits sur les machines Intel et AMD. Dans le cas d&rsquo;un Windows 10 32 bits, prenez la version x86.<\/p>\n<aside class=\"bg-color-0 padding-inside-all-s bloc border-s\">\n<h4 class=\"box-txt-normal\">\n<p><strong>A d\u00e9couvrir aussi en vid\u00e9o :<\/strong><\/p>\n<\/h4>\n<\/aside>\n<p>En revanche, Microsoft n&rsquo;a pas publi\u00e9 de correctif pour des versions plus anciennes de Windows 10, ni pour Windows 8.1. Et les utilisateurs de la derni\u00e8re version 2004 du syst\u00e8me d&rsquo;exploitation (mise \u00e0 jour de mai 2020) devront aussi faire preuve de patience s&rsquo;ils rencontrent le probl\u00e8me d&rsquo;impression, voire au pire tenter de d\u00e9sinstaller la derni\u00e8re mise \u00e0 jour cumulative.<\/p>\n<p><strong>Source <\/strong>: <a href=\"https:\/\/twitter.com\/WindowsUpdate\/status\/1272941592718897153\" target=\"_blank\" rel=\"noopener noreferrer\">Microsoft<\/a><\/p>\n<\/p><\/div>\n<p><script async src=\"http:\/\/platform.twitter.com\/widgets.js\" charset=\"utf-8\"><\/script><script>\n         !function(f,b,e,v,n,t,s){if(f.fbq)return;n=f.fbq=function()\n         {n.callMethod? n.callMethod.apply(n,arguments):n.queue.push(arguments)}\n         ;if(!f._fbq)f._fbq=n;\n             n.push=n;n.loaded=!0;n.version='2.0';n.queue=[];t=b.createElement(e);t.async=!0;\n             t.src=v;s=b.getElementsByTagName(e)[0];s.parentNode.insertBefore(t,s)}(window,\n                 document,'script','https:\/\/connect.facebook.net\/en_US\/fbevents.js');\n         fbq('init', '1065890633454496');\n         fbq('track', 'PageView');\n     <\/script><br \/>\n<br \/>[ad_2]<br \/>\n<br \/><a href=\"https:\/\/www.01net.com\/actualites\/windows-10-microsoft-publie-en-urgence-un-correctif-pour-resoudre-les-problemes-d-impression-1934673.html\">Source link <\/a><\/p>\n","protected":false},"excerpt":{"rendered":"<p>[ad_1] La derni\u00e8re mise \u00e0 jour cumulative de Windows a provoqu\u00e9 un effet de bord que Microsoft n&rsquo;avait pas pr\u00e9vu. &hellip; <a href=\"http:\/\/www.affinite.fr\/index.php\/2020\/06\/17\/microsoft-publie-en-urgence-un-correctif-pour-resoudre-les-problemes-dimpression\/\" class=\"more-link\">Plus <span class=\"screen-reader-text\">Microsoft publie en urgence un correctif pour r\u00e9soudre les probl\u00e8mes d&rsquo;impression<\/span> <span class=\"meta-nav\">&rarr;<\/span><\/a><\/p>\n","protected":false},"author":1,"featured_media":4136,"comment_status":"open","ping_status":"open","sticky":false,"template":"","format":"standard","meta":{"_sitemap_exclude":false,"_sitemap_priority":"","_sitemap_frequency":"","footnotes":""},"categories":[1],"tags":[],"class_list":["post-4135","post","type-post","status-publish","format-standard","has-post-thumbnail","hentry","category-tous"],"_links":{"self":[{"href":"http:\/\/www.affinite.fr\/index.php\/wp-json\/wp\/v2\/posts\/4135"}],"collection":[{"href":"http:\/\/www.affinite.fr\/index.php\/wp-json\/wp\/v2\/posts"}],"about":[{"href":"http:\/\/www.affinite.fr\/index.php\/wp-json\/wp\/v2\/types\/post"}],"author":[{"embeddable":true,"href":"http:\/\/www.affinite.fr\/index.php\/wp-json\/wp\/v2\/users\/1"}],"replies":[{"embeddable":true,"href":"http:\/\/www.affinite.fr\/index.php\/wp-json\/wp\/v2\/comments?post=4135"}],"version-history":[{"count":0,"href":"http:\/\/www.affinite.fr\/index.php\/wp-json\/wp\/v2\/posts\/4135\/revisions"}],"wp:featuredmedia":[{"embeddable":true,"href":"http:\/\/www.affinite.fr\/index.php\/wp-json\/wp\/v2\/media\/4136"}],"wp:attachment":[{"href":"http:\/\/www.affinite.fr\/index.php\/wp-json\/wp\/v2\/media?parent=4135"}],"wp:term":[{"taxonomy":"category","embeddable":true,"href":"http:\/\/www.affinite.fr\/index.php\/wp-json\/wp\/v2\/categories?post=4135"},{"taxonomy":"post_tag","embeddable":true,"href":"http:\/\/www.affinite.fr\/index.php\/wp-json\/wp\/v2\/tags?post=4135"}],"curies":[{"name":"wp","href":"https:\/\/api.w.org\/{rel}","templated":true}]}}