{"id":4133,"date":"2020-06-17T10:58:25","date_gmt":"2020-06-17T10:58:25","guid":{"rendered":"https:\/\/www.affinite.fr\/index.php\/2020\/06\/17\/bose-jette-leponge-sur-son-ambitieux-systeme-audio-de-realite-augmentee\/"},"modified":"2020-06-17T10:58:25","modified_gmt":"2020-06-17T10:58:25","slug":"bose-jette-leponge-sur-son-ambitieux-systeme-audio-de-realite-augmentee","status":"publish","type":"post","link":"http:\/\/www.affinite.fr\/index.php\/2020\/06\/17\/bose-jette-leponge-sur-son-ambitieux-systeme-audio-de-realite-augmentee\/","title":{"rendered":"Bose jette l\u2019\u00e9ponge sur son ambitieux syst\u00e8me audio de r\u00e9alit\u00e9 augment\u00e9e\u00a0"},"content":{"rendered":"<p> [ad_1]<br \/>\n<br \/><img decoding=\"async\" src=\"https:\/\/img.bfmtv.com\/i\/0\/0\/e9d\/f81f5caf57884fe5e50e3cd00fb97.png\" \/><\/p>\n<div itemprop=\"articleBody\">\n<p>C\u2019\u00e9tait l\u2019un des axes de d\u00e9veloppement majeur de la marque am\u00e9ricaine ces derni\u00e8res ann\u00e9es. Bose a annonc\u00e9 avoir ferm\u00e9 sa division consacr\u00e9e \u00e0 la r\u00e9alit\u00e9 augment\u00e9e. <em>\u00ab Bose AR n&rsquo;est pas devenu ce que nous envisagions \u00bb<\/em>, a d\u00e9clar\u00e9 un porte-parole de la c\u00e9l\u00e8bre marque audio\u00a0au site am\u00e9ricain Protocol.\u00a0<\/p>\n<p><em>\u00ab Ce n&rsquo;est pas la premi\u00e8re fois que notre technologie n\u2019est pas commercialis\u00e9e comme nous l&rsquo;avions pr\u00e9vu, mais des composants de celle-ci seront utilis\u00e9s pour aider les propri\u00e9taires de mat\u00e9riel Bose d&rsquo;une mani\u00e8re diff\u00e9rente \u00bb<\/em>, explique la soci\u00e9t\u00e9.\u00a0<\/p>\n<h3 style=\"color:#333; font-family:arial,helvetica,sans-serif; font-size:23px; font-weight:700\">Des informations transmises en audio<\/h3>\n<p>Le syst\u00e8me de Bose \u00e9tait original puisqu\u2019il se fondait uniquement sur l\u2019audio et ne superposait pas des informations visuelles \u00e0 la r\u00e9alit\u00e9. En utilisant les donn\u00e9es de g\u00e9olocalisation des smartphones et les capteurs de mouvement de ses casques (mais aussi <a href=\"https:\/\/www.01net.com\/tests\/on-a-teste-les-bose-frames-les-lunettes-de-soleil-qui-remplacent-vos-ecouteurs-6319.html\" target=\"_blank\" rel=\"noopener noreferrer\">de ses lunettes<\/a>), les appareils pouvaient communiquer des informations \u00e0 leurs utilisateurs.<\/p>\n<p>Bose avait ainsi rachet\u00e9 la start-up Detour qui proposait de visiter une ville de cette mani\u00e8re et avait aussi investi dans Aaptiv, une application de fitness. En tout, ce sont 50 millions de dollars qui ont \u00e9t\u00e9 d\u00e9pens\u00e9s par la soci\u00e9t\u00e9, en vain. Finalement, seulement 32 applications proposaient d\u2019utiliser ce syst\u00e8me. Il ne sera plus disponible \u00e0 partir de juillet.\u00a0<\/p>\n<aside class=\"bg-color-0 padding-inside-all-s bloc border-s\">\n<h4 class=\"box-txt-normal\">\n<p><strong>A d\u00e9couvrir aussi en vid\u00e9o<\/strong><\/p>\n<\/h4>\n<\/aside>\n<p>Bose semble traverser une p\u00e9riode difficile et se recentrer sur l\u2019essentiel. Avant la fin de son programme de r\u00e9alit\u00e9 augment\u00e9e, <a href=\"https:\/\/www.01net.com\/actualites\/bose-va-fermer-tous-ses-magasins-en-europe-1841471.html\" target=\"_blank\" rel=\"noopener noreferrer\">la marque avait annonc\u00e9 en d\u00e9but d\u2019ann\u00e9e fermer 119 de ses magasins<\/a>, dont ceux situ\u00e9s en Europe.\u00a0<\/p>\n<\/p><\/div>\n<p><script>\n         !function(f,b,e,v,n,t,s){if(f.fbq)return;n=f.fbq=function()\n         {n.callMethod? n.callMethod.apply(n,arguments):n.queue.push(arguments)}\n         ;if(!f._fbq)f._fbq=n;\n             n.push=n;n.loaded=!0;n.version='2.0';n.queue=[];t=b.createElement(e);t.async=!0;\n             t.src=v;s=b.getElementsByTagName(e)[0];s.parentNode.insertBefore(t,s)}(window,\n                 document,'script','https:\/\/connect.facebook.net\/en_US\/fbevents.js');\n         fbq('init', '1065890633454496');\n         fbq('track', 'PageView');\n     <\/script><br \/>\n<br \/>[ad_2]<br \/>\n<br \/><a href=\"https:\/\/www.01net.com\/actualites\/bose-jette-l-eponge-sur-son-ambitieux-systeme-audio-de-realite-augmentee-1934758.html\">Source link <\/a><\/p>\n","protected":false},"excerpt":{"rendered":"<p>[ad_1] C\u2019\u00e9tait l\u2019un des axes de d\u00e9veloppement majeur de la marque am\u00e9ricaine ces derni\u00e8res ann\u00e9es. Bose a annonc\u00e9 avoir ferm\u00e9 &hellip; <a href=\"http:\/\/www.affinite.fr\/index.php\/2020\/06\/17\/bose-jette-leponge-sur-son-ambitieux-systeme-audio-de-realite-augmentee\/\" class=\"more-link\">Plus <span class=\"screen-reader-text\">Bose jette l\u2019\u00e9ponge sur son ambitieux syst\u00e8me audio de r\u00e9alit\u00e9 augment\u00e9e\u00a0<\/span> <span class=\"meta-nav\">&rarr;<\/span><\/a><\/p>\n","protected":false},"author":1,"featured_media":4134,"comment_status":"open","ping_status":"open","sticky":false,"template":"","format":"standard","meta":{"_sitemap_exclude":false,"_sitemap_priority":"","_sitemap_frequency":"","footnotes":""},"categories":[1],"tags":[],"class_list":["post-4133","post","type-post","status-publish","format-standard","has-post-thumbnail","hentry","category-tous"],"_links":{"self":[{"href":"http:\/\/www.affinite.fr\/index.php\/wp-json\/wp\/v2\/posts\/4133"}],"collection":[{"href":"http:\/\/www.affinite.fr\/index.php\/wp-json\/wp\/v2\/posts"}],"about":[{"href":"http:\/\/www.affinite.fr\/index.php\/wp-json\/wp\/v2\/types\/post"}],"author":[{"embeddable":true,"href":"http:\/\/www.affinite.fr\/index.php\/wp-json\/wp\/v2\/users\/1"}],"replies":[{"embeddable":true,"href":"http:\/\/www.affinite.fr\/index.php\/wp-json\/wp\/v2\/comments?post=4133"}],"version-history":[{"count":0,"href":"http:\/\/www.affinite.fr\/index.php\/wp-json\/wp\/v2\/posts\/4133\/revisions"}],"wp:featuredmedia":[{"embeddable":true,"href":"http:\/\/www.affinite.fr\/index.php\/wp-json\/wp\/v2\/media\/4134"}],"wp:attachment":[{"href":"http:\/\/www.affinite.fr\/index.php\/wp-json\/wp\/v2\/media?parent=4133"}],"wp:term":[{"taxonomy":"category","embeddable":true,"href":"http:\/\/www.affinite.fr\/index.php\/wp-json\/wp\/v2\/categories?post=4133"},{"taxonomy":"post_tag","embeddable":true,"href":"http:\/\/www.affinite.fr\/index.php\/wp-json\/wp\/v2\/tags?post=4133"}],"curies":[{"name":"wp","href":"https:\/\/api.w.org\/{rel}","templated":true}]}}