{"id":4119,"date":"2020-06-17T03:45:38","date_gmt":"2020-06-17T03:45:38","guid":{"rendered":"https:\/\/www.affinite.fr\/index.php\/2020\/06\/17\/arcep-la-5g-apportera-ce-que-les-operateurs-en-feront\/"},"modified":"2020-06-17T03:45:38","modified_gmt":"2020-06-17T03:45:38","slug":"arcep-la-5g-apportera-ce-que-les-operateurs-en-feront","status":"publish","type":"post","link":"http:\/\/www.affinite.fr\/index.php\/2020\/06\/17\/arcep-la-5g-apportera-ce-que-les-operateurs-en-feront\/","title":{"rendered":"ARCEP : \u00ab la 5G apportera ce que les op\u00e9rateurs en feront \u00bb"},"content":{"rendered":"<p> [ad_1]<br \/>\n<br \/>Il faudrait se garder de conclure trop vite que la 5G ne va apporter aucun b\u00e9n\u00e9fice aux simples utilisateurs dans les premiers temps, d&rsquo;apr\u00e8s le pr\u00e9sident de l&rsquo;Arcep, S\u00e9bastien Soriano.  <\/p>\n<p> <img decoding=\"async\" src=\"https:\/\/img.bfmtv.com\/c\/150\/100\/940f4c\/b1525b58b94b07f8ad0392afd7.jpeg\" \/><br \/>\n<br \/>[ad_2]<br \/>\n<br \/><a href=\"https:\/\/www.01net.com\/actualites\/arcep-la-5g-apportera-ce-que-les-operateurs-en-feront-1934040.html\">Source link <\/a><\/p>\n","protected":false},"excerpt":{"rendered":"<p>[ad_1] Il faudrait se garder de conclure trop vite que la 5G ne va apporter aucun b\u00e9n\u00e9fice aux simples utilisateurs &hellip; <a href=\"http:\/\/www.affinite.fr\/index.php\/2020\/06\/17\/arcep-la-5g-apportera-ce-que-les-operateurs-en-feront\/\" class=\"more-link\">Plus <span class=\"screen-reader-text\">ARCEP : \u00ab la 5G apportera ce que les op\u00e9rateurs en feront \u00bb<\/span> <span class=\"meta-nav\">&rarr;<\/span><\/a><\/p>\n","protected":false},"author":1,"featured_media":4120,"comment_status":"open","ping_status":"open","sticky":false,"template":"","format":"standard","meta":{"_sitemap_exclude":false,"_sitemap_priority":"","_sitemap_frequency":"","footnotes":""},"categories":[1],"tags":[],"class_list":["post-4119","post","type-post","status-publish","format-standard","has-post-thumbnail","hentry","category-tous"],"_links":{"self":[{"href":"http:\/\/www.affinite.fr\/index.php\/wp-json\/wp\/v2\/posts\/4119"}],"collection":[{"href":"http:\/\/www.affinite.fr\/index.php\/wp-json\/wp\/v2\/posts"}],"about":[{"href":"http:\/\/www.affinite.fr\/index.php\/wp-json\/wp\/v2\/types\/post"}],"author":[{"embeddable":true,"href":"http:\/\/www.affinite.fr\/index.php\/wp-json\/wp\/v2\/users\/1"}],"replies":[{"embeddable":true,"href":"http:\/\/www.affinite.fr\/index.php\/wp-json\/wp\/v2\/comments?post=4119"}],"version-history":[{"count":0,"href":"http:\/\/www.affinite.fr\/index.php\/wp-json\/wp\/v2\/posts\/4119\/revisions"}],"wp:featuredmedia":[{"embeddable":true,"href":"http:\/\/www.affinite.fr\/index.php\/wp-json\/wp\/v2\/media\/4120"}],"wp:attachment":[{"href":"http:\/\/www.affinite.fr\/index.php\/wp-json\/wp\/v2\/media?parent=4119"}],"wp:term":[{"taxonomy":"category","embeddable":true,"href":"http:\/\/www.affinite.fr\/index.php\/wp-json\/wp\/v2\/categories?post=4119"},{"taxonomy":"post_tag","embeddable":true,"href":"http:\/\/www.affinite.fr\/index.php\/wp-json\/wp\/v2\/tags?post=4119"}],"curies":[{"name":"wp","href":"https:\/\/api.w.org\/{rel}","templated":true}]}}