{"id":4110,"date":"2020-06-16T22:37:14","date_gmt":"2020-06-16T22:37:14","guid":{"rendered":"https:\/\/www.affinite.fr\/index.php\/2020\/06\/16\/la-norvege-met-en-pause-son-application-fondee-sur-la-geolocalisation\/"},"modified":"2020-06-16T22:37:14","modified_gmt":"2020-06-16T22:37:14","slug":"la-norvege-met-en-pause-son-application-fondee-sur-la-geolocalisation","status":"publish","type":"post","link":"http:\/\/www.affinite.fr\/index.php\/2020\/06\/16\/la-norvege-met-en-pause-son-application-fondee-sur-la-geolocalisation\/","title":{"rendered":"la Norv\u00e8ge met en pause son application fond\u00e9e sur la g\u00e9olocalisation"},"content":{"rendered":"<p> [ad_1]<br \/>\n<br \/><img decoding=\"async\" src=\"https:\/\/img.bfmtv.com\/i\/0\/0\/08e1\/ff84b6bc3aa3ad243f83622e8d0b.jpg\" \/><\/p>\n<div itemprop=\"articleBody\">\n<p>La Norv\u00e8ge a \u00e9t\u00e9 un des premiers pays europ\u00e9ens \u00e0 lancer sa propre <a href=\"https:\/\/www.01net.com\/actualites\/coronavirus-comment-fonctionneront-les-applications-de-contact-tracing-1894812.html\" target=\"_blank\" rel=\"noopener noreferrer\">application de <em>contact tracing<\/em><\/a>\u2026 ce sera le premier pays \u00e0 la suspendre. L\u2019Agence de protection des donn\u00e9es (APD) norv\u00e9gienne estime que le logiciel, appel\u00e9 \u00ab\u00a0<em>Smittestopp<\/em>\u00a0\u00bb bas\u00e9 sur la g\u00e9olocalisation de ses utilisateurs, constitue une \u00ab <em>menace disproportionn\u00e9e<\/em> \u00bb pour leur\u00a0vie priv\u00e9e. Au 3\u00a0juin, l\u2019application avait \u00e9t\u00e9 t\u00e9l\u00e9charg\u00e9e 1,6\u00a0million de fois et comptait environ 600\u00a0000 utilisateurs actifs.<\/p>\n<h3 style=\"color:#333; font-family:arial,helvetica,sans-serif; font-size:23px; font-weight:700\">Suspendue au moins jusqu&rsquo;au 23 juin<\/h3>\n<p>\u00c0 la suite cette\u00a0mise en garde, l\u2019Institut norv\u00e9gien de sant\u00e9 publique (FHI) a annonc\u00e9, lundi 15 juin, suspendre la collecte\u00a0de ces donn\u00e9es GPS. Le t\u00e9l\u00e9chargement de l&rsquo;application est d\u00e9sormais\u00a0suspendu. La FHI doit, d&rsquo;ici le 23\u00a0juin, date fix\u00e9e au pr\u00e9alable par l&rsquo;APD, faire des changements techniques pour se mettre en conformit\u00e9. Le FHI a fait savoir son d\u00e9saccord mais a d\u00e9clar\u00e9\u00a0qu&rsquo;il allait supprimer les donn\u00e9es stock\u00e9es relatives aux utilisateurs \u00ab\u00a0<em>d\u00e8s que possible<\/em>\u00a0\u00bb.\u00a0<\/p>\n<blockquote>\n<p>\u00ab\u00a0<em>Nous ne sommes pas d\u2019accord avec l&rsquo;avis de l\u2019APD, mais nous devons maintenant supprimer toutes les donn\u00e9es et interrompre le travail \u00e0 la suite de leur\u00a0notification<\/em>\u00a0\u00bb, a affirm\u00e9 la directrice de FHI, Camilla Stoltenberg, dans une d\u00e9claration traduite par <em>TechCrunch<\/em>. \u00ab\u00a0<em>La pand\u00e9mie n\u2019est pas termin\u00e9e.\u00a0Nous n\u2019avons aucune immunit\u00e9 dans la population, aucun vaccin et aucun traitement efficace.\u00a0Sans l\u2019application <\/em>Smittestopp<em>, nous serons moins bien \u00e9quip\u00e9s pour pr\u00e9venir de nouvelles \u00e9closions qui pourraient survenir \u00e0 l\u2019\u00e9chelle locale ou nationale.<\/em>\u00a0\u00bb\u00a0<\/p>\n<\/blockquote>\n<h3 style=\"color:#333; font-family:arial,helvetica,sans-serif; font-size:23px; font-weight:700\">Un dispositif disproportionn\u00e9<\/h3>\n<p>Le <a href=\"https:\/\/www.01net.com\/actualites\/comment-le-rgpd-va-proteger-vos-donnees-personnelles-1454674.html\" target=\"_blank\" rel=\"noopener noreferrer\">RGPD<\/a> permet de traiter les donn\u00e9es \u00e0 caract\u00e8re personnel \u00e0 des fins de sant\u00e9 publique urgentes. Le gendarme norv\u00e9gien de la protection des donn\u00e9es avait pr\u00e9c\u00e9demment convenu qu\u2019une application pouvait \u00eatre un outil appropri\u00e9 pour lutter contre la propagation du covid-19.\u00a0L\u2019agence n\u2019avait pas \u00e9t\u00e9 consult\u00e9e activement pendant l\u2019\u00e9laboration de l\u2019application.\u00a0Pourtant, elle\u00a0avait exprim\u00e9 des r\u00e9serves et avait promis qu\u2019elle suivrait de pr\u00e8s son \u00e9volution.\u00a0<\/p>\n<p>Au regard des faibles taux de malades et de t\u00e9l\u00e9chargements, le dispositif <em>Smittestopp<\/em> lui parait d\u00e9sormais disproportionn\u00e9.\u00a0<\/p>\n<blockquote>\n<p>\u00ab\u00a0<em>Nous pensons que FHI n\u2019a pas d\u00e9montr\u00e9 qu\u2019il est strictement n\u00e9cessaire d\u2019utiliser les donn\u00e9es de localisation pour la d\u00e9tection des infections<\/em>\u00a0\u00bb, a d\u00e9clar\u00e9 Bj\u00f8rn Erik Thon, directeur de l\u2019APD norv\u00e9gienne, dans une d\u00e9claration publi\u00e9e sur son site traduite par <em>TechCrunch<\/em>.<\/p>\n<\/blockquote>\n<aside class=\"bg-color-0 padding-inside-all-s bloc border-s\">\n<h4 class=\"box-txt-normal\">\n<p><strong>\u00c0 d\u00e9couvrir aussi en vid\u00e9o<\/strong><\/p>\n<\/h4>\n<\/aside>\n<h3 style=\"color:#333; font-family:arial,helvetica,sans-serif; font-size:23px; font-weight:700\">La localisation GPS au coeur des critiques<\/h3>\n<p>Contrairement \u00e0 de nombreuses applications nationales\u00a0en Europe, l\u2019appli\u00a0norv\u00e9gienne suit \u00e9galement les donn\u00e9es de localisation GPS en temps r\u00e9el. En France, <a href=\"https:\/\/www.01net.com\/actualites\/les-vraies-et-fausses-rumeurs-sur-l-application-stopcovid-1927015.html\" target=\"_blank\" rel=\"noopener noreferrer\">l\u2019appli StopCovid<\/a> utilise uniquement <a href=\"https:\/\/www.01net.com\/actualites\/anonymat-bluetooth-sur-ios-la-techno-de-l-application-de-tracage-stop-covid-semble-dans-l-impasse-1897321.html\" target=\"_blank\" rel=\"noopener noreferrer\">les signaux Bluetooth <\/a>pour estimer la distance entre les utilisateurs afin de calculer leur\u00a0risque d\u2019exposition au Covid-19.\u00a0<\/p>\n<p>La Norv\u00e8ge a, elle,\u00a0d\u00e9cid\u00e9 de suivre les localisations GPS des utilisateurs avant que le <em>European data protection board <\/em>(EDPB), qui rassemblent les agences de protection\u00a0des donn\u00e9es europ\u00e9ennes, dont la Commission nationale de l\u2019informatique et des libert\u00e9s (Cnil), n\u2019estime que la g\u00e9olocalisation\u00a0des\u00a0utilisateurs individuels n\u2019\u00e9tait pas n\u00e9cessaire. L\u2019EDPB penchait plut\u00f4t pour l\u2019utilisation de \u00ab\u00a0<em>donn\u00e9es de proximit\u00e9\u00a0<\/em>\u00bb.<\/p>\n<h3 style=\"color:#333; font-family:arial,helvetica,sans-serif; font-size:23px; font-weight:700\">Pas d&rsquo;anonymisation totale<\/h3>\n<p>Les probl\u00e8mes soulev\u00e9s par l\u2019APD norv\u00e9gienne sont essentiellement d\u00fbs \u00e0 ces donn\u00e9es de localisation car\u00a0elles sont plus difficiles \u00e0 anonymiser. FHI ne les aurait pas anonymis\u00e9es de mani\u00e8re assez robuste. Mais, le gendarme norv\u00e9gien note \u00e9galement que les utilisateurs n\u2019ont pas le choix d\u2019accepter que leurs donn\u00e9es soient utilis\u00e9es non seulement pour le d\u00e9pistage des \u00ab\u00a0<em>personnes contact coronavirus<\/em>\u00a0\u00bb mais aussi \u00e0 des fins de recherche. Sans possibilit\u00e9 de refus.\u00a0\u00a0<\/p>\n<p>Autre particularit\u00e9 : la Norv\u00e8ge a opt\u00e9 pour une architecture d\u2019application centralis\u00e9e -ce qui signifie que les donn\u00e9es des utilisateurs sont t\u00e9l\u00e9charg\u00e9es sur un serveur central contr\u00f4l\u00e9 par l\u2019autorit\u00e9 sanitaire- <a href=\"https:\/\/www.01net.com\/actualites\/stopcovid-la-france-prefere-une-solution-nationale-a-celle-d-apple-et-google-1902306.html\" target=\"_blank\" rel=\"noopener noreferrer\">la France a fait un choix similaire<\/a>. Mais l\u2019Allemagne ou l\u2019Italie ont choisi des architecture d\u00e9centralis\u00e9e qui permettent de stocker localement les donn\u00e9es recueillies sur l\u2019appareil. Pour rappel,<a href=\"https:\/\/www.01net.com\/actualites\/coronavirus-google-et-apple-s-associent-pour-faciliter-le-tracage-des-malades-via-les-smartphones-1892450.html\" target=\"_blank\" rel=\"noopener noreferrer\"> l\u2019API de Google et Apple<\/a> ne prenait en charge que les applis d\u00e9centralis\u00e9es.\u00a0<\/p>\n<h3 style=\"color:#333; font-family:arial,helvetica,sans-serif; font-size:23px; font-weight:700\">Des cons\u00e9quences ailleurs en Europe ?\u00a0<\/h3>\n<p>Pour l\u2019instant, la FHI a seulement demand\u00e9 aux utilisateurs de suspendre l\u2019acc\u00e8s \u00e0 leur localisation GPS -et non de supprimer le programme de leur smartphone,\u00a0le temps de faire les modifications n\u00e9cessaires. Mais, Luca Tosoni, chercheur au Centre norv\u00e9gien de recherche sur les ordinateurs et le droit de l\u2019universit\u00e9 d\u2019Oslo, interrog\u00e9 par <em>TechCrunch<\/em> estime n\u00e9anmoins peu probable que l\u2019appli se tourne vers le Bluetooth. Pour lui, cette \u00ab\u00a0interdiction in\u00e9dite\u00a0\u00bb pourrait faire des \u00e9mules en Europe.<\/p>\n<blockquote>\n<p>\u00ab\u00a0<em>Il est possible que d\u2019autres autorit\u00e9s europ\u00e9ennes imposent des interdictions similaires \u00e0 l\u2019avenir et exigent que les applications de <\/em>contact tracing<em> soient modifi\u00e9es \u00e0 partir du moment o\u00f9\u00a0les niveaux de contagion diminuent consid\u00e9rablement. C\u2019est ce qu\u2019on observe dans d\u2019autres r\u00e9gions d\u2019Europe m\u00eame si la Norv\u00e8ge a actuellement l\u2019un des taux de contagion les plus faibles de la zone\u00a0<\/em>\u00bb, analyse le chercheur.\u00a0<\/p>\n<\/blockquote>\n<p><strong>Source<\/strong> : <a href=\"https:\/\/techcrunch.com\/2020\/06\/15\/norway-pulls-its-coronavirus-contacts-tracing-app-after-privacy-watchdogs-warning\/\" target=\"_blank\" rel=\"noopener noreferrer\">TechCrunch<\/a><\/p>\n<\/p><\/div>\n<p><script>\n         !function(f,b,e,v,n,t,s){if(f.fbq)return;n=f.fbq=function()\n         {n.callMethod? n.callMethod.apply(n,arguments):n.queue.push(arguments)}\n         ;if(!f._fbq)f._fbq=n;\n             n.push=n;n.loaded=!0;n.version='2.0';n.queue=[];t=b.createElement(e);t.async=!0;\n             t.src=v;s=b.getElementsByTagName(e)[0];s.parentNode.insertBefore(t,s)}(window,\n                 document,'script','https:\/\/connect.facebook.net\/en_US\/fbevents.js');\n         fbq('init', '1065890633454496');\n         fbq('track', 'PageView');\n     <\/script><br \/>\n<br \/>[ad_2]<br \/>\n<br \/><a href=\"https:\/\/www.01net.com\/actualites\/contact-tracing-la-norvege-met-en-pause-son-application-fondee-sur-la-geolocalisation-1934024.html\">Source link <\/a><\/p>\n","protected":false},"excerpt":{"rendered":"<p>[ad_1] La Norv\u00e8ge a \u00e9t\u00e9 un des premiers pays europ\u00e9ens \u00e0 lancer sa propre application de contact tracing\u2026 ce sera &hellip; <a href=\"http:\/\/www.affinite.fr\/index.php\/2020\/06\/16\/la-norvege-met-en-pause-son-application-fondee-sur-la-geolocalisation\/\" class=\"more-link\">Plus <span class=\"screen-reader-text\">la Norv\u00e8ge met en pause son application fond\u00e9e sur la g\u00e9olocalisation<\/span> <span class=\"meta-nav\">&rarr;<\/span><\/a><\/p>\n","protected":false},"author":1,"featured_media":4111,"comment_status":"open","ping_status":"open","sticky":false,"template":"","format":"standard","meta":{"_sitemap_exclude":false,"_sitemap_priority":"","_sitemap_frequency":"","footnotes":""},"categories":[1],"tags":[],"class_list":["post-4110","post","type-post","status-publish","format-standard","has-post-thumbnail","hentry","category-tous"],"_links":{"self":[{"href":"http:\/\/www.affinite.fr\/index.php\/wp-json\/wp\/v2\/posts\/4110"}],"collection":[{"href":"http:\/\/www.affinite.fr\/index.php\/wp-json\/wp\/v2\/posts"}],"about":[{"href":"http:\/\/www.affinite.fr\/index.php\/wp-json\/wp\/v2\/types\/post"}],"author":[{"embeddable":true,"href":"http:\/\/www.affinite.fr\/index.php\/wp-json\/wp\/v2\/users\/1"}],"replies":[{"embeddable":true,"href":"http:\/\/www.affinite.fr\/index.php\/wp-json\/wp\/v2\/comments?post=4110"}],"version-history":[{"count":0,"href":"http:\/\/www.affinite.fr\/index.php\/wp-json\/wp\/v2\/posts\/4110\/revisions"}],"wp:featuredmedia":[{"embeddable":true,"href":"http:\/\/www.affinite.fr\/index.php\/wp-json\/wp\/v2\/media\/4111"}],"wp:attachment":[{"href":"http:\/\/www.affinite.fr\/index.php\/wp-json\/wp\/v2\/media?parent=4110"}],"wp:term":[{"taxonomy":"category","embeddable":true,"href":"http:\/\/www.affinite.fr\/index.php\/wp-json\/wp\/v2\/categories?post=4110"},{"taxonomy":"post_tag","embeddable":true,"href":"http:\/\/www.affinite.fr\/index.php\/wp-json\/wp\/v2\/tags?post=4110"}],"curies":[{"name":"wp","href":"https:\/\/api.w.org\/{rel}","templated":true}]}}