{"id":4102,"date":"2020-06-16T18:26:04","date_gmt":"2020-06-16T18:26:04","guid":{"rendered":"https:\/\/www.affinite.fr\/index.php\/2020\/06\/16\/google-preparerait-une-version-musclee-de-son-enceinte-connectee-home\/"},"modified":"2020-06-16T18:26:04","modified_gmt":"2020-06-16T18:26:04","slug":"google-preparerait-une-version-musclee-de-son-enceinte-connectee-home","status":"publish","type":"post","link":"http:\/\/www.affinite.fr\/index.php\/2020\/06\/16\/google-preparerait-une-version-musclee-de-son-enceinte-connectee-home\/","title":{"rendered":"Google pr\u00e9parerait une version muscl\u00e9e de son enceinte connect\u00e9e Home"},"content":{"rendered":"<p> [ad_1]<br \/>\n<br \/><img decoding=\"async\" src=\"https:\/\/img.bfmtv.com\/i\/0\/0\/788\/d46a96ec67f7617d66765315d7f38.jpg\" \/><\/p>\n<div itemprop=\"articleBody\">\n<p>Google veut doper son enceinte Home. La soci\u00e9t\u00e9 serait en train de pr\u00e9parer un nouveau mod\u00e8le \u2013 nom de code \u00ab\u00a0Prince\u00a0\u00bb \u2013 dot\u00e9 de capacit\u00e9s audio sup\u00e9rieures \u00e0 son appareil original sorti en 2016. Toujours sans \u00e9cran et habill\u00e9e de tissu, comme le reste de la gamme, l\u2019enceinte serait en effet \u00e9quip\u00e9e de haut-parleurs plus grands et donc plus puissants.<\/p>\n<h3 style=\"color:#333; font-family:arial,helvetica,sans-serif; font-size:23px; font-weight:700\">Enfin une vraie paire d&rsquo;enceintes st\u00e9r\u00e9o ?<\/h3>\n<p>Cette sortie placerait de facto le produit, dans la gamme, entre <a href=\"https:\/\/www.01net.com\/actualites\/test-google-home-est-il-vraiment-utile-1229200.html\" target=\"_blank\" rel=\"noopener noreferrer\">le Google Home<\/a> et <a href=\"https:\/\/www.01net.com\/tests\/test-google-home-max-l-enceinte-intelligente-au-son-puissant-mais-perfectible-6043.html\" target=\"_blank\" rel=\"noopener noreferrer\">le Google Home Max<\/a>. Mais son nom devrait adopter la marque Nest, comme c\u2019est d\u00e9sormais le cas pour les Mini, Hub et Hub Max. Contrairement \u00e0 la Home originale, ce nouveau mod\u00e8le pourrait \u00eatre appair\u00e9 \u00e0 un autre exemplaire pour cr\u00e9er une vraie paire st\u00e9r\u00e9o.<\/p>\n<aside class=\"bg-color-0 padding-inside-all-s bloc border-s\">\n<h4 class=\"box-txt-normal\">\n<p><strong>A d\u00e9couvrir aussi en vid\u00e9o<\/strong><\/p>\n<\/h4>\n<\/aside>\n<p>Le prix et la date de commercialisation sont pour l\u2019instant inconnus, mais vu le positionnement de ce Home dans la gamme, le tarif devrait \u00eatre sup\u00e9rieur aux 99 euros du mod\u00e8le d&rsquo;origine, mais inf\u00e9rieur aux 199 euros de la Home Max. Cette nouvelle enceinte pourrait \u00eatre d\u00e9voil\u00e9e en m\u00eame temps que le <a href=\"https:\/\/www.01net.com\/actualites\/google-pourrait-repousser-a-octobre-la-vente-de-son-nouveau-smartphone-pixel-4a-1933444.html\" target=\"_blank\" rel=\"noopener noreferrer\">Pixel 4a<\/a>&#8230; dont les derni\u00e8res rumeurs pr\u00e9cisent qu\u2019il ne serait pas pr\u00e9sent\u00e9 avant l\u2019automne prochain.<\/p>\n<p><strong>Source : <a href=\"https:\/\/9to5google.com\/2020\/06\/15\/exclusive-google-nest-home\/\" target=\"_blank\" rel=\"noopener noreferrer\">9To5Google<\/a><\/strong><\/p>\n<\/p><\/div>\n<p><script>\n         !function(f,b,e,v,n,t,s){if(f.fbq)return;n=f.fbq=function()\n         {n.callMethod? n.callMethod.apply(n,arguments):n.queue.push(arguments)}\n         ;if(!f._fbq)f._fbq=n;\n             n.push=n;n.loaded=!0;n.version='2.0';n.queue=[];t=b.createElement(e);t.async=!0;\n             t.src=v;s=b.getElementsByTagName(e)[0];s.parentNode.insertBefore(t,s)}(window,\n                 document,'script','https:\/\/connect.facebook.net\/en_US\/fbevents.js');\n         fbq('init', '1065890633454496');\n         fbq('track', 'PageView');\n     <\/script><br \/>\n<br \/>[ad_2]<br \/>\n<br \/><a href=\"https:\/\/www.01net.com\/actualites\/google-preparerait-une-version-musclee-de-son-enceinte-connectee-home-1933939.html\">Source link <\/a><\/p>\n","protected":false},"excerpt":{"rendered":"<p>[ad_1] Google veut doper son enceinte Home. La soci\u00e9t\u00e9 serait en train de pr\u00e9parer un nouveau mod\u00e8le \u2013 nom de &hellip; <a href=\"http:\/\/www.affinite.fr\/index.php\/2020\/06\/16\/google-preparerait-une-version-musclee-de-son-enceinte-connectee-home\/\" class=\"more-link\">Plus <span class=\"screen-reader-text\">Google pr\u00e9parerait une version muscl\u00e9e de son enceinte connect\u00e9e Home<\/span> <span class=\"meta-nav\">&rarr;<\/span><\/a><\/p>\n","protected":false},"author":1,"featured_media":4103,"comment_status":"open","ping_status":"open","sticky":false,"template":"","format":"standard","meta":{"_sitemap_exclude":false,"_sitemap_priority":"","_sitemap_frequency":"","footnotes":""},"categories":[1],"tags":[],"class_list":["post-4102","post","type-post","status-publish","format-standard","has-post-thumbnail","hentry","category-tous"],"_links":{"self":[{"href":"http:\/\/www.affinite.fr\/index.php\/wp-json\/wp\/v2\/posts\/4102"}],"collection":[{"href":"http:\/\/www.affinite.fr\/index.php\/wp-json\/wp\/v2\/posts"}],"about":[{"href":"http:\/\/www.affinite.fr\/index.php\/wp-json\/wp\/v2\/types\/post"}],"author":[{"embeddable":true,"href":"http:\/\/www.affinite.fr\/index.php\/wp-json\/wp\/v2\/users\/1"}],"replies":[{"embeddable":true,"href":"http:\/\/www.affinite.fr\/index.php\/wp-json\/wp\/v2\/comments?post=4102"}],"version-history":[{"count":0,"href":"http:\/\/www.affinite.fr\/index.php\/wp-json\/wp\/v2\/posts\/4102\/revisions"}],"wp:featuredmedia":[{"embeddable":true,"href":"http:\/\/www.affinite.fr\/index.php\/wp-json\/wp\/v2\/media\/4103"}],"wp:attachment":[{"href":"http:\/\/www.affinite.fr\/index.php\/wp-json\/wp\/v2\/media?parent=4102"}],"wp:term":[{"taxonomy":"category","embeddable":true,"href":"http:\/\/www.affinite.fr\/index.php\/wp-json\/wp\/v2\/categories?post=4102"},{"taxonomy":"post_tag","embeddable":true,"href":"http:\/\/www.affinite.fr\/index.php\/wp-json\/wp\/v2\/tags?post=4102"}],"curies":[{"name":"wp","href":"https:\/\/api.w.org\/{rel}","templated":true}]}}