{"id":4082,"date":"2020-06-16T09:14:13","date_gmt":"2020-06-16T09:14:13","guid":{"rendered":"https:\/\/www.affinite.fr\/index.php\/2020\/06\/16\/donald-trump-moque-sur-twitter-pour-son-anniversaire-avec-le-hashtag-allbirthdaysmatter\/"},"modified":"2020-06-16T09:14:13","modified_gmt":"2020-06-16T09:14:13","slug":"donald-trump-moque-sur-twitter-pour-son-anniversaire-avec-le-hashtag-allbirthdaysmatter","status":"publish","type":"post","link":"http:\/\/www.affinite.fr\/index.php\/2020\/06\/16\/donald-trump-moque-sur-twitter-pour-son-anniversaire-avec-le-hashtag-allbirthdaysmatter\/","title":{"rendered":"Donald Trump moqu\u00e9 sur Twitter pour son anniversaire avec le hashtag #AllBirthdaysMatter"},"content":{"rendered":"<p> [ad_1]<br \/>\n<br \/><img decoding=\"async\" src=\"https:\/\/img.bfmtv.com\/i\/0\/0\/afb\/a0ca0ef2f81953d570405cfb9aa90.jpeg\" \/><\/p>\n<div itemprop=\"articleBody\">\n<p>Au lieu de c\u00e9l\u00e9brer l\u2019anniversaire du pr\u00e9sident am\u00e9ricain Donald Trump, dimanche 14 juin, de nombreux utilisateurs de Twitter ont d\u00e9tourn\u00e9 cette journ\u00e9e pour honorer l&rsquo;ancien pr\u00e9sident Barack Obama et les Noirs am\u00e9ricains morts r\u00e9cemment sous les coups de la police, derri\u00e8re le hashtag \u00ab<em>\u00a0Tous les anniversaires comptent<\/em>\u00a0\u00bb.\u00a0Une r\u00e9f\u00e9rence directe au mouvement populaire #Blacklivesmatter, all\u00e8grement ignor\u00e9\u00a0par Donald Trump.\u00a0<\/p>\n<h3 style=\"color:#333; font-family:arial,helvetica,sans-serif; font-size:23px; font-weight:700\">\u00ab\u00a0Tous les anniversaires comptent\u00a0\u00bb<\/h3>\n<p>Comme le rapporte <em>Variety<\/em>, d\u00e8s le d\u00e9but de la journ\u00e9e, plusieurs expressions ont commenc\u00e9 \u00e0 se r\u00e9pandre sur Twitter telles que : \u00ab\u00a0<em>Journ\u00e9e Obama du 14\u00a0juin<\/em>\u00a0\u00bb, \u00ab<em>\u00a0Journ\u00e9e d\u2019appr\u00e9ciation d&rsquo;Obama<\/em>\u00a0\u00bb, \u00ab\u00a0<em>Journ\u00e9e d&rsquo;Obama <a href=\"http:\/\/www.affinite.fr\/index.php\/2021\/10\/06\/camion-de-glace-style-usa-made-in-france\/\">USA<\/a>\u00a0<\/em>\u00bb et \u00ab\u00a0<em>Joyeux anniversaire Obama<\/em>\u00a0\u00bb, en plus du\u00a0\u00ab\u00a0<em>Tous les anniversaires comptent<\/em>\u00a0\u00bb. Des c\u00e9l\u00e9brit\u00e9s ont rejoint la tendance comme les acteurs George Takei,\u00a0<a href=\"https:\/\/twitter.com\/kenjeong\/status\/1272202685526097920?ref_src=twsrc%5Etfw%7Ctwcamp%5Etweetembed%7Ctwterm%5E1272202685526097920&amp;ref_url=https%3A%2F%2Fvariety.com%2F2020%2Fdigital%2Fnews%2Ftrump-birthday-obama-twitter-all-birthdays-matter-1234634357%2F\" target=\"_blank\" rel=\"noopener noreferrer\">Ken Jeong<\/a> ou encore\u00a0<a href=\"https:\/\/twitter.com\/BillyBaldwin\/status\/1272189419974356992?ref_src=twsrc%5Etfw%7Ctwcamp%5Etweetembed%7Ctwterm%5E1272189419974356992&amp;ref_url=https%3A%2F%2Fvariety.com%2F2020%2Fdigital%2Fnews%2Ftrump-birthday-obama-twitter-all-birthdays-matter-1234634357%2F\" target=\"_blank\" rel=\"noopener noreferrer\">Billy Baldwin<\/a>.<\/p>\n<p>\u00ab\u00a0<em>Je dirais bien bon anniversaire \u00e0 Donald pour sa journ\u00e9e sp\u00e9ciale, mais apr\u00e8s tout, #AllBirthdaysMatter<\/em>\u00a0\u00bb, a tweet\u00e9 George Takei.\u00a0Plus tard dans la journ\u00e9e, il a tweet\u00e9 de nouveau, s&rsquo;adressant \u00e0 Barack Obama :\u00a0<\/p>\n<blockquote>\n<p>\u00ab <em>Oh, comme vous nous manquez, monsieur le pr\u00e9sident.\u00a0Qu\u2019est-ce qui vous manque le plus chez lui, amis de Barack Obama? #Obamadayjune14<\/em>\u00a0\u00bb, avec une vid\u00e9o de l\u2019ancien pr\u00e9sident tenant sa ni\u00e8ce dans les bras.\u00a0<\/p>\n<\/blockquote>\n<p>D&rsquo;autres personnes anonymes ont \u00e9galement profit\u00e9 de cette \u00ab <em>journ\u00e9e sp\u00e9ciale<\/em> \u00bb\u00a0et l&rsquo;engouement du hashtag pour c\u00e9l\u00e9brer la vie des personnes noires tu\u00e9es par la police am\u00e9ricaine, comme George Floyd, Breonna Taylor, Trayvon Martin, Tamir Rice (et bien d\u2019autres).<\/p>\n<p>                En temps de compagne pr\u00e9sidentielle, ces tweets avaient \u00e9videmment une forte connotation politique. Plusieurs personnalit\u00e9s ont \u00e9galement surf\u00e9 sur la vague.\u00a0 Barack Obama soutient la candidature du d\u00e9mocrate Joe Biden pour les \u00e9lections qui auront lieu en novembre 2020.\u00a0<\/p>\n<p>                <strong>Source<\/strong> : <a href=\"https:\/\/variety.com\/2020\/digital\/news\/trump-birthday-obama-twitter-all-birthdays-matter-1234634357\/\" target=\"_blank\" rel=\"noopener noreferrer\">Variety<\/a><\/p><\/div>\n<p><script async src=\"http:\/\/platform.twitter.com\/widgets.js\" charset=\"utf-8\"><\/script><script>\n         !function(f,b,e,v,n,t,s){if(f.fbq)return;n=f.fbq=function()\n         {n.callMethod? n.callMethod.apply(n,arguments):n.queue.push(arguments)}\n         ;if(!f._fbq)f._fbq=n;\n             n.push=n;n.loaded=!0;n.version='2.0';n.queue=[];t=b.createElement(e);t.async=!0;\n             t.src=v;s=b.getElementsByTagName(e)[0];s.parentNode.insertBefore(t,s)}(window,\n                 document,'script','https:\/\/connect.facebook.net\/en_US\/fbevents.js');\n         fbq('init', '1065890633454496');\n         fbq('track', 'PageView');\n     <\/script><br \/>\n<br \/>[ad_2]<br \/>\n<br \/><a href=\"https:\/\/www.01net.com\/actualites\/donald-trump-moque-sur-twitter-pour-son-anniversaire-avec-le-hashtag-allbirthdaysmatter-1933481.html\">Source link <\/a><\/p>\n","protected":false},"excerpt":{"rendered":"<p>[ad_1] Au lieu de c\u00e9l\u00e9brer l\u2019anniversaire du pr\u00e9sident am\u00e9ricain Donald Trump, dimanche 14 juin, de nombreux utilisateurs de Twitter ont &hellip; <a href=\"http:\/\/www.affinite.fr\/index.php\/2020\/06\/16\/donald-trump-moque-sur-twitter-pour-son-anniversaire-avec-le-hashtag-allbirthdaysmatter\/\" class=\"more-link\">Plus <span class=\"screen-reader-text\">Donald Trump moqu\u00e9 sur Twitter pour son anniversaire avec le hashtag #AllBirthdaysMatter<\/span> <span class=\"meta-nav\">&rarr;<\/span><\/a><\/p>\n","protected":false},"author":1,"featured_media":4083,"comment_status":"open","ping_status":"open","sticky":false,"template":"","format":"standard","meta":{"_sitemap_exclude":false,"_sitemap_priority":"","_sitemap_frequency":"","footnotes":""},"categories":[1],"tags":[],"class_list":["post-4082","post","type-post","status-publish","format-standard","has-post-thumbnail","hentry","category-tous"],"_links":{"self":[{"href":"http:\/\/www.affinite.fr\/index.php\/wp-json\/wp\/v2\/posts\/4082"}],"collection":[{"href":"http:\/\/www.affinite.fr\/index.php\/wp-json\/wp\/v2\/posts"}],"about":[{"href":"http:\/\/www.affinite.fr\/index.php\/wp-json\/wp\/v2\/types\/post"}],"author":[{"embeddable":true,"href":"http:\/\/www.affinite.fr\/index.php\/wp-json\/wp\/v2\/users\/1"}],"replies":[{"embeddable":true,"href":"http:\/\/www.affinite.fr\/index.php\/wp-json\/wp\/v2\/comments?post=4082"}],"version-history":[{"count":0,"href":"http:\/\/www.affinite.fr\/index.php\/wp-json\/wp\/v2\/posts\/4082\/revisions"}],"wp:featuredmedia":[{"embeddable":true,"href":"http:\/\/www.affinite.fr\/index.php\/wp-json\/wp\/v2\/media\/4083"}],"wp:attachment":[{"href":"http:\/\/www.affinite.fr\/index.php\/wp-json\/wp\/v2\/media?parent=4082"}],"wp:term":[{"taxonomy":"category","embeddable":true,"href":"http:\/\/www.affinite.fr\/index.php\/wp-json\/wp\/v2\/categories?post=4082"},{"taxonomy":"post_tag","embeddable":true,"href":"http:\/\/www.affinite.fr\/index.php\/wp-json\/wp\/v2\/tags?post=4082"}],"curies":[{"name":"wp","href":"https:\/\/api.w.org\/{rel}","templated":true}]}}