{"id":4078,"date":"2020-06-16T07:12:03","date_gmt":"2020-06-16T07:12:03","guid":{"rendered":"https:\/\/www.affinite.fr\/index.php\/2020\/06\/16\/lapp-store-aurait-genere-plus-de-500-milliards-de-dollars-en-2019\/"},"modified":"2020-06-16T07:12:03","modified_gmt":"2020-06-16T07:12:03","slug":"lapp-store-aurait-genere-plus-de-500-milliards-de-dollars-en-2019","status":"publish","type":"post","link":"http:\/\/www.affinite.fr\/index.php\/2020\/06\/16\/lapp-store-aurait-genere-plus-de-500-milliards-de-dollars-en-2019\/","title":{"rendered":"l\u2019App Store aurait g\u00e9n\u00e9r\u00e9 plus de 500 milliards de dollars en 2019"},"content":{"rendered":"<p> [ad_1]<br \/>\n<\/p>\n<div itemprop=\"articleBody\">\n<p>Alors que la WWDC approche, et avec elle, les habituels chiffres d\u00e9montrant le poids \u00e9conomique de l\u2019App Store pour les d\u00e9veloppeurs (et pour le g\u00e9ant de Cupertino), Apple vient d\u2019aller un peu plus loin en posant une question simple\u00a0: Quelle est la taille v\u00e9ritable de l\u2019\u00e9cosyst\u00e8me de l\u2019App Store\u00a0?<br \/>Le g\u00e9ant am\u00e9ricain y a apport\u00e9 une r\u00e9ponse (ou en tout cas un d\u00e9but de r\u00e9ponse), sous la forme d\u2019une \u00e9tude sur l\u2019impact \u00e9conomique de l\u2019App Store dans le monde r\u00e9el.<br \/>Financ\u00e9e par Apple mais men\u00e9e par une soci\u00e9t\u00e9 ext\u00e9rieure, le cabinet de conseils Analysis Group, cette \u00e9tude est une premi\u00e8re. Apple n\u2019avait jusqu\u2019\u00e0 pr\u00e9sent jamais officiellement tent\u00e9 de prendre la mesure de l\u2019importance de l\u2019App Store au-del\u00e0 de son propre \u00e9cosyst\u00e8me.<\/p>\n<figure class=\"figure text-center\"><img decoding=\"async\" class=\"article-img img-responsive-l\" src=\"https:\/\/img.bfmtv.com\/c\/0\/708\/51b\/a8e1be438df762d3618306b9307ad.jpg\" alt=\"\"\/><figcaption class=\"figure-caption figcaption color-txt-0 title-xs hidden-xs\"\/><\/figure>\n<h3 style=\"color:#333;font-family:arial,helvetica,sans-serif;font-size:23px;font-weight:700;\"><strong>Des chiffres impressionnants<\/strong><\/h3>\n<p>Ainsi, selon Analysis Group, l\u2019App Store aurait g\u00e9n\u00e9r\u00e9 pas moins de 519 milliards de dollars en facturation et ventes en 2019. Sur ce total, 45 milliards de dollars proviendraient de publicit\u00e9s diffus\u00e9es dans les applications (dont 20 milliards dans les seuls jeux) et environ 61 milliards de dollars seraient g\u00e9n\u00e9r\u00e9s par la vente de biens num\u00e9riques ou de services, comme les abonnements \u00e0 un service de musique, ou \u00e0 des achats in-app.<\/p>\n<p>Mais le plus int\u00e9ressant est que 413 milliards de dollars proviendraient de biens physiques et de services. Comprenez, par exemple, la vente de nourriture, de v\u00eatement, de course en VTC ou taxi ou encore de voyages.<br \/>D\u2019ailleurs, sur ces 413 milliards de dollars, 268 milliards ont \u00e9t\u00e9 g\u00e9n\u00e9r\u00e9s par des commer\u00e7ants, soit qui sont n\u00e9s du tout num\u00e9rique, soit qui ont pignon sur rue, les fameux \u00ab\u00a0brick-and-mortar\u00a0\u00bb, ces enseignes qui ont des magasins, comme par exemple Target ou Best Buy. Autrement dit, les applis et l\u2019App Store g\u00e9n\u00e9reraient bien plus d\u2019argent dans le monde r\u00e9el, physique, que dans le monde num\u00e9rique.<\/p>\n<p>L\u2019\u00e9tude pr\u00e9cise par ailleurs que plus de 85% de ces 519 milliards de dollars reviennent \u00e0 des tiers, des soci\u00e9t\u00e9s autres qu\u2019Apple.<\/p>\n<aside class=\"bg-color-0 padding-inside-all-s bloc border-s\">\n<h4 class=\"box-txt-normal\">\n<p><strong>A d\u00e9couvrir aussi en vid\u00e9o<\/strong><\/p>\n<\/h4>\n<\/aside>\n<h3 style=\"color:#333;font-family:arial,helvetica,sans-serif;font-size:23px;font-weight:700;\"><strong>Comprendre, \u00e9duquer, pour\u00a0pr\u00e9parer un combat\u00a0?<\/strong><\/h3>\n<p>Cette \u00e9tude a un int\u00e9r\u00eat \u00e9vident. Elle donne \u00e0 voir les effets par ricochets sur l\u2019\u00e9conomie physique g\u00e9n\u00e9r\u00e9e par le num\u00e9rique \u2013 m\u00eame si on ne voit en l\u2019occurrence pas toute la r\u00e9alit\u00e9\u00a0: les emplois cr\u00e9\u00e9s indirectement par les activit\u00e9s de d\u00e9veloppement d\u2019applications plac\u00e9es l\u2019App Store, par exemple.<\/p>\n<p>N\u00e9anmoins, cette \u00e9tude tombe \u00e0 point nomm\u00e9. Elle est une r\u00e9ponse \u00e0 une tendance croissante aux Etats-Unis, qui voit l\u2019Administration am\u00e9ricaine (pour de bonnes ou de mauvaises raisons) s\u2019int\u00e9resser de plus en plus aux g\u00e9ants de la tech et \u00e0 leurs positions de monopoles r\u00e9els ou suppos\u00e9s.<\/p>\n<p>Ainsi, dans l\u2019air du temps, l\u2019universit\u00e9 de Yale publiait hier une \u00e9tude de 36 pages sobrement intitul\u00e9 The Antitrust Case Against Apple. Google et Amazon ne sont pas les seuls vis\u00e9s par des enqu\u00eates antitrust. Avant d\u2019avoir peut-\u00eatre besoin de se d\u00e9fendre en justice, Apple et ses homologues sont donc confront\u00e9s \u00e0 la n\u00e9cessit\u00e9 de communiquer et d\u2019expliquer, comment mieux le faire qu\u2019en ayant compris l\u2019importance tentaculaire de l\u2019\u00e9cosyst\u00e8me qui s\u2019est cr\u00e9\u00e9 autour de leur propre monde.<\/p>\n<p><strong>Source\u00a0:<\/strong> <a href=\"https:\/\/www.apple.com\/newsroom\/2020\/06\/apples-app-store-ecosystem-facilitated-over-half-a-trillion-dollars-in-commerce-in-2019\/\">Apple<\/a><\/p>\n<\/p><\/div>\n<p><script>\n         !function(f,b,e,v,n,t,s){if(f.fbq)return;n=f.fbq=function()\n         {n.callMethod? n.callMethod.apply(n,arguments):n.queue.push(arguments)}\n         ;if(!f._fbq)f._fbq=n;\n             n.push=n;n.loaded=!0;n.version='2.0';n.queue=[];t=b.createElement(e);t.async=!0;\n             t.src=v;s=b.getElementsByTagName(e)[0];s.parentNode.insertBefore(t,s)}(window,\n                 document,'script','https:\/\/connect.facebook.net\/en_US\/fbevents.js');\n         fbq('init', '1065890633454496');\n         fbq('track', 'PageView');\n     <\/script><br \/>\n<br \/>[ad_2]<br \/>\n<br \/><a href=\"https:\/\/www.01net.com\/actualites\/apple-l-app-store-aurait-genere-plus-de-500-milliards-de-dollars-en-2019-1933883.html\">Source link <\/a><\/p>\n","protected":false},"excerpt":{"rendered":"<p>[ad_1] Alors que la WWDC approche, et avec elle, les habituels chiffres d\u00e9montrant le poids \u00e9conomique de l\u2019App Store pour &hellip; <a href=\"http:\/\/www.affinite.fr\/index.php\/2020\/06\/16\/lapp-store-aurait-genere-plus-de-500-milliards-de-dollars-en-2019\/\" class=\"more-link\">Plus <span class=\"screen-reader-text\">l\u2019App Store aurait g\u00e9n\u00e9r\u00e9 plus de 500 milliards de dollars en 2019<\/span> <span class=\"meta-nav\">&rarr;<\/span><\/a><\/p>\n","protected":false},"author":1,"featured_media":4079,"comment_status":"open","ping_status":"open","sticky":false,"template":"","format":"standard","meta":{"_sitemap_exclude":false,"_sitemap_priority":"","_sitemap_frequency":"","footnotes":""},"categories":[1],"tags":[],"class_list":["post-4078","post","type-post","status-publish","format-standard","has-post-thumbnail","hentry","category-tous"],"_links":{"self":[{"href":"http:\/\/www.affinite.fr\/index.php\/wp-json\/wp\/v2\/posts\/4078"}],"collection":[{"href":"http:\/\/www.affinite.fr\/index.php\/wp-json\/wp\/v2\/posts"}],"about":[{"href":"http:\/\/www.affinite.fr\/index.php\/wp-json\/wp\/v2\/types\/post"}],"author":[{"embeddable":true,"href":"http:\/\/www.affinite.fr\/index.php\/wp-json\/wp\/v2\/users\/1"}],"replies":[{"embeddable":true,"href":"http:\/\/www.affinite.fr\/index.php\/wp-json\/wp\/v2\/comments?post=4078"}],"version-history":[{"count":0,"href":"http:\/\/www.affinite.fr\/index.php\/wp-json\/wp\/v2\/posts\/4078\/revisions"}],"wp:featuredmedia":[{"embeddable":true,"href":"http:\/\/www.affinite.fr\/index.php\/wp-json\/wp\/v2\/media\/4079"}],"wp:attachment":[{"href":"http:\/\/www.affinite.fr\/index.php\/wp-json\/wp\/v2\/media?parent=4078"}],"wp:term":[{"taxonomy":"category","embeddable":true,"href":"http:\/\/www.affinite.fr\/index.php\/wp-json\/wp\/v2\/categories?post=4078"},{"taxonomy":"post_tag","embeddable":true,"href":"http:\/\/www.affinite.fr\/index.php\/wp-json\/wp\/v2\/tags?post=4078"}],"curies":[{"name":"wp","href":"https:\/\/api.w.org\/{rel}","templated":true}]}}