{"id":4072,"date":"2020-06-16T05:06:25","date_gmt":"2020-06-16T05:06:25","guid":{"rendered":"https:\/\/www.affinite.fr\/index.php\/2020\/06\/16\/orange-veut-deployer-la-5g-sans-precipitation\/"},"modified":"2020-06-16T05:06:25","modified_gmt":"2020-06-16T05:06:25","slug":"orange-veut-deployer-la-5g-sans-precipitation","status":"publish","type":"post","link":"http:\/\/www.affinite.fr\/index.php\/2020\/06\/16\/orange-veut-deployer-la-5g-sans-precipitation\/","title":{"rendered":"Orange veut d\u00e9ployer la 5G&#8230; sans pr\u00e9cipitation"},"content":{"rendered":"<p> [ad_1]<br \/>\n<br \/><img decoding=\"async\" src=\"https:\/\/img.bfmtv.com\/i\/0\/0\/664\/8719003adad539022915a74f7bd66.jpeg\" \/><\/p>\n<div itemprop=\"articleBody\">\n<p><em>\u00ab\u00a0Nous serons parmi les premiers dans <a href=\"https:\/\/www.01net.com\/actualites\/5g-pourquoi-ce-futur-standard-va-revolutionner-la-telephonie-mobile-1514955.html\" target=\"_blank\" rel=\"noopener noreferrer\">la 5G<\/a>, car nous y croyons, contrairement \u00e0 d\u2019autres,\u00a0manifestement\u00a0\u00bb<\/em>, d\u00e9clare le PDG d\u2019Orange St\u00e9phane Richard dans les colonnes des <em>Echos<\/em>. Il r\u00e9affirme ainsi l\u2019ambition de l\u2019op\u00e9rateur historique d\u2019\u00eatre au rendez-vous de la 5G en France. Et il en profite au passage pour tacler son concurrent Bouygues Telecom qui a d\u00e9clar\u00e9 il y a peu qu\u2019il n\u2019y aurait <a href=\"https:\/\/www.01net.com\/actualites\/la-5g-ne-servira-a-rien-sur-un-smartphone-jusqu-en-2023-selon-bouygues-telecom-1930755.html\" target=\"_blank\" rel=\"noopener noreferrer\">pas de b\u00e9n\u00e9fice \u00e0 utiliser la 5G sur un smartphone avant 2023<\/a>. D&rsquo;apr\u00e8s le patron d&rsquo;Orange, la 5G resterait indispensable pour augmenter les capacit\u00e9s des r\u00e9seaux, sachant que le trafic mobile augmenterait de 40 \u00e0 50% chaque ann\u00e9e.<\/p>\n<h3 style=\"color:#333;font-family:arial,helvetica,sans-serif;font-size:23px;font-weight:700;\">Il n&rsquo;y a pas encore assez de smartphones compatibles<\/h3>\n<p>Pour St\u00e9phane Richard, les op\u00e9rateurs t\u00e9l\u00e9coms ont subi un impact limit\u00e9 par rapport \u00e0 la crise sanitaire. Il ne r\u00e9clame donc pas une baisse du prix plancher pour les <a href=\"https:\/\/www.01net.com\/actualites\/5g-les-encheres-pour-les-frequences-auront-bien-lieu-en-septembre-1931454.html\" target=\"_blank\" rel=\"noopener noreferrer\">ench\u00e8res de fr\u00e9quences qui auront lieu en septembre<\/a>. En revanche, il aurait aim\u00e9 que le rythme de d\u00e9ploiement impos\u00e9 par l\u2019Arcep soit revu \u00e0 la baisse pour les ann\u00e9es \u00e0 venir. Comme ses concurrents, il estime aussi qu\u2019il n\u2019y a pas encore assez des smartphones compatibles sur le march\u00e9. Il pr\u00e9voit donc d\u2019aller \u00e0 un bon rythme <em>\u00ab\u00a0mais sans se pr\u00e9cipiter\u00a0\u00bb<\/em>.<\/p>\n<aside class=\"bg-color-0 padding-inside-all-s bloc border-s\">\n<h4 class=\"box-txt-normal\">\n<p><strong>A d\u00e9couvrir aussi en vid\u00e9o<\/strong><\/p>\n<\/h4>\n<\/aside>\n<p>Concernant <a href=\"https:\/\/www.01net.com\/actualites\/les-operateurs-telecoms-pourraient-ils-commercialiser-de-la-fausse-5g-1932089.html\" target=\"_blank\" rel=\"noopener noreferrer\">le risque d\u2019une \u00ab\u00a0fausse 5G\u00a0\u00bb<\/a> avanc\u00e9 par SFR* qui craint que certains op\u00e9rateurs lancent juste une 4G am\u00e9lior\u00e9e, il s\u2019est d\u00e9clar\u00e9 lui aussi pr\u00e9occup\u00e9. Mais il n\u2019oublie pas de lancer une pique \u00e0 son rival au carr\u00e9 rouge. <em>\u00ab\u00a0Nous avons aussi vu chez SFR de la fibre qui \u00e9tait en r\u00e9alit\u00e9 du c\u00e2ble\u00a0\u00bb<\/em>, a-t-il rappel\u00e9. Plus g\u00e9n\u00e9ralement, il a pr\u00e9venu qu\u2019il resterait attentif pour qu\u2019un sc\u00e9nario \u00e0 la Bouygues Telecom ne se reproduise pas. L\u2019op\u00e9rateur avait pu, en effet, utiliser le premier la bande de fr\u00e9quence 2G 1800 MHz pour la r\u00e9allouer \u00e0 la 4G, ce qui lui avait donn\u00e9 un avantage en termes de couverture et de qualit\u00e9 de service.<\/p>\n<p><em>* 01net.com est \u00e9dit\u00e9 par une filiale de NextRadioTV, elle-m\u00eame propri\u00e9t\u00e9 de SFR M\u00e9dias.<\/em><\/p>\n<p>Source : <em><a href=\"https:\/\/www.lesechos.fr\/tech-medias\/hightech\/orange-doit-saisir-les-opportunites-de-la-crise-affirme-stephane-richard-1214733#xtor=RSS-38\" target=\"_blank\" rel=\"noopener noreferrer\">Les Echos<\/a><\/em><\/p><\/div>\n<p><script>\n         !function(f,b,e,v,n,t,s){if(f.fbq)return;n=f.fbq=function()\n         {n.callMethod? n.callMethod.apply(n,arguments):n.queue.push(arguments)}\n         ;if(!f._fbq)f._fbq=n;\n             n.push=n;n.loaded=!0;n.version='2.0';n.queue=[];t=b.createElement(e);t.async=!0;\n             t.src=v;s=b.getElementsByTagName(e)[0];s.parentNode.insertBefore(t,s)}(window,\n                 document,'script','https:\/\/connect.facebook.net\/en_US\/fbevents.js');\n         fbq('init', '1065890633454496');\n         fbq('track', 'PageView');\n     <\/script><br \/>\n<br \/>[ad_2]<br \/>\n<br \/><a href=\"https:\/\/www.01net.com\/actualites\/orange-veut-deployer-la-5g-sans-precipitation-1933499.html\">Source link <\/a><\/p>\n","protected":false},"excerpt":{"rendered":"<p>[ad_1] \u00ab\u00a0Nous serons parmi les premiers dans la 5G, car nous y croyons, contrairement \u00e0 d\u2019autres,\u00a0manifestement\u00a0\u00bb, d\u00e9clare le PDG d\u2019Orange &hellip; <a href=\"http:\/\/www.affinite.fr\/index.php\/2020\/06\/16\/orange-veut-deployer-la-5g-sans-precipitation\/\" class=\"more-link\">Plus <span class=\"screen-reader-text\">Orange veut d\u00e9ployer la 5G&#8230; sans pr\u00e9cipitation<\/span> <span class=\"meta-nav\">&rarr;<\/span><\/a><\/p>\n","protected":false},"author":1,"featured_media":4073,"comment_status":"open","ping_status":"open","sticky":false,"template":"","format":"standard","meta":{"_sitemap_exclude":false,"_sitemap_priority":"","_sitemap_frequency":"","footnotes":""},"categories":[1],"tags":[],"class_list":["post-4072","post","type-post","status-publish","format-standard","has-post-thumbnail","hentry","category-tous"],"_links":{"self":[{"href":"http:\/\/www.affinite.fr\/index.php\/wp-json\/wp\/v2\/posts\/4072"}],"collection":[{"href":"http:\/\/www.affinite.fr\/index.php\/wp-json\/wp\/v2\/posts"}],"about":[{"href":"http:\/\/www.affinite.fr\/index.php\/wp-json\/wp\/v2\/types\/post"}],"author":[{"embeddable":true,"href":"http:\/\/www.affinite.fr\/index.php\/wp-json\/wp\/v2\/users\/1"}],"replies":[{"embeddable":true,"href":"http:\/\/www.affinite.fr\/index.php\/wp-json\/wp\/v2\/comments?post=4072"}],"version-history":[{"count":0,"href":"http:\/\/www.affinite.fr\/index.php\/wp-json\/wp\/v2\/posts\/4072\/revisions"}],"wp:featuredmedia":[{"embeddable":true,"href":"http:\/\/www.affinite.fr\/index.php\/wp-json\/wp\/v2\/media\/4073"}],"wp:attachment":[{"href":"http:\/\/www.affinite.fr\/index.php\/wp-json\/wp\/v2\/media?parent=4072"}],"wp:term":[{"taxonomy":"category","embeddable":true,"href":"http:\/\/www.affinite.fr\/index.php\/wp-json\/wp\/v2\/categories?post=4072"},{"taxonomy":"post_tag","embeddable":true,"href":"http:\/\/www.affinite.fr\/index.php\/wp-json\/wp\/v2\/tags?post=4072"}],"curies":[{"name":"wp","href":"https:\/\/api.w.org\/{rel}","templated":true}]}}