{"id":4070,"date":"2020-06-16T04:00:59","date_gmt":"2020-06-16T04:00:59","guid":{"rendered":"https:\/\/www.affinite.fr\/index.php\/2020\/06\/16\/tamron-lance-un-zoom-de-voyage-compact-pour-les-hybrides-plein-format-de-sony\/"},"modified":"2020-06-16T04:00:59","modified_gmt":"2020-06-16T04:00:59","slug":"tamron-lance-un-zoom-de-voyage-compact-pour-les-hybrides-plein-format-de-sony","status":"publish","type":"post","link":"http:\/\/www.affinite.fr\/index.php\/2020\/06\/16\/tamron-lance-un-zoom-de-voyage-compact-pour-les-hybrides-plein-format-de-sony\/","title":{"rendered":"Tamron lance un zoom de voyage compact pour les hybrides plein format de Sony"},"content":{"rendered":"<p> [ad_1]<br \/>\n<\/p>\n<div itemprop=\"articleBody\">\n                La monture FE de Sony ne manque peut-\u00eatre pas d\u2019optiques de prestige, mais il en va autrement dans des mod\u00e8les milieu et entr\u00e9e de gamme. Un manque que semble vouloir combler Tamron qui ne cesse de d\u00e9velopper des focales fixes et des zooms qu\u2019on peut vraiment s\u2019acheter sans se ruiner \u2013 les optiques G Master de Sony sont peut-\u00eatre excellentes, mais elles sont hors de prix.<\/p>\n<figure class=\"figure text-center\"><img decoding=\"async\" class=\"article-img img-responsive-l\" src=\"https:\/\/img.bfmtv.com\/c\/1200\/800\/f86\/9e6c32f7518fca914caae4e3ede96.jpg\" alt=\"\"\/><figcaption class=\"figure-caption figcaption color-txt-0 title-xs hidden-xs\"\/><\/figure>\n<figure class=\"figure text-center\"><img decoding=\"async\" class=\"article-img img-responsive-l\" src=\"https:\/\/img.bfmtv.com\/c\/1200\/400\/51b\/35b02a9677ce859b34ed6d352d0fd.jpg\" alt=\"\"\/><figcaption class=\"figure-caption figcaption color-txt-0 title-xs hidden-xs\"\/><\/figure>\n<p>                Tamron pourrait frapper un grand coup avec son nouveau 28-200 mm F\/2.8-5.6 Di III RXD, un zoom \u00e0 tout faire qui va du grand-angle au bon t\u00e9l\u00e9objectif et cible ceux qui veulent <a href=\"http:\/\/www.affinite.fr\/index.php\/2023\/07\/29\/changer-de-vie-voyager-complement-de-retraite-devenez-vendeur-de-glace-a-litalienne\/\">voyager<\/a> l\u00e9ger. \u00c0 seulement 575 g sur la balance, il offre un excellent rapport poids\/puissance de zoom. Sans sacrifier \u00e0 la r\u00e9sistance puisque Tamron l\u2019a garni de joints d\u2019\u00e9tanch\u00e9it\u00e9 pour le prot\u00e9ger des poussi\u00e8res et de l\u2019humidit\u00e9.<\/p>\n<figure class=\"figure text-center\"><img decoding=\"async\" class=\"article-img img-responsive-l\" src=\"https:\/\/img.bfmtv.com\/c\/800\/407\/28e\/66f0ef7e50d2ae716e3addf0534da.jpg\" alt=\"\"\/><figcaption class=\"figure-caption figcaption color-txt-0 title-xs hidden-xs\"\/><\/figure>\n<figure class=\"figure text-center\"><img decoding=\"async\" class=\"article-img img-responsive-l\" src=\"https:\/\/img.bfmtv.com\/c\/1200\/700\/37b\/158949347d6e02ef1a8c1ab6586eb.jpg\" alt=\"\"\/><figcaption class=\"figure-caption figcaption color-txt-0 title-xs hidden-xs\"\/><\/figure>\n<p>                L\u00e0 o\u00f9 il marque des points, c\u2019est dans son ouverture grand-angle : \u00e0 f\/2.8 en position 28 mm, il permet de r\u00e9colter beaucoup de lumi\u00e8re pour un zoom de ce genre. Le diaphragme se fermera rapidement pour arriver \u00e0 f\/5.6 \u00e0 135 mm, mais le fait de disposer d\u2019une focale \u00ab lumineuse \u00bb avec un transtandard permet de continuer \u00e0 shooter (en grand-angle) m\u00eame quand la lumi\u00e8re se fait rare.<\/p>\n<aside class=\"bg-color-0 padding-inside-all-s bloc border-s\">\n<h4 class=\"box-txt-normal\">\n<div class=\"\">\n<p><strong>\u00c0 d\u00e9couvrir aussi en vid\u00e9o<\/strong><\/p>\n<\/div>\n<\/h4>\n<\/aside>\n<p>ADN de Tamron oblige, la proxiphotographie n\u2019est pas oubli\u00e9e avec une mise au\u00a0point minimale \u00e0 19 cm en grand-angle ce qui permettra de faire de belles images de d\u00e9tails en grand-angle. M\u00eame chose en position t\u00e9l\u00e9objectif, puisque la distance minimale de mise au point est de seulement 80 cm \u00e0 200 mm. Autre d\u00e9tail qui plaira \u00e0 ceux qui ont des moyens financiers limit\u00e9s : ce zoom conserve le diam\u00e8tre de filtre de 67 mm comme avec les mod\u00e8les pr\u00e9c\u00e9dents de Tamron pour la monture FE, qu&rsquo;il s&rsquo;agisse <a href=\"https:\/\/www.01net.com\/actualites\/tamron-annonce-trois-focales-fixes-compactes-f2-8-pour-hybrides-sony-1796051.html\" target=\"_blank\" rel=\"noopener noreferrer\">du trio de focales fixes f\/2.8 fra\u00eechement annonc\u00e9es <\/a>ou du <a href=\"https:\/\/www.01net.com\/tests\/test-tamron-28-75-mm-f2-8-le-zoom-incontournable-pour-les-hybrides-sony-6140.html\" target=\"_blank\" rel=\"noopener noreferrer\">zoom 28-75 mm f\/2.8 constant que nous avons d\u00e9j\u00e0 test\u00e9.<\/a> Vous pourrez ainsi passer vos filtres UV, polarisants, et autres sur chacune de vos optiques Tamron FE.<\/p>\n<p>Le Tamron 28-200 mm F\/2.8-5.6 Di III RXD sera commercialis\u00e9 dans le courant du mois de juin \u00e0 899 euros.<\/p>\n<\/p><\/div>\n<p><script>\n         !function(f,b,e,v,n,t,s){if(f.fbq)return;n=f.fbq=function()\n         {n.callMethod? n.callMethod.apply(n,arguments):n.queue.push(arguments)}\n         ;if(!f._fbq)f._fbq=n;\n             n.push=n;n.loaded=!0;n.version='2.0';n.queue=[];t=b.createElement(e);t.async=!0;\n             t.src=v;s=b.getElementsByTagName(e)[0];s.parentNode.insertBefore(t,s)}(window,\n                 document,'script','https:\/\/connect.facebook.net\/en_US\/fbevents.js');\n         fbq('init', '1065890633454496');\n         fbq('track', 'PageView');\n     <\/script><br \/>\n<br \/>[ad_2]<br \/>\n<br \/><a href=\"https:\/\/www.01net.com\/actualites\/tamron-lance-un-zoom-de-voyage-compact-pour-les-hybrides-plein-format-de-sony-1933532.html\">Source link <\/a><\/p>\n","protected":false},"excerpt":{"rendered":"<p>[ad_1] La monture FE de Sony ne manque peut-\u00eatre pas d\u2019optiques de prestige, mais il en va autrement dans des &hellip; <a href=\"http:\/\/www.affinite.fr\/index.php\/2020\/06\/16\/tamron-lance-un-zoom-de-voyage-compact-pour-les-hybrides-plein-format-de-sony\/\" class=\"more-link\">Plus <span class=\"screen-reader-text\">Tamron lance un zoom de voyage compact pour les hybrides plein format de Sony<\/span> <span class=\"meta-nav\">&rarr;<\/span><\/a><\/p>\n","protected":false},"author":1,"featured_media":4071,"comment_status":"open","ping_status":"open","sticky":false,"template":"","format":"standard","meta":{"_sitemap_exclude":false,"_sitemap_priority":"","_sitemap_frequency":"","footnotes":""},"categories":[1],"tags":[],"class_list":["post-4070","post","type-post","status-publish","format-standard","has-post-thumbnail","hentry","category-tous"],"_links":{"self":[{"href":"http:\/\/www.affinite.fr\/index.php\/wp-json\/wp\/v2\/posts\/4070"}],"collection":[{"href":"http:\/\/www.affinite.fr\/index.php\/wp-json\/wp\/v2\/posts"}],"about":[{"href":"http:\/\/www.affinite.fr\/index.php\/wp-json\/wp\/v2\/types\/post"}],"author":[{"embeddable":true,"href":"http:\/\/www.affinite.fr\/index.php\/wp-json\/wp\/v2\/users\/1"}],"replies":[{"embeddable":true,"href":"http:\/\/www.affinite.fr\/index.php\/wp-json\/wp\/v2\/comments?post=4070"}],"version-history":[{"count":0,"href":"http:\/\/www.affinite.fr\/index.php\/wp-json\/wp\/v2\/posts\/4070\/revisions"}],"wp:featuredmedia":[{"embeddable":true,"href":"http:\/\/www.affinite.fr\/index.php\/wp-json\/wp\/v2\/media\/4071"}],"wp:attachment":[{"href":"http:\/\/www.affinite.fr\/index.php\/wp-json\/wp\/v2\/media?parent=4070"}],"wp:term":[{"taxonomy":"category","embeddable":true,"href":"http:\/\/www.affinite.fr\/index.php\/wp-json\/wp\/v2\/categories?post=4070"},{"taxonomy":"post_tag","embeddable":true,"href":"http:\/\/www.affinite.fr\/index.php\/wp-json\/wp\/v2\/tags?post=4070"}],"curies":[{"name":"wp","href":"https:\/\/api.w.org\/{rel}","templated":true}]}}