{"id":4068,"date":"2020-06-16T02:57:46","date_gmt":"2020-06-16T02:57:46","guid":{"rendered":"https:\/\/www.affinite.fr\/index.php\/2020\/06\/16\/payez-5-moins-cher-votre-apple-macbook-air\/"},"modified":"2020-06-16T02:57:46","modified_gmt":"2020-06-16T02:57:46","slug":"payez-5-moins-cher-votre-apple-macbook-air","status":"publish","type":"post","link":"http:\/\/www.affinite.fr\/index.php\/2020\/06\/16\/payez-5-moins-cher-votre-apple-macbook-air\/","title":{"rendered":"payez 5% moins cher votre Apple MacBook Air"},"content":{"rendered":"<p> [ad_1]<br \/>\n<br \/><img decoding=\"async\" src=\"https:\/\/img.bfmtv.com\/i\/0\/0\/165\/c5251e3532a66c3fb088a8ba2fc42.jpg\" \/><\/p>\n<div itemprop=\"articleBody\">\n<p>Votre comptez acheter le dernier MacBook Air 13 pouces d&rsquo;Apple. Payez-le moins cher sur Amazon. Le site le vend actuellement au prix de\u00a0<a href=\"https:\/\/amzn.to\/3hsNp5m\" target=\"_blank\" rel=\"noopener noreferrer\">1139,05 euros au lieu de 1199 euros.<\/a><\/p>\n<p>Nous l&rsquo;avons <a href=\"https:\/\/www.01net.com\/tests\/test-du-macbook-air-2020-l-ultraportable-d-apple-retrouve-enfin-de-sa-superbe-6435.html\" target=\"_blank\" rel=\"noopener noreferrer\">test\u00e9 et appr\u00e9ci\u00e9<\/a>.\u00a0Plus puissant, moins cher, il redevient un ultraportable qu\u2019on peut choisir sans crainte. L&rsquo;appareil est dot\u00e9 d&rsquo;un \u00e9cran 13 pouces Retina, d&rsquo;un\u00a0processeur Intel Core\u00a0i3 bic\u0153ur de 10e\u00a0g\u00e9n\u00e9ration \u00e0 1,1\u00a0GHz de 8\u00a0Go RAM et d&rsquo;un SSD de 256\u00a0Go.<\/p>\n<p><a href=\"https:\/\/amzn.to\/3hsNp5m\" target=\"_blank\" rel=\"noopener noreferrer\">Retrouvez ici cette offre d\u2019Amazon.<\/a><\/p>\n<aside class=\"bg-color-0 padding-inside-all-s bloc border-s\">\n<h4 class=\"box-txt-normal\">\n<p><strong>A d\u00e9couvrir aussi en vid\u00e9o :<\/strong><\/p>\n<\/h4>\n<\/aside>\n<p>Les promotions mentionn\u00e9es dans cet article peuvent \u00eatre \u00e9ph\u00e9m\u00e8res et ne plus \u00eatre valables apr\u00e8s la date de parution de l\u2019article.<\/p>\n<p><a href=\"https:\/\/www.01net.com\/bons-plans\/\">Retrouvez tous les bons plans high-tech s\u00e9lectionn\u00e9s par 01net.com sur notre page d\u00e9di\u00e9e.<\/a><\/p>\n<p><em>Cet article est une s\u00e9lection r\u00e9alis\u00e9e par l\u2019\u00e9quipe de 01net.com, en toute ind\u00e9pendance. Il est toutefois possible que ce contenu propose un lien d\u2019affiliation. Si vous cliquez sur ce lien, l\u2019e-commer\u00e7ant peut nous reverser une commission. Pour vous, rien ne change !<\/em><\/p>\n<\/p><\/div>\n<p><script>\n         !function(f,b,e,v,n,t,s){if(f.fbq)return;n=f.fbq=function()\n         {n.callMethod? n.callMethod.apply(n,arguments):n.queue.push(arguments)}\n         ;if(!f._fbq)f._fbq=n;\n             n.push=n;n.loaded=!0;n.version='2.0';n.queue=[];t=b.createElement(e);t.async=!0;\n             t.src=v;s=b.getElementsByTagName(e)[0];s.parentNode.insertBefore(t,s)}(window,\n                 document,'script','https:\/\/connect.facebook.net\/en_US\/fbevents.js');\n         fbq('init', '1065890633454496');\n         fbq('track', 'PageView');\n     <\/script><br \/>\n<br \/>[ad_2]<br \/>\n<br \/><a href=\"https:\/\/www.01net.com\/actualites\/bon-plan-amazon-payez-5percent-moins-cher-votre-apple-macbook-air-1933594.html\">Source link <\/a><\/p>\n","protected":false},"excerpt":{"rendered":"<p>[ad_1] Votre comptez acheter le dernier MacBook Air 13 pouces d&rsquo;Apple. Payez-le moins cher sur Amazon. Le site le vend &hellip; <a href=\"http:\/\/www.affinite.fr\/index.php\/2020\/06\/16\/payez-5-moins-cher-votre-apple-macbook-air\/\" class=\"more-link\">Plus <span class=\"screen-reader-text\">payez 5% moins cher votre Apple MacBook Air<\/span> <span class=\"meta-nav\">&rarr;<\/span><\/a><\/p>\n","protected":false},"author":1,"featured_media":4069,"comment_status":"open","ping_status":"open","sticky":false,"template":"","format":"standard","meta":{"_sitemap_exclude":false,"_sitemap_priority":"","_sitemap_frequency":"","footnotes":""},"categories":[1],"tags":[],"class_list":["post-4068","post","type-post","status-publish","format-standard","has-post-thumbnail","hentry","category-tous"],"_links":{"self":[{"href":"http:\/\/www.affinite.fr\/index.php\/wp-json\/wp\/v2\/posts\/4068"}],"collection":[{"href":"http:\/\/www.affinite.fr\/index.php\/wp-json\/wp\/v2\/posts"}],"about":[{"href":"http:\/\/www.affinite.fr\/index.php\/wp-json\/wp\/v2\/types\/post"}],"author":[{"embeddable":true,"href":"http:\/\/www.affinite.fr\/index.php\/wp-json\/wp\/v2\/users\/1"}],"replies":[{"embeddable":true,"href":"http:\/\/www.affinite.fr\/index.php\/wp-json\/wp\/v2\/comments?post=4068"}],"version-history":[{"count":0,"href":"http:\/\/www.affinite.fr\/index.php\/wp-json\/wp\/v2\/posts\/4068\/revisions"}],"wp:featuredmedia":[{"embeddable":true,"href":"http:\/\/www.affinite.fr\/index.php\/wp-json\/wp\/v2\/media\/4069"}],"wp:attachment":[{"href":"http:\/\/www.affinite.fr\/index.php\/wp-json\/wp\/v2\/media?parent=4068"}],"wp:term":[{"taxonomy":"category","embeddable":true,"href":"http:\/\/www.affinite.fr\/index.php\/wp-json\/wp\/v2\/categories?post=4068"},{"taxonomy":"post_tag","embeddable":true,"href":"http:\/\/www.affinite.fr\/index.php\/wp-json\/wp\/v2\/tags?post=4068"}],"curies":[{"name":"wp","href":"https:\/\/api.w.org\/{rel}","templated":true}]}}