{"id":4056,"date":"2020-06-15T21:48:27","date_gmt":"2020-06-15T21:48:27","guid":{"rendered":"https:\/\/www.affinite.fr\/index.php\/2020\/06\/15\/de-nouveaux-details-emergent-apres-sa-presentation\/"},"modified":"2020-06-15T21:48:27","modified_gmt":"2020-06-15T21:48:27","slug":"de-nouveaux-details-emergent-apres-sa-presentation","status":"publish","type":"post","link":"http:\/\/www.affinite.fr\/index.php\/2020\/06\/15\/de-nouveaux-details-emergent-apres-sa-presentation\/","title":{"rendered":"de nouveaux d\u00e9tails \u00e9mergent apr\u00e8s sa pr\u00e9sentation"},"content":{"rendered":"<p> [ad_1]<br \/>\n<\/p>\n<div itemprop=\"articleBody\">\n<p>Apr\u00e8s avoir d\u00e9couvert <a href=\"https:\/\/www.01net.com\/actualites\/playstation-5-on-sait-desormais-presque-tout-de-la-future-console-de-sony-1877136.html\" target=\"_blank\" rel=\"noopener noreferrer\">ce qu&rsquo;elle aurait dans le bo\u00eetier<\/a>, on a enfin pu voir \u00e0 quoi allait ressembler la prochaine console de Sony, <a href=\"https:\/\/www.01net.com\/actualites\/sony-montre-enfin-ce-a-quoi-ressemble-la-ps5-1931767.html\" target=\"_blank\" rel=\"noopener noreferrer\">la PlayStation 5<\/a>. Jeudi soir dernier, la division vid\u00e9oludique de la marque nipponne pr\u00e9sentait un gros panel de jeux que l&rsquo;on retrouverait sur la PS5. Avant le\u00a0clou du spectacle: un premier regard sur la console (enfin, les consoles) et les premiers accessoires.<\/p>\n<p>Apr\u00e8s cette belle d\u00e9couverte, Jim Ryan, le grand patron de la division SIE (Sony Interactive Entertainment) a accord\u00e9 un interview \u00e0 nos confr\u00e8res am\u00e9ricains du site <em>CNET.com<\/em>. Un \u00e9change informel entre Matt MacLaurin &#8211; Vice Pr\u00e9sident de la division interface de la PS5 &#8211; et des fans a aussi eu lieu sur le r\u00e9seau social <em>LinkedIn<\/em>. Voici tout ce que nous avons pu glaner comme nouvelles informations&#8230; ou confirmations.<\/p>\n<figure class=\"figure text-center\"><img decoding=\"async\" class=\"article-img img-responsive-l\" src=\"https:\/\/img.bfmtv.com\/c\/0\/708\/1a3\/f4af4a69a288a42309d15fa4078bf.jpg\" alt=\"Les PlayStation 5 Classique et Digital Edition\"\/><figcaption class=\"figure-caption figcaption color-txt-0 title-xs hidden-xs\">\n                                    Sony<br \/>\n                                                    &#8211; Les PlayStation 5 Classique et Digital Edition<br \/>\n                            <\/figcaption><\/figure>\n<ul>\n<li><strong>Le choix du design, assum\u00e9 ?<\/strong><\/li>\n<\/ul>\n<p>Pleinement. Jim Ryan assure que c&rsquo;est volontaire et que ces formes et courbes sont tout \u00e0 fait \u00ab <em>avant-gardistes, dans l&rsquo;esprit des ann\u00e9es 2020<\/em> \u00bb. Pour rappel, la PS5 a eu le droit \u00e0 <a href=\"https:\/\/www.01net.com\/actualites\/ps5-son-design-futuriste-a-peine-devoile-est-largement-moque-par-les-internautes-1931902.html\" target=\"_blank\" rel=\"noopener noreferrer\">son lot de moqueries et de \u00ab memes \u00bb<\/a> sur la Toile tr\u00e8s vite apr\u00e8s s&rsquo;\u00eatre d\u00e9voil\u00e9e.<\/p>\n<ul>\n<li><strong>Quelle(s) diff\u00e9rence(s) entre la PS5 classique et la Digital Edition ?<\/strong><\/li>\n<\/ul>\n<p>Aucune, hormis la pr\u00e9sence du lecteur de Blu-ray 4K. Les plates-formes techniques seront les m\u00eames, il n&rsquo;y aura pas plus de stockage dans l&rsquo;une ou l&rsquo;autre. Quant au prix, pour le moment, Jim Ryan n&rsquo;en a annonc\u00e9 aucun et se refuse \u00e0 dire si oui ou non le tarif de la Digital Edition sera inf\u00e9rieur \u00e0 celui de la classique.<\/p>\n<ul>\n<li><strong>La r\u00e9trocompatibilit\u00e9 sera plus importante sur la classique que sur la Digital Edition ?<\/strong><\/li>\n<\/ul>\n<p>Jim Ryan reconnait &#8211; \u00e0 demi-mot &#8211; que pouvoir lire les disques physiques de la PS4 avec la PS5 classique augmente son potentiel de r\u00e9trocompatibilit\u00e9 imm\u00e9diat. Mais l&rsquo;\u00e9ventail de jeux support\u00e9 sera le m\u00eame entre les deux consoles : <a href=\"https:\/\/www.01net.com\/actualites\/sony-annonce-encore-plus-de-jeux-ps4-retrocompatibles-avec-la-playstation-5-1880407.html\" target=\"_blank\" rel=\"noopener noreferrer\">4000 jeux doivent \u00eatre pass\u00e9s au crible<\/a> par les d\u00e9veloppeurs et les \u00e9quipes de Sony et un important nombre de jeux seront bel et bien compatibles au lancement des consoles.<\/p>\n<ul>\n<li><strong>La PS5 sera-t-elle facile \u00e0 trouver \u00e0 son lancement ?<\/strong><\/li>\n<\/ul>\n<p>M\u00eame si le prix n&rsquo;a pas \u00e9t\u00e9 d\u00e9voil\u00e9, les campagnes de pr\u00e9commande vont d\u00e9buter dans les grandes enseignes dans les semaines \u00e0 venir. Cela permettra d&rsquo;extrapoler les demandes et de <a href=\"https:\/\/www.01net.com\/actualites\/prix-eleve-composants-rares-sony-prevoit-de-limiter-les-stocks-de-ps5-au-lancement-1894658.html\" target=\"_blank\" rel=\"noopener noreferrer\">produire en cons\u00e9quence<\/a> pour qu&rsquo;il y ait le plus de consoles possibles entre les mains des joueurs <a href=\"https:\/\/www.01net.com\/actualites\/sony-est-categorique-la-playstation-5-sortira-bien-a-la-fin-de-l-annee-1913090.html\" target=\"_blank\" rel=\"noopener noreferrer\">le jour de la sortie<\/a>. Toujours aucun retard sur les lignes de production n&rsquo;est \u00e0 pr\u00e9voir selon Jim Ryan.<\/p>\n<ul>\n<li><strong>Le PSVR et la PS5, \u00e7a marche ?<\/strong><\/li>\n<\/ul>\n<p>M. Ryan a r\u00e9p\u00e9t\u00e9 que le casque actuel serait compatible avec la nouvelle console. Sans probl\u00e8me. Esp\u00e9rons que <a href=\"https:\/\/www.01net.com\/actualites\/playstation-5-sony-devoile-ses-premiers-accessoires-dont-un-casque-audio-prometteur-1931909.html\" target=\"_blank\" rel=\"noopener noreferrer\">la nouvelle cam\u00e9ra<\/a>, vendue en option, ne soit pas obligatoire.<\/p>\n<ul>\n<li><strong>L&rsquo;interface de la PS5 : belle et rapide ?<\/strong><\/li>\n<\/ul>\n<p>D&rsquo;apr\u00e8s Matt McLaurin, entre les menus de la PS4 et de la PS5 n&rsquo;auront pas grand chose \u00e0 voir. Tout a \u00e9t\u00e9 refondu et modifi\u00e9. La fa\u00e7on dont les menus s&rsquo;affichent, les identit\u00e9s visuelles et la navigation seraient tous in\u00e9dits. De plus, l&rsquo;interface de l&rsquo;OS appara\u00eetrait tr\u00e8s vite sit\u00f4t la console allum\u00e9e et serait extr\u00eamement r\u00e9active. M. MacLaurin \u00e9voque des minutages \u00e0 la milliseconde pr\u00e8s.<\/p>\n<ul>\n<li><strong>Des versions sp\u00e9ciales de la console sont-elles pr\u00e9vues ?<\/strong><\/li>\n<\/ul>\n<p>Une PS5 aux couleurs de l&rsquo;un des prochains AAA \u00e0 venir ? Oui, ce sera possible, bien \u00e9videmment. Et MacLaurin laisse m\u00eame sous-entendre que les possibilit\u00e9s de personnalisation de la console permises par la PlayStation 5 sont \u00e9normes, plus que sur les autres g\u00e9n\u00e9rations.<\/p>\n<p><strong>Sources :<\/strong> <a href=\"https:\/\/www.cnet.com\/news\/sonys-ps5-design-is-bold-daring-and-future-facing-playstation-ceo-says\/\" target=\"_blank\" rel=\"noopener noreferrer\">CNet.com<\/a> et <a href=\"https:\/\/www.linkedin.com\/feed\/update\/urn:li:activity:6676958761892114432?commentUrn=urn%3Ali%3Acomment%3A%28activity%3A6676958761892114432%2C6677787029792677888%29&amp;replyUrn=urn%3Ali%3Acomment%3A%28activity%3A6676958761892114432%2C6678004699188334592%29\" target=\"_blank\" rel=\"noopener noreferrer\">LinkedIn<\/a><\/p>\n<\/p><\/div>\n<p><script>\n         !function(f,b,e,v,n,t,s){if(f.fbq)return;n=f.fbq=function()\n         {n.callMethod? n.callMethod.apply(n,arguments):n.queue.push(arguments)}\n         ;if(!f._fbq)f._fbq=n;\n             n.push=n;n.loaded=!0;n.version='2.0';n.queue=[];t=b.createElement(e);t.async=!0;\n             t.src=v;s=b.getElementsByTagName(e)[0];s.parentNode.insertBefore(t,s)}(window,\n                 document,'script','https:\/\/connect.facebook.net\/en_US\/fbevents.js');\n         fbq('init', '1065890633454496');\n         fbq('track', 'PageView');\n     <\/script><br \/>\n<br \/>[ad_2]<br \/>\n<br \/><a href=\"https:\/\/www.01net.com\/actualites\/playstation-5-de-nouveaux-details-emergent-apres-sa-presentation-1933497.html\">Source link <\/a><\/p>\n","protected":false},"excerpt":{"rendered":"<p>[ad_1] Apr\u00e8s avoir d\u00e9couvert ce qu&rsquo;elle aurait dans le bo\u00eetier, on a enfin pu voir \u00e0 quoi allait ressembler la &hellip; <a href=\"http:\/\/www.affinite.fr\/index.php\/2020\/06\/15\/de-nouveaux-details-emergent-apres-sa-presentation\/\" class=\"more-link\">Plus <span class=\"screen-reader-text\">de nouveaux d\u00e9tails \u00e9mergent apr\u00e8s sa pr\u00e9sentation<\/span> <span class=\"meta-nav\">&rarr;<\/span><\/a><\/p>\n","protected":false},"author":1,"featured_media":4057,"comment_status":"open","ping_status":"open","sticky":false,"template":"","format":"standard","meta":{"_sitemap_exclude":false,"_sitemap_priority":"","_sitemap_frequency":"","footnotes":""},"categories":[1],"tags":[],"class_list":["post-4056","post","type-post","status-publish","format-standard","has-post-thumbnail","hentry","category-tous"],"_links":{"self":[{"href":"http:\/\/www.affinite.fr\/index.php\/wp-json\/wp\/v2\/posts\/4056"}],"collection":[{"href":"http:\/\/www.affinite.fr\/index.php\/wp-json\/wp\/v2\/posts"}],"about":[{"href":"http:\/\/www.affinite.fr\/index.php\/wp-json\/wp\/v2\/types\/post"}],"author":[{"embeddable":true,"href":"http:\/\/www.affinite.fr\/index.php\/wp-json\/wp\/v2\/users\/1"}],"replies":[{"embeddable":true,"href":"http:\/\/www.affinite.fr\/index.php\/wp-json\/wp\/v2\/comments?post=4056"}],"version-history":[{"count":0,"href":"http:\/\/www.affinite.fr\/index.php\/wp-json\/wp\/v2\/posts\/4056\/revisions"}],"wp:featuredmedia":[{"embeddable":true,"href":"http:\/\/www.affinite.fr\/index.php\/wp-json\/wp\/v2\/media\/4057"}],"wp:attachment":[{"href":"http:\/\/www.affinite.fr\/index.php\/wp-json\/wp\/v2\/media?parent=4056"}],"wp:term":[{"taxonomy":"category","embeddable":true,"href":"http:\/\/www.affinite.fr\/index.php\/wp-json\/wp\/v2\/categories?post=4056"},{"taxonomy":"post_tag","embeddable":true,"href":"http:\/\/www.affinite.fr\/index.php\/wp-json\/wp\/v2\/tags?post=4056"}],"curies":[{"name":"wp","href":"https:\/\/api.w.org\/{rel}","templated":true}]}}