{"id":4050,"date":"2020-06-15T18:45:08","date_gmt":"2020-06-15T18:45:08","guid":{"rendered":"https:\/\/www.affinite.fr\/index.php\/2020\/06\/15\/le-coronavirus-a-serieusement-ralenti-les-deploiements-de-lignes-en-fibre-optique\/"},"modified":"2020-06-15T18:45:08","modified_gmt":"2020-06-15T18:45:08","slug":"le-coronavirus-a-serieusement-ralenti-les-deploiements-de-lignes-en-fibre-optique","status":"publish","type":"post","link":"http:\/\/www.affinite.fr\/index.php\/2020\/06\/15\/le-coronavirus-a-serieusement-ralenti-les-deploiements-de-lignes-en-fibre-optique\/","title":{"rendered":"Le coronavirus a s\u00e9rieusement ralenti les d\u00e9ploiements de lignes en fibre optique"},"content":{"rendered":"<p> [ad_1]<br \/>\n<\/p>\n<div itemprop=\"articleBody\">\n<p>C\u2019est une fili\u00e8re en plein boom qui a \u00e9t\u00e9 frapp\u00e9e par le Coronavirus. Les entreprises des infrastructures du num\u00e9rique montaient en puissance chaque ann\u00e9e pour fibrer la France et d\u00e9ployaient 19 000 lignes par jour avant la crise sanitaire. <a href=\"https:\/\/www.01net.com\/actualites\/le-deploiement-de-la-fibre-optique-va-prendre-du-retard-en-france-1886330.html#content\/contribution\/edit\" target=\"_blank\" rel=\"noopener noreferrer\">Le pire, c\u2019est-\u00e0-dire l\u2019arr\u00eat total, a \u00e9t\u00e9 \u00e9vit\u00e9<\/a>. Mais la pand\u00e9mie a ralenti et continue de faire obstacle \u00e0 la couverture en fibre optique du territoire.<\/p>\n<p>La F\u00e9d\u00e9ration Infranum, qui regroupe plus de 200 entreprises du secteur, a fait r\u00e9aliser un audit par le cabinet EY. Les conclusions \u00e9taient pr\u00e9sent\u00e9es aujourd\u2019hui en conf\u00e9rence de presse. 5,3 millions de lignes en fibre optique devaient \u00eatre d\u00e9ploy\u00e9es en 2020 au total. Elles ne devraient \u00eatre finalement que 4,3 millions. Soit 400 000 en moins dans les zones rurales des RIP (R\u00e9seaux d\u2019Initiative Publique), 500 000 qui manqueront dans les zones AMIII (des zones moins dense avec Appel \u00e0 Manifestation d\u2019Intention et d\u2019Investissement) et 100 000 qui feront d\u00e9faut dans les zones denses.<\/p>\n<figure class=\"figure text-center\"><img decoding=\"async\" class=\"article-img img-responsive-l\" src=\"https:\/\/img.bfmtv.com\/c\/1060\/513\/370b64\/97fb7e2a1e95e324d27296bbdd.jpeg\" alt=\"Le retard du d\u00e9ploiement de la fibre optique pour 20120. En bleu fonc\u00e9, les zones denses, en gris les zones AMII, en vert, les RIP.\"\/><figcaption class=\"figure-caption figcaption color-txt-0 title-xs hidden-xs\">\n                                    Infranum<br \/>\n                                                    &#8211; Le retard du d\u00e9ploiement de la fibre optique pour 20120. En bleu fonc\u00e9, les zones denses, en gris les zones AMII, en vert, les RIP.<br \/>\n                            <\/figcaption><\/figure>\n<h3 style=\"color:#333; font-family:arial,helvetica,sans-serif; font-size:23px; font-weight:700\">Le Plan France Tr\u00e8s Haut D\u00e9bit sera-t-il tenu ?<\/h3>\n<p><em>\u00ab\u00a0L\u2019impact aurait \u00e9t\u00e9 moindre si la pand\u00e9mie \u00e9tait survenue en 2017. L\u00e0, elle est arriv\u00e9e au plus fort du d\u00e9ploiement, \u00e0 un moment record. Ca va \u00eatre compliqu\u00e9 de rattraper \u00bb, <\/em>a fait observer David Elfassy, pr\u00e9sident d\u2019Altitude Infrastructure. Difficile toutefois d\u2019en conclure que les objectifs du <a href=\"https:\/\/www.01net.com\/actualites\/le-plan-du-gouvernement-pour-generaliser-la-fibre-optique-sur-l-ensemble-du-territoire-1862224.html#content\/contribution\/edit\" target=\"_blank\" rel=\"noopener noreferrer\">Plan France Tr\u00e8s Haut D\u00e9bit <\/a>ne seront pas tenus. Pour rappel, il s\u2019agit d\u2019apporter le Tr\u00e8s Haut D\u00e9bit \u00e0 tous les foyers fran\u00e7ais d&rsquo;ici fin 2022, et, \u00e0 80% gr\u00e2ce \u00e0 la technologie de la fibre optique. <em>\u00ab\u00a0Nous sommes incapables de dire aujourd\u2019hui si les objectifs seront tenus pour fin 2022. Il y a trop d\u2019inconnues qui entrent en jeu\u00a0\u00bb<\/em>, estime Etienne Dugas, le pr\u00e9sident d\u2019Infranum. L&rsquo;espoir demeure de d\u00e9ployer \u00e0 marche forc\u00e9e en 2022.<\/p>\n<p>Si l\u2019activit\u00e9 a \u00e9t\u00e9 ralentie, c\u2019est en partie en raison des gestes barri\u00e8res. Il a fallu fournir du mat\u00e9riel de protection aux \u00e9quipes, d\u00e9doubler le mat\u00e9riel, les v\u00e9hicules, agrandir les vestiaires et les chantiers, diligenter un r\u00e9f\u00e9rent Covid charg\u00e9 de faire respecter les nouvelles r\u00e8gles. Et surtout, obtenir la r\u00e9ouverture des chantiers et la possibilit\u00e9 de circuler. Mais il reste difficile de se procurer les autorisations administratives et d\u2019entrer en contact avec les syndics et les particuliers pour les raccorder. Cela a fait, au passage, grimper le co\u00fbt de pose de la fibre optique de 11 \u00e0 17% depuis la reprise. Un surco\u00fbt qui devrait baisser \u00e0 4% \u00e0 partir de septembre.<\/p>\n<p>Reste un regret point\u00e9 d\u2019amertume chez les industriels du secteur. Les infrastructures t\u00e9l\u00e9coms n\u2019\u00e9taient pas consid\u00e9r\u00e9es jusqu\u2019\u00e0 pr\u00e9sent comme essentielles, au m\u00eame titre que l\u2019eau ou l\u2019\u00e9lectricit\u00e9. Ce qui explique que leur activit\u00e9 ait \u00e9t\u00e9 en partie suspendue lors du confinement. Ils esp\u00e8rent avoir prouv\u00e9 que les r\u00e9seaux m\u00e9ritaient ce statut et ne pas p\u00e2tir des m\u00eames difficult\u00e9s d\u2019intervention dans le cas o\u00f9 une crise d\u2019une telle ampleur devrait se reproduire.<\/p>\n<\/p><\/div>\n<p><script>\n         !function(f,b,e,v,n,t,s){if(f.fbq)return;n=f.fbq=function()\n         {n.callMethod? n.callMethod.apply(n,arguments):n.queue.push(arguments)}\n         ;if(!f._fbq)f._fbq=n;\n             n.push=n;n.loaded=!0;n.version='2.0';n.queue=[];t=b.createElement(e);t.async=!0;\n             t.src=v;s=b.getElementsByTagName(e)[0];s.parentNode.insertBefore(t,s)}(window,\n                 document,'script','https:\/\/connect.facebook.net\/en_US\/fbevents.js');\n         fbq('init', '1065890633454496');\n         fbq('track', 'PageView');\n     <\/script><br \/>\n<br \/>[ad_2]<br \/>\n<br \/><a href=\"https:\/\/www.01net.com\/actualites\/le-coronavirus-a-serieusement-ralenti-les-deploiements-de-lignes-en-fibre-optique-1933681.html\">Source link <\/a><\/p>\n","protected":false},"excerpt":{"rendered":"<p>[ad_1] C\u2019est une fili\u00e8re en plein boom qui a \u00e9t\u00e9 frapp\u00e9e par le Coronavirus. Les entreprises des infrastructures du num\u00e9rique &hellip; <a href=\"http:\/\/www.affinite.fr\/index.php\/2020\/06\/15\/le-coronavirus-a-serieusement-ralenti-les-deploiements-de-lignes-en-fibre-optique\/\" class=\"more-link\">Plus <span class=\"screen-reader-text\">Le coronavirus a s\u00e9rieusement ralenti les d\u00e9ploiements de lignes en fibre optique<\/span> <span class=\"meta-nav\">&rarr;<\/span><\/a><\/p>\n","protected":false},"author":1,"featured_media":4051,"comment_status":"open","ping_status":"open","sticky":false,"template":"","format":"standard","meta":{"_sitemap_exclude":false,"_sitemap_priority":"","_sitemap_frequency":"","footnotes":""},"categories":[1],"tags":[],"class_list":["post-4050","post","type-post","status-publish","format-standard","has-post-thumbnail","hentry","category-tous"],"_links":{"self":[{"href":"http:\/\/www.affinite.fr\/index.php\/wp-json\/wp\/v2\/posts\/4050"}],"collection":[{"href":"http:\/\/www.affinite.fr\/index.php\/wp-json\/wp\/v2\/posts"}],"about":[{"href":"http:\/\/www.affinite.fr\/index.php\/wp-json\/wp\/v2\/types\/post"}],"author":[{"embeddable":true,"href":"http:\/\/www.affinite.fr\/index.php\/wp-json\/wp\/v2\/users\/1"}],"replies":[{"embeddable":true,"href":"http:\/\/www.affinite.fr\/index.php\/wp-json\/wp\/v2\/comments?post=4050"}],"version-history":[{"count":0,"href":"http:\/\/www.affinite.fr\/index.php\/wp-json\/wp\/v2\/posts\/4050\/revisions"}],"wp:featuredmedia":[{"embeddable":true,"href":"http:\/\/www.affinite.fr\/index.php\/wp-json\/wp\/v2\/media\/4051"}],"wp:attachment":[{"href":"http:\/\/www.affinite.fr\/index.php\/wp-json\/wp\/v2\/media?parent=4050"}],"wp:term":[{"taxonomy":"category","embeddable":true,"href":"http:\/\/www.affinite.fr\/index.php\/wp-json\/wp\/v2\/categories?post=4050"},{"taxonomy":"post_tag","embeddable":true,"href":"http:\/\/www.affinite.fr\/index.php\/wp-json\/wp\/v2\/tags?post=4050"}],"curies":[{"name":"wp","href":"https:\/\/api.w.org\/{rel}","templated":true}]}}