{"id":4036,"date":"2020-06-15T12:37:37","date_gmt":"2020-06-15T12:37:37","guid":{"rendered":"https:\/\/www.affinite.fr\/index.php\/2020\/06\/15\/la-limite-des-200-000-beneficiaires-remplacee-par-une-date-butoir\/"},"modified":"2020-06-15T12:37:37","modified_gmt":"2020-06-15T12:37:37","slug":"la-limite-des-200-000-beneficiaires-remplacee-par-une-date-butoir","status":"publish","type":"post","link":"http:\/\/www.affinite.fr\/index.php\/2020\/06\/15\/la-limite-des-200-000-beneficiaires-remplacee-par-une-date-butoir\/","title":{"rendered":"la limite des 200 000 b\u00e9n\u00e9ficiaires remplac\u00e9e par une date butoir ?"},"content":{"rendered":"<p> [ad_1]<br \/>\n<br \/><img decoding=\"async\" src=\"https:\/\/img.bfmtv.com\/i\/0\/0\/39b\/149ac49aed627d4e6ff395b99239a.jpeg\" \/><\/p>\n<div itemprop=\"articleBody\">\n<p>Lors de l\u2019annonce du <a href=\"https:\/\/www.01net.com\/actualites\/bonus-ecologique-ajustetva-ciblee-le-plan-de-relance-de-l-automobile-passe-par-la-voiture-electrique-1903156.html\" target=\"_blank\" rel=\"noopener noreferrer\">plan de relance pour l\u2019industrie automobile<\/a>, le chef de l\u2019\u00c9tat, Emmanuel Macron a d\u00e9voil\u00e9 une nouvelle prime \u00e0 la conversion, d\u2019un montant de 5 000 euros, mais surtout plus accessible que la pr\u00e9c\u00e9dente. Selon les mots du pr\u00e9sident, cette prime, devait \u00eatre limit\u00e9e aux 200 000 premiers acheteurs, mais comme le r\u00e9v\u00e8lent nos confr\u00e8res d\u2019<a href=\"https:\/\/www.autoactu.com\/actualites\/pac-exceptionnelle-l-etat-face-a-l-impossibilite-de-compter-les-200-000-premiers-clients\" target=\"_blank\" rel=\"noopener noreferrer\">autoactu<\/a>, ce mode de calcul semble incompatible avec les outils des services de l\u2019\u00c9tat. En effet, il semblerait qu\u2019il n\u2019y ait pas de moyen de comptabiliser\u00a0de mani\u00e8re pr\u00e9cise le nombre de b\u00e9n\u00e9ficiaires de cette prime. C\u2019est la raison pour laquelle une date butoir pourrait remplacer l&rsquo;actuel\u00a0quota.<\/p>\n<h3 style=\"color:#333; font-family:arial,helvetica,sans-serif; font-size:23px; font-weight:700\">Le syst\u00e8me d&rsquo;immatriculations ne permet pas le d\u00e9compte<\/h3>\n<p>Annonc\u00e9 d\u00e9but juin, la limite de 200 000 n\u2019appara\u00eet dans aucun document officiel pour le moment. Et pour cause, il n\u2019existe pas en France un moyen centralis\u00e9 pour d\u00e9compter les achats de v\u00e9hicules au moment de leur commande. Quant au syst\u00e8me d\u2019immatriculations (SIV) qui sert de base de donn\u00e9es pour le nombre de voitures vendues, il comporte un biais important : il prend en compte\u00a0la date de livraison et non de celle de l\u2019achat. Or c\u2019est bien cette derni\u00e8re qui devait conditionner\u00a0le versement de la prime. Pour y rem\u00e9dier le gouvernement r\u00e9fl\u00e9chirait \u00e0 donc \u00e0 mettre en place une date butoir. Celle-ci pourrait \u00eatre fix\u00e9e par d\u00e9cret.<\/p>\n<blockquote>\n<p>Lire : <a href=\"https:\/\/www.01net.com\/actualites\/jusqu-a-19-000-euros-de-bonus-et-de-primes-et-si-votre-prochaine-voiture-electrique-etait-gratuite-1932235.html\" target=\"_blank\" rel=\"noopener noreferrer\">Jusqu\u2019\u00e0 19 000 euros de bonus et de primes : et si votre prochaine voiture \u00e9lectrique \u00e9tait gratuite ?<\/a><\/p>\n<\/blockquote>\n<p>Quelle sera cette date et comment sera-t-elle d\u00e9termin\u00e9e ? C\u2019est la\u00a0question du moment et le mode de calcul semble aussi al\u00e9atoire que la mesure initiale. En effet, le Conseil national des professionnels de l\u2019Automobile (CNPA) devrait \u00eatre mis \u00e0 contribution pour sonder ses adh\u00e9rents. L\u2019objectif : estimer la date \u00e0 laquelle le chiffre des 200 000 ventes aurait pu \u00eatre franchi si tout s\u2019\u00e9tait d\u00e9roul\u00e9 sans accroc. Cette m\u00e9thode au doigt mouill\u00e9 pourrait donc d\u00e9finir la date butoir.\u00a0<\/p>\n<aside class=\"bg-color-0 padding-inside-all-s bloc border-s\">\n<h4 class=\"box-txt-normal\">\n<p><strong>\u00c0 d\u00e9couvrir aussi en vid\u00e9o :<\/strong><\/p>\n<\/h4>\n<\/aside>\n<p>Pour l\u2019instant, et jusqu\u2019\u00e0 nouvel ordre, c\u2019est le syst\u00e8me pr\u00e9c\u00e9dent qui est appliqu\u00e9. C\u2019est \u00e0 dire que la prime \u00e0 la conversion est \u00e0 nouveau r\u00e9serv\u00e9e aux acheteurs dont le revenu fiscal, par part, est en dessous de 13 500 euros.\u00a0<\/p>\n<\/p><\/div>\n<p><script>\n         !function(f,b,e,v,n,t,s){if(f.fbq)return;n=f.fbq=function()\n         {n.callMethod? n.callMethod.apply(n,arguments):n.queue.push(arguments)}\n         ;if(!f._fbq)f._fbq=n;\n             n.push=n;n.loaded=!0;n.version='2.0';n.queue=[];t=b.createElement(e);t.async=!0;\n             t.src=v;s=b.getElementsByTagName(e)[0];s.parentNode.insertBefore(t,s)}(window,\n                 document,'script','https:\/\/connect.facebook.net\/en_US\/fbevents.js');\n         fbq('init', '1065890633454496');\n         fbq('track', 'PageView');\n     <\/script><br \/>\n<br \/>[ad_2]<br \/>\n<br \/><a href=\"https:\/\/www.01net.com\/actualites\/prime-a-la-conversion-des-vehicules-la-limite-des-200-000-beneficiaires-remplacee-par-une-date-butoir-1933490.html\">Source link <\/a><\/p>\n","protected":false},"excerpt":{"rendered":"<p>[ad_1] Lors de l\u2019annonce du plan de relance pour l\u2019industrie automobile, le chef de l\u2019\u00c9tat, Emmanuel Macron a d\u00e9voil\u00e9 une &hellip; <a href=\"http:\/\/www.affinite.fr\/index.php\/2020\/06\/15\/la-limite-des-200-000-beneficiaires-remplacee-par-une-date-butoir\/\" class=\"more-link\">Plus <span class=\"screen-reader-text\">la limite des 200 000 b\u00e9n\u00e9ficiaires remplac\u00e9e par une date butoir ?<\/span> <span class=\"meta-nav\">&rarr;<\/span><\/a><\/p>\n","protected":false},"author":1,"featured_media":4037,"comment_status":"open","ping_status":"open","sticky":false,"template":"","format":"standard","meta":{"_sitemap_exclude":false,"_sitemap_priority":"","_sitemap_frequency":"","footnotes":""},"categories":[1],"tags":[],"class_list":["post-4036","post","type-post","status-publish","format-standard","has-post-thumbnail","hentry","category-tous"],"_links":{"self":[{"href":"http:\/\/www.affinite.fr\/index.php\/wp-json\/wp\/v2\/posts\/4036"}],"collection":[{"href":"http:\/\/www.affinite.fr\/index.php\/wp-json\/wp\/v2\/posts"}],"about":[{"href":"http:\/\/www.affinite.fr\/index.php\/wp-json\/wp\/v2\/types\/post"}],"author":[{"embeddable":true,"href":"http:\/\/www.affinite.fr\/index.php\/wp-json\/wp\/v2\/users\/1"}],"replies":[{"embeddable":true,"href":"http:\/\/www.affinite.fr\/index.php\/wp-json\/wp\/v2\/comments?post=4036"}],"version-history":[{"count":0,"href":"http:\/\/www.affinite.fr\/index.php\/wp-json\/wp\/v2\/posts\/4036\/revisions"}],"wp:featuredmedia":[{"embeddable":true,"href":"http:\/\/www.affinite.fr\/index.php\/wp-json\/wp\/v2\/media\/4037"}],"wp:attachment":[{"href":"http:\/\/www.affinite.fr\/index.php\/wp-json\/wp\/v2\/media?parent=4036"}],"wp:term":[{"taxonomy":"category","embeddable":true,"href":"http:\/\/www.affinite.fr\/index.php\/wp-json\/wp\/v2\/categories?post=4036"},{"taxonomy":"post_tag","embeddable":true,"href":"http:\/\/www.affinite.fr\/index.php\/wp-json\/wp\/v2\/tags?post=4036"}],"curies":[{"name":"wp","href":"https:\/\/api.w.org\/{rel}","templated":true}]}}