{"id":4030,"date":"2020-06-15T09:34:43","date_gmt":"2020-06-15T09:34:43","guid":{"rendered":"https:\/\/www.affinite.fr\/index.php\/2020\/06\/15\/fans-de-bts-il-y-a-enfin-un-smartphone-et-des-ecouteurs-pour-vous\/"},"modified":"2020-06-15T09:34:43","modified_gmt":"2020-06-15T09:34:43","slug":"fans-de-bts-il-y-a-enfin-un-smartphone-et-des-ecouteurs-pour-vous","status":"publish","type":"post","link":"http:\/\/www.affinite.fr\/index.php\/2020\/06\/15\/fans-de-bts-il-y-a-enfin-un-smartphone-et-des-ecouteurs-pour-vous\/","title":{"rendered":"Fans de BTS, il y a enfin un smartphone et des \u00e9couteurs pour vous"},"content":{"rendered":"<p> [ad_1]<br \/>\n<\/p>\n<div itemprop=\"articleBody\">\n<p><a href=\"https:\/\/www.01net.com\/actualites\/samsung-va-lancer-une-edition-speciale-bts-de-son-galaxy-s20-1930017.html\" target=\"_blank\" rel=\"noopener noreferrer\">Les rumeurs <\/a>ont beau avoir g\u00e2ch\u00e9 la surprise, c&rsquo;est confirm\u00e9, Samsung vient d&rsquo;annoncer un Galaxy S20+ \u00e9dition BTS. Par le biais d&rsquo;un communiqu\u00e9 de presse, le constructeur\u00a0sud-cor\u00e9en d\u00e9clare qu&rsquo;il\u00a0commercialisera d\u00e8s le 8 juillet un smartphone aux couleurs du boys band. Ce dernier rev\u00eatira un dos violet (Hazed Purple) ainsi que le logo du c\u00e9l\u00e8bre groupe de K-pop. Au sein du\u00a0module cam\u00e9ra du smartphone, on constate que les designers de Samsung ont ajout\u00e9 un c\u0153ur.<\/p>\n<blockquote>\n<p><strong>\u00c0 lire aussi :<\/strong>\u00a0<a href=\"https:\/\/www.01net.com\/tests\/test-du-samsung-galaxy-s20-plus-un-excellent-smartphone-qui-prefere-la-maitrise-a-l-innovation-6425.html\" target=\"_blank\" rel=\"noopener noreferrer\">Test du Samsung Galaxy S20+ : un excellent smartphone qui pr\u00e9f\u00e8re la ma\u00eetrise \u00e0 l&rsquo;innovation<\/a><\/p>\n<\/blockquote>\n<h3 style=\"color:#333; font-family:arial,helvetica,sans-serif; font-size:23px; font-weight:700\">Le plein de cadeaux\u00a0dans la bo\u00eete\u00a0<\/h3>\n<p><em>\u00ab\u00a0Nous r\u00eavions d\u2019avoir des smartphones d\u2019exception \u00e0 l\u2019effigie du groupe pour pouvoir communiquer avec nos fans\u00a0\u00bb<\/em> aurait d\u00e9clar\u00e9 BTS\u00a0selon le communiqu\u00e9 de presse de Samsung. Dans la bo\u00eete du smartphone, on trouvera sept\u00a0photos des membres du groupe, des stickers ainsi qu&rsquo;une d\u00e9coration \u00e0 coller au dos du smartphone. \u00a0La marque pr\u00e9cise \u00e9galement que son Galaxy S20+\u00a0sp\u00e9cial proposera un fond d&rsquo;\u00e9cran exclusif et embarquera un th\u00e8me sp\u00e9cial BTS. Les animations au d\u00e9marrage, les ic\u00f4nes et les effets sonores ne seraient pas ceux de One UI, la surcouche habituellement utilis\u00e9e par Samsung .<\/p>\n<figure class=\"figure text-center\"><img decoding=\"async\" class=\"article-img img-responsive-l\" src=\"https:\/\/img.bfmtv.com\/c\/0\/708\/b98\/422f97d7ef974a1fa3301003637cd.png\" alt=\"\"\/><figcaption class=\"figure-caption figcaption color-txt-0 title-xs hidden-xs\">\n                                    Samsung<br \/>\n                                                    &#8211; Le Galaxy S20+ et les Galaxy Buds+.<br \/>\n                            <\/figcaption><\/figure>\n<p>                Commercialis\u00e9s s\u00e9par\u00e9ment, les <a href=\"https:\/\/www.01net.com\/actualites\/galaxy-buds-samsung-annonce-une-autonomie-record-pour-ses-nouveaux-ecouteurs-true-wireless-1856152.html\" target=\"_blank\" rel=\"noopener noreferrer\">Galaxy Buds+<\/a> \u00e9dition BTS seront, eux, accompagn\u00e9s d&rsquo;un \u00e9tui de protection aux couleurs de BTS et\u00a0de sept photos du groupe. Samsung indique aussi que ces \u00e9couteurs proposeront des effets sonores exclusifs sans pour autant entrer dans les d\u00e9tails. On peut imaginer entendre des c\u00e9l\u00e8bres sons de BTS lorsqu&rsquo;on se connecte aux Galaxy Buds+\u00a0<\/p>\n<aside class=\"bg-color-0 padding-inside-all-s bloc border-s\">\n<h4 class=\"box-txt-normal\">\n<p><strong>\u00c0 d\u00e9couvrir aussi en vid\u00e9o :<\/strong><\/p>\n<\/h4>\n<\/aside>\n<p>                Disponible sur le sites de Samsung et de la Fnac, les Galaxy S20+ et Galaxy Buds+ BTS pourront \u00eatre command\u00e9s d\u00e8s le 19 juin. La marque offrira un chargeur sans-fil aux couleurs de BTS pour toute pr\u00e9commande. En ce qui concerne les tarifs, ils devraient \u00eatre similaires \u00e0 ceux des mod\u00e8les classiques. Attendez-vous donc \u00e0 un prix de 1109 euros pour le Galaxy S20+ (en version 5G) et de 169 euros pour les \u00e9couteurs.\u00a0<\/p><\/div>\n<p><script>\n         !function(f,b,e,v,n,t,s){if(f.fbq)return;n=f.fbq=function()\n         {n.callMethod? n.callMethod.apply(n,arguments):n.queue.push(arguments)}\n         ;if(!f._fbq)f._fbq=n;\n             n.push=n;n.loaded=!0;n.version='2.0';n.queue=[];t=b.createElement(e);t.async=!0;\n             t.src=v;s=b.getElementsByTagName(e)[0];s.parentNode.insertBefore(t,s)}(window,\n                 document,'script','https:\/\/connect.facebook.net\/en_US\/fbevents.js');\n         fbq('init', '1065890633454496');\n         fbq('track', 'PageView');\n     <\/script><br \/>\n<br \/>[ad_2]<br \/>\n<br \/><a href=\"https:\/\/www.01net.com\/actualites\/fans-de-bts-il-y-a-enfin-un-smartphone-et-des-ecouteurs-pour-vous-1933467.html\">Source link <\/a><\/p>\n","protected":false},"excerpt":{"rendered":"<p>[ad_1] Les rumeurs ont beau avoir g\u00e2ch\u00e9 la surprise, c&rsquo;est confirm\u00e9, Samsung vient d&rsquo;annoncer un Galaxy S20+ \u00e9dition BTS. Par &hellip; <a href=\"http:\/\/www.affinite.fr\/index.php\/2020\/06\/15\/fans-de-bts-il-y-a-enfin-un-smartphone-et-des-ecouteurs-pour-vous\/\" class=\"more-link\">Plus <span class=\"screen-reader-text\">Fans de BTS, il y a enfin un smartphone et des \u00e9couteurs pour vous<\/span> <span class=\"meta-nav\">&rarr;<\/span><\/a><\/p>\n","protected":false},"author":1,"featured_media":4031,"comment_status":"open","ping_status":"open","sticky":false,"template":"","format":"standard","meta":{"_sitemap_exclude":false,"_sitemap_priority":"","_sitemap_frequency":"","footnotes":""},"categories":[1],"tags":[],"class_list":["post-4030","post","type-post","status-publish","format-standard","has-post-thumbnail","hentry","category-tous"],"_links":{"self":[{"href":"http:\/\/www.affinite.fr\/index.php\/wp-json\/wp\/v2\/posts\/4030"}],"collection":[{"href":"http:\/\/www.affinite.fr\/index.php\/wp-json\/wp\/v2\/posts"}],"about":[{"href":"http:\/\/www.affinite.fr\/index.php\/wp-json\/wp\/v2\/types\/post"}],"author":[{"embeddable":true,"href":"http:\/\/www.affinite.fr\/index.php\/wp-json\/wp\/v2\/users\/1"}],"replies":[{"embeddable":true,"href":"http:\/\/www.affinite.fr\/index.php\/wp-json\/wp\/v2\/comments?post=4030"}],"version-history":[{"count":0,"href":"http:\/\/www.affinite.fr\/index.php\/wp-json\/wp\/v2\/posts\/4030\/revisions"}],"wp:featuredmedia":[{"embeddable":true,"href":"http:\/\/www.affinite.fr\/index.php\/wp-json\/wp\/v2\/media\/4031"}],"wp:attachment":[{"href":"http:\/\/www.affinite.fr\/index.php\/wp-json\/wp\/v2\/media?parent=4030"}],"wp:term":[{"taxonomy":"category","embeddable":true,"href":"http:\/\/www.affinite.fr\/index.php\/wp-json\/wp\/v2\/categories?post=4030"},{"taxonomy":"post_tag","embeddable":true,"href":"http:\/\/www.affinite.fr\/index.php\/wp-json\/wp\/v2\/tags?post=4030"}],"curies":[{"name":"wp","href":"https:\/\/api.w.org\/{rel}","templated":true}]}}