{"id":4024,"date":"2020-06-14T14:58:10","date_gmt":"2020-06-14T14:58:10","guid":{"rendered":"https:\/\/www.affinite.fr\/index.php\/2020\/06\/14\/rebond-de-la-pandemie-ou-sont-les-nouveaux-cas\/"},"modified":"2020-06-14T14:58:10","modified_gmt":"2020-06-14T14:58:10","slug":"rebond-de-la-pandemie-ou-sont-les-nouveaux-cas","status":"publish","type":"post","link":"http:\/\/www.affinite.fr\/index.php\/2020\/06\/14\/rebond-de-la-pandemie-ou-sont-les-nouveaux-cas\/","title":{"rendered":"rebond de la pand\u00e9mie, o\u00f9 sont les nouveaux cas\u00a0?"},"content":{"rendered":"<p> [ad_1]<br \/>\n<\/p>\n<p><strong>[Mise \u00e0 jour le dimanche 14\u00a0juin \u00e0 09h55]<\/strong>\u00a0La pand\u00e9mie de coronavirus poursuit sa<strong>\u00a0d\u00e9crue en France mais s&rsquo;aggrave dans d&rsquo;autres pays du monde,\u00a0<\/strong>au Br\u00e9sil, en Inde, au Chili,\u00a0en Guyane.\u00a0En Italie 113 cas et 5 d\u00e9c\u00e8s sont recens\u00e9s pr\u00e8s de Rome. En\u00a0Chine, 57 cas am\u00e8nent au reconfinement\u00a0\u00e0 P\u00e9kin. Au total, le virus Sars-Cov-2 a contamin\u00e9<strong> plus de\u00a07,7\u00a0millions de malades dans le monde<\/strong> et caus\u00e9 <strong>430 130<\/strong>\u00a0d\u00e9c\u00e8s, selon les statistiques de l&rsquo;<a href=\"https:\/\/gisanddata.maps.arcgis.com\/apps\/opsdashboard\/index.html#\/bda7594740fd40299423467b48e9ecf6\" target=\"_blank\" rel=\"noopener noreferrer\">Universit\u00e9 John Hopkins<\/a>. Les <strong>vacances d&rsquo;\u00e9t\u00e9<\/strong> approchent, la <a href=\"https:\/\/sante.journaldesfemmes.fr\/fiches-maladies\/2608487-coronavirus-vacances-ete-france-reouverture-frontieres-europe-espagne-mesures-sanitaires-etranger-plage-avion-reprise-vols\/\" target=\"_blank\" rel=\"noopener noreferrer\">r\u00e9ouverture des fronti\u00e8res int\u00e9rieures de l&rsquo;Europe<\/a> est pr\u00e9vue lundi\u00a015\u00a0juin, et les fronti\u00e8res ext\u00e9rieures, c&rsquo;est-\u00e0-dire, avec les autres pays hors Union europ\u00e9enne, interviendra\u00a0\u00e0 partir du\u00a01er juillet. Le\u00a012\u00a0juin, le bilan \u00e9pid\u00e9miologique de Sant\u00e9 Publique France confirme\u00a0que<em>\u00ab\u00a0le<strong> virus continue \u00e0\u00a0circuler <\/strong>comme le montre\u00a0le nombre de nouvelles situations de cas group\u00e9s ou<strong>\u00a0clusters <\/strong><\/em>\u00ab\u00a0. Sant\u00e9 Publique France appelle ainsi<em> \u00ab\u00a0\u00e0 la <strong>plus grande vigilance<\/strong>\u00a0\u00bb <\/em>: <em>\u00ab\u00a0Une reprise de l&rsquo;\u00e9pid\u00e9mie pourrait \u00eatre observ\u00e9e si les mesures d&rsquo;hygi\u00e8ne, de distanciation physique et le port du masque dans l&rsquo;espace public n&rsquo;\u00e9taient pas suffisamment respect\u00e9s par tous.\u00a0\u00bb<\/em>\u00a0Le Pr\u00e9sident de la R\u00e9publique <strong>Emmanuel Macron s&rsquo;exprimera ce dimanche \u00e0 20 heures <\/strong>\u00e0 la t\u00e9l\u00e9vision et pourrait annoncer un <strong>d\u00e9confinement total du pays, avant la date du 22 juin.\u00a0<\/strong>Le ministre de l&rsquo;Economie Bruno Le Maire a souhait\u00e9 jeudi 11 juin que<em> \u00ab\u00a0l&rsquo;<strong>activit\u00e9 \u00e9conomique reprenne plus vite<\/strong>\u00ab\u00a0<\/em>\u00a0et <em>\u00ab\u00a0retourne \u00e0 la normale cet \u00e9t\u00e9\u00a0\u00bb<\/em>.\u00a0Le pays compte \u00e0 date\u00a0<strong>156 813 personnes contamin\u00e9s et\u00a0<\/strong><strong>29\u00a0398 d\u00e9c\u00e8s li\u00e9s au coronavirus, soit 24 personnes de plus que la veille.\u00a010 909\u00a0personnes sont hospitalis\u00e9es<\/strong> dont 871 patients graves en r\u00e9animation.<\/p>\n<div id=\"\">\n<p>La France est d\u00e9confin\u00e9e mais toujours en<strong>\u00a0<a href=\"https:\/\/sante.journaldesfemmes.fr\/fiches-maladies\/2625289-coronavirus-stade-3-duree-mesure-france-stade-4-c-est-quoi\/\" target=\"_blank\" rel=\"noopener noreferrer\">stade 3<\/a>\u00a0de l&rsquo;\u00e9pid\u00e9mie<\/strong> de coronavirus depuis le 14\u00a0mars\u00a0puisque le virus circule sur tout le territoire et plus uniquement dans certaines r\u00e9gions et villes.\u00a0Au 13\u00a0juin la France compte<strong>\u00a0156 813 cas positifs<\/strong> au coronavirus depuis le d\u00e9but de l&rsquo;\u00e9pid\u00e9mie. Depuis le 13\u00a0mai 2020, le syst\u00e8me SI-DEP (syst\u00e8me d&rsquo;information de d\u00e9pistage) permet une estimation des nombres de cas confirm\u00e9s en France \u00e0 vis\u00e9e exhaustive.\u00a0Les cas confirm\u00e9s gr\u00e2ce au syst\u00e8me SI-DEP sont pris en compte\u00a0dans le total du nombre de cas.\u00a0Le <a href=\"https:\/\/solidarites-sante.gouav.fr\/actualites\/presse\/communiques-de-presse\/article\/communique-point-de-situation-du-jeudi-11-juin\" target=\"_blank\" rel=\"noopener noreferrer\">bilan <\/a>est\u00a0de<strong>\u00a010 909\u00a0personnes hospitalis\u00e9es pour une infection COVID-19<\/strong>\u00a0et 68 nouvelles admissions ont \u00e9t\u00e9 enregistr\u00e9es en 24\u00a0heures.\u00a0<strong>871 malades atteints d&rsquo;une forme s\u00e9v\u00e8re de COVID-19\u00a0sont hospitalis\u00e9s en r\u00e9animation<\/strong>. 14 nouveaux cas graves ont \u00e9t\u00e9 admis en r\u00e9animation. Parmi les 103 177 patients ayant \u00e9t\u00e9 hospitalis\u00e9s depuis le 1er mars, l&rsquo;\u00e2ge m\u00e9dian des patients \u00e9tait de 72\u00a0ans et 54% \u00e9taient des hommes.\u00a0<\/p>\n<p>\u2192 En France m\u00e9tropolitaine, le <strong>pic \u00e9pid\u00e9mique<\/strong>\u00a0a \u00e9t\u00e9 observ\u00e9 la <strong>semaine du 23-29\u00a0mars<\/strong>, soit une semaine apr\u00e8s la mise en \u0153uvre des mesures de confinement de la population g\u00e9n\u00e9rale, le 17\u00a0mars 2020. Le nombre le plus \u00e9lev\u00e9 de nouvelles hospitalisations pour COVID-19\u00a0a \u00e9t\u00e9 observ\u00e9 au cours de la semaine du 30\u00a0mars au\u00a05\u00a0avril.<\/p>\n<h3 style=\"text-align: center;\">Nombre incident de cas confirm\u00e9s de COVID-19, par semaine rapport\u00e9s \u00e0 Sant\u00e9 publique France, du 23\u00a0janvier au 9\u00a0juin 2020<\/h3>\n<div style=\"text-align:center\">\n<figure class=\"image\" style=\"display:inline-block\"><a class=\"fancy\" href=\"https:\/\/img-3.journaldesfemmes.fr\/ai2eEOktDdMj_SabEznQ9aOcDAQ=\/1080x\/smart\/98a5ce2d3316466685c091867f8c55af\/ccmcms-jdf\/16355145.jpg\"><img decoding=\"async\" alt=\"Nombre incident de cas confirm\u00e9s de COVID-19, par semaine rapport\u00e9s \u00e0 Sant\u00e9 publique France, du 23 janvier au 9 juin 2020\" src=\"https:\/\/img-3.journaldesfemmes.fr\/lDSM4sMS7bu9y3plceHf4ObQq7w=\/600x\/smart\/98a5ce2d3316466685c091867f8c55af\/ccmcms-jdf\/16355145.jpg\"\/><\/a><figcaption data-credit=\"Sant\u00e9 Publique France\" data-legend=\"Nombre incident de cas confirm\u00e9s de COVID-19, par semaine rapport\u00e9s \u00e0 Sant\u00e9 publique France, du 23 janvier au 9 juin 2020\">Nombre incident de cas confirm\u00e9s de COVID-19, par semaine rapport\u00e9s \u00e0 Sant\u00e9 publique France, du 23 janvier au 9 juin 2020 <small>\u00a9\u00a0Sant\u00e9 Publique France<\/small><\/figcaption><\/figure>\n<\/div>\n<p>Le samedi 13\u00a0juin, le solde est n\u00e9gatif en r\u00e9animation, avec 8 malades de COVID-19\u00a0en moins par rapport \u00e0 hier. En Outre-Mer (Guadeloupe, Guyane, La R\u00e9union, Martinique, Mayotte), on rel\u00e8ve 143\u00a0hospitalisations, dont 25\u00a0en r\u00e9animation. Depuis le d\u00e9but de l&rsquo;\u00e9pid\u00e9mie, 103 177 personnes ont \u00e9t\u00e9 hospitalis\u00e9es, dont 18 185 en r\u00e9animation. 72 808 personnes sont rentr\u00e9es \u00e0 domicile.<strong> 19 014\u00a0personnes sont d\u00e9c\u00e9d\u00e9es au sein des \u00e9tablissements hospitaliers<\/strong>\u00a0et <strong>10\u00a0384\u00a0en \u00e9tablissements sociaux et m\u00e9dico-sociaux <\/strong>(les prochaines donn\u00e9es seront actualis\u00e9es par Sant\u00e9 publique France le 16\u00a0juin prochain). Selon la <a href=\"https:\/\/dashboard.covid19.data.gouv.fr\/activite-epidemique?location=FRA\" target=\"_blank\" rel=\"noopener noreferrer\">carte des d\u00e9partements<\/a>\u00a0pr\u00e9sent\u00e9e le 28 mai et en vigueur \u00e0 partir du 2 juin, les d\u00e9partements de la France sont class\u00e9s en vert ou orange.<\/p>\n<p>\u2192<strong> En orange figurent l&rsquo;Ile-de-France, Mayotte et la Guyane.<\/strong><\/p>\n<div style=\"text-align:center\">\n<figure class=\"image\" style=\"display:inline-block\"><a class=\"fancy\" href=\"https:\/\/img-3.journaldesfemmes.fr\/yxAv3BsHbTxkGcEzPCTyDwjkD6k=\/1080x\/smart\/8b6f594c5fc04e2abbe4fcf073701642\/ccmcms-jdf\/16009284.jpg\"><img decoding=\"async\" alt=\"carte zone verte orange d\u00e9partement france coronavirus\" src=\"https:\/\/img-3.journaldesfemmes.fr\/yxAv3BsHbTxkGcEzPCTyDwjkD6k=\/1080x\/smart\/8b6f594c5fc04e2abbe4fcf073701642\/ccmcms-jdf\/16009284.jpg\"\/><\/a><figcaption data-credit=\"Minist\u00e8re de la Sant\u00e9\" data-legend=\"Carte des zones vertes et orange en France en lien avec la circulation de l'\u00e9pid\u00e9mie de coronavirus au 28 mai 2020.\">Carte des zones vertes et orange en France en lien avec la circulation de l&rsquo;\u00e9pid\u00e9mie de coronavirus au 28 mai 2020. <small>\u00a9\u00a0Minist\u00e8re de la Sant\u00e9<\/small><\/figcaption><\/figure>\n<\/div>\n<p><iframe loading=\"lazy\" height=\"1000\" src=\"https:\/\/mapthenews.maps.arcgis.com\/apps\/opsdashboard\/index.html#\/bae8aaa7a0b14261b4621c31db410c44\" style=\"border: 0px\" width=\"600\"><\/iframe><\/p>\n<p>Samedi 13\u00a0juin,\u00a0le bilan est de\u00a0<strong>10 909\u00a0personnes\u00a0hospitalis\u00e9es<\/strong> pour une infection au Covid-19, et 68 nouvelles admissions ont \u00e9t\u00e9 enregistr\u00e9es durant les derni\u00e8res\u00a024\u00a0heures. Le nombre de patients en r\u00e9animation continue\u00a0de baisser\u00a0:<strong>\u00a0871 patients samedi 13\u00a0juin<\/strong>\u00a0soit 8 personnes de moins par rapport \u00e0 hier.<\/p>\n<p><iframe loading=\"lazy\" height=\"600\" src=\"https:\/\/geodes.santepubliquefrance.fr\/?view=map2&amp;indics=covid_hospit.hosp&amp;serie=2020-04-28&amp;f1code=0&amp;lang=fr&amp;iframe=1\" width=\"600\"><\/iframe><\/p>\n<p><strong>Dans les \u00e9tablissements de sant\u00e9,\u00a0le gouvernement a activ\u00e9 plusieurs plans\u00a0:\u00a0<\/strong><\/p>\n<ul>\n<li>La France applique le<strong>\u00a0<a href=\"https:\/\/sante.journaldesfemmes.fr\/fiches-maladies\/2624681-plan-blanc-elargi-c-est-quoi-hopital-coronavirus-hospitalisation-deprogrammees-non-urgentes\/\" target=\"_blank\" rel=\"noopener noreferrer\">plan blanc<\/a><\/strong><a href=\"https:\/\/sante.journaldesfemmes.fr\/fiches-maladies\/2624681-plan-blanc-elargi-c-est-quoi-hopital-coronavirus-hospitalisation-deprogrammees-non-urgentes\/\" target=\"_blank\" rel=\"noopener noreferrer\"> <\/a>\u00e9largi g\u00e9n\u00e9ralis\u00e9 (plan de mobilisation interne) depuis le 19\u00a0mars, dans tous les \u00e9tablissements de sant\u00e9 (publics et priv\u00e9s), pour mettre en place rapidement des moyens mat\u00e9riel, logistiques et humains indispensables en cas d&rsquo;afflux de patients dans les \u00e9tablissements hospitaliers. Les consultations et les hospitalisations non urgentes sont d\u00e9programm\u00e9es.<\/li>\n<li>La France a d\u00e9clench\u00e9 le <strong><a href=\"https:\/\/sante.journaldesfemmes.fr\/fiches-maladies\/2624771-plan-bleu-c-est-quoi-quelles-maisons-de-retraites-ehpad-coronavirus-jusqu-a-quand-exemple-assouplissement-visite\/\" target=\"_blank\" rel=\"noopener noreferrer\">plan bleu<\/a> dans les Ehpad<\/strong> (Etablissement H\u00e9bergeant des Personnes \u00c2g\u00e9es D\u00e9pendantes) le <strong>6\u00a0mars. <\/strong>Le principe est le m\u00eame que dans les h\u00f4pitaux\u00a0: le chef d&rsquo;\u00e9tablissement doit permettre \u00ab\u00a0<em>la mise en oeuvre rapide et coh\u00e9rente des moyens indispensables pour faire face efficacement \u00e0 une situation exceptionnelle<\/em>\u00ab\u00a0. Le plan bleu peut induire notamment\u00a0\u00ab\u00a0<em>le confinement des r\u00e9sidents, usagers et personnels ; l&rsquo;\u00e9vacuation des r\u00e9sidents, usagers et personnels<\/em>\u00ab\u00a0.<\/li>\n<li>La<strong> <a href=\"https:\/\/sante.journaldesfemmes.fr\/fiches-maladies\/2624921-reserve-sanitaire-coronavirus-s-inscrire-salaire-missions-france-reserviste\/\" target=\"_blank\" rel=\"noopener noreferrer\">r\u00e9serve sanitaire<\/a><\/strong>\u00a0et la r\u00e9serve civique (aide alimentaire d&rsquo;urgence, garde exceptionnelle d&rsquo;enfants, lien avec les personnes fragiles isol\u00e9es, solidarit\u00e9 de proximit\u00e9)\u00a0sont\u00a0aussi mobilis\u00e9es.\u00a0<\/li>\n<\/ul>\n<h3 data-link=\"getSelectedFicIndicLabel()\" style=\"text-align: center;\">Nombre quotidien de personnes nouvellement hospitalis\u00e9es pour covid-19<\/h3>\n<div style=\"text-align:center\">\n<figure class=\"image\" style=\"display:inline-block\"><a class=\"fancy\" href=\"https:\/\/img-3.journaldesfemmes.fr\/zn7muu0SXexWPmHU7BBQSO_xvqY=\/1080x\/smart\/54bb1044435c44168ffe4599467b786f\/ccmcms-jdf\/16210148.jpg\"><img decoding=\"async\" alt=\"Nombre quotidien de personnes nouvellement hospitalis\u00e9es pour covid-19\" src=\"https:\/\/img-3.journaldesfemmes.fr\/zn7muu0SXexWPmHU7BBQSO_xvqY=\/1080x\/smart\/54bb1044435c44168ffe4599467b786f\/ccmcms-jdf\/16210148.jpg\"\/><\/a><figcaption data-credit=\"G\u00e9odes Sant\u00e9 Publique France\" data-legend=\"Nombre quotidien de personnes nouvellement hospitalis\u00e9es pour covid-19\">Nombre quotidien de personnes nouvellement hospitalis\u00e9es pour covid-19 <small>\u00a9\u00a0G\u00e9odes Sant\u00e9 Publique France<\/small><\/figcaption><\/figure>\n<\/div>\n<p>Selon les <a href=\"https:\/\/www.gouvernement.fr\/info-coronavirus\/carte-et-donnees\">chiffres communiqu\u00e9s par le gouvernement<\/a>, consolid\u00e9s avec l&rsquo;Agence Sant\u00e9 Publique France et\u00a0les ARS (Agences r\u00e9gionales de Sant\u00e9), voici le nombre de personnes hospitalis\u00e9es en France par r\u00e9gion, celles en r\u00e9animation et celles qui sont gu\u00e9ries et ont pu rentrer chez elles. Pour l&rsquo;instant, Sant\u00e9 Publique France\u00a0ne publie plus le nombre de cas recens\u00e9s par r\u00e9gions.<\/p>\n<table border=\"1\" cellpadding=\"1\" cellspacing=\"1\" style=\"width:100%;\">\n<caption>Nombre d&rsquo;hospitalisations et de d\u00e9c\u00e8s \u00e0 l&rsquo;h\u00f4pital \u00e0 cause du coronavirus par r\u00e9gions de France (13 juin 2020)<\/caption>\n<thead>\n<tr>\n<th scope=\"col\" style=\"width: 210px;\">R\u00e9gions<\/th>\n<th scope=\"col\" style=\"width: 217px;\">Personnes hospitalis\u00e9es<\/th>\n<th scope=\"col\" style=\"width: 230px;\">R\u00e9animations<\/th>\n<th scope=\"col\" style=\"width: 236px;\">Retours \u00e0 domicile<\/th>\n<th scope=\"col\" style=\"width: 236px;\">D\u00e9c\u00e8s \u00e0 l&rsquo;h\u00f4pital<\/th>\n<\/tr>\n<\/thead>\n<tbody>\n<tr>\n<td style=\"width: 210px;\"><b>\u00cele-de-France<\/b><\/td>\n<td style=\"width: 217px;\">4 891<\/td>\n<td style=\"width: 230px;\">418<\/td>\n<td style=\"width: 236px;\">26 327<\/td>\n<td style=\"width: 236px;\">7 325<\/td>\n<\/tr>\n<tr>\n<td style=\"width: 210px;\"><strong>Grand Est<\/strong><\/td>\n<td style=\"width: 217px;\">1 432<\/td>\n<td style=\"width: 230px;\">86<\/td>\n<td style=\"width: 236px;\">11 665<\/td>\n<td style=\"width: 236px;\">3 504<\/td>\n<\/tr>\n<tr>\n<td style=\"width: 210px;\"><strong>Auvergne-Rh\u00f4ne-Alpes<\/strong><\/td>\n<td style=\"width: 217px;\">757<\/td>\n<td style=\"width: 230px;\">41<\/td>\n<td style=\"width: 236px;\">7 463<\/td>\n<td style=\"width: 236px;\">1 718<\/td>\n<\/tr>\n<tr>\n<td style=\"width: 210px;\"><strong>Hauts-de-France<\/strong><\/td>\n<td style=\"width: 217px;\">1 181<\/td>\n<td style=\"width: 230px;\">88<\/td>\n<td style=\"width: 236px;\">6 056<\/td>\n<td style=\"width: 236px;\">1 793<\/td>\n<\/tr>\n<tr>\n<td style=\"width: 210px;\"><strong>Bourgogne-Franche-Comt\u00e9<\/strong><\/td>\n<td style=\"width: 217px;\">226<\/td>\n<td style=\"width: 230px;\">20<\/td>\n<td style=\"width: 236px;\">3 734<\/td>\n<td style=\"width: 236px;\">1 032<\/td>\n<\/tr>\n<tr>\n<td style=\"width: 210px;\"><strong>Provence-Alpes-C\u00f4te d&rsquo;Azur<\/strong><\/td>\n<td style=\"width: 217px;\">723<\/td>\n<td style=\"width: 230px;\">58<\/td>\n<td style=\"width: 236px;\">5 147<\/td>\n<td style=\"width: 236px;\">923<\/td>\n<\/tr>\n<tr>\n<td style=\"width: 210px;\"><strong>Occitanie<\/strong><\/td>\n<td style=\"width: 217px;\">139<\/td>\n<td style=\"width: 230px;\">18<\/td>\n<td style=\"width: 236px;\">2 799<\/td>\n<td style=\"width: 236px;\">506<\/td>\n<\/tr>\n<tr>\n<td style=\"width: 210px;\"><strong>Bretagne<\/strong><\/td>\n<td style=\"width: 217px;\">140<\/td>\n<td style=\"width: 230px;\">11<\/td>\n<td style=\"width: 236px;\">1 219<\/td>\n<td style=\"width: 236px;\">256<\/td>\n<\/tr>\n<tr>\n<td style=\"width: 210px;\"><strong>Nouvelle-Aquitaine<\/strong><\/td>\n<td style=\"width: 217px;\">169<\/td>\n<td style=\"width: 230px;\">18<\/td>\n<td style=\"width: 236px;\">2 082<\/td>\n<td style=\"width: 236px;\">408<\/td>\n<\/tr>\n<tr>\n<td style=\"width: 210px;\"><strong><a href=\"http:\/\/www.affinite.fr\/index.php\/2024\/11\/21\/construire-votre-maison-en-normandie\/\">Normandie<\/a><\/strong><\/td>\n<td style=\"width: 217px;\">271<\/td>\n<td style=\"width: 230px;\">13<\/td>\n<td style=\"width: 236px;\">1 556<\/td>\n<td style=\"width: 236px;\">425<\/td>\n<\/tr>\n<tr>\n<td style=\"width: 210px;\"><strong>Centre Val-de-Loire<\/strong><\/td>\n<td style=\"width: 217px;\">507<\/td>\n<td style=\"width: 230px;\">30<\/td>\n<td style=\"width: 236px;\">1 850<\/td>\n<td style=\"width: 236px;\">528<\/td>\n<\/tr>\n<tr>\n<td style=\"width: 210px;\"><strong>Pays de la Loire<\/strong><\/td>\n<td style=\"width: 217px;\">267<\/td>\n<td style=\"width: 230px;\">14<\/td>\n<td style=\"width: 236px;\">1 930<\/td>\n<td style=\"width: 236px;\">460<\/td>\n<\/tr>\n<tr>\n<td style=\"width: 210px;\"><strong>Corse<\/strong><\/td>\n<td style=\"width: 217px;\">18<\/td>\n<td style=\"width: 230px;\">3<\/td>\n<td style=\"width: 236px;\">240<\/td>\n<td style=\"width: 236px;\">59<\/td>\n<\/tr>\n<tr>\n<td style=\"width: 210px;\"><strong>Martinique<\/strong><\/td>\n<td style=\"width: 217px;\">8<\/td>\n<td style=\"width: 230px;\">0<\/td>\n<td style=\"width: 236px;\">89<\/td>\n<td style=\"width: 236px;\">14<\/td>\n<\/tr>\n<tr>\n<td style=\"width: 210px;\"><strong>Guadeloupe<\/strong><\/td>\n<td style=\"width: 217px;\">12<\/td>\n<td style=\"width: 230px;\">0<\/td>\n<td style=\"width: 236px;\">74<\/td>\n<td style=\"width: 236px;\">16<\/td>\n<\/tr>\n<tr>\n<td style=\"width: 210px;\"><strong>La R\u00e9union<\/strong><\/td>\n<td style=\"width: 217px;\">22<\/td>\n<td style=\"width: 230px;\">2<\/td>\n<td style=\"width: 236px;\">125<\/td>\n<td style=\"width: 236px;\">1<\/td>\n<\/tr>\n<tr>\n<td style=\"width: 210px;\"><strong>Guyane<\/strong><\/td>\n<td style=\"width: 217px;\">55<\/td>\n<td style=\"width: 230px;\">7<\/td>\n<td style=\"width: 236px;\">146<\/td>\n<td style=\"width: 236px;\">2<\/td>\n<\/tr>\n<tr>\n<td style=\"width: 210px;\"><strong>Mayotte<\/strong><\/td>\n<td style=\"width: 217px;\">46<\/td>\n<td style=\"width: 230px;\">16<\/td>\n<td style=\"width: 236px;\">296<\/td>\n<td style=\"width: 236px;\">24<\/td>\n<\/tr>\n<tr>\n<td style=\"width: 210px;\"><strong>TOTAL<\/strong><\/td>\n<td style=\"width: 217px;\"><b>10 909<\/b><\/td>\n<td style=\"width: 230px;\"><b>871<\/b><\/td>\n<td style=\"width: 236px;\"><b>72 808<\/b><\/td>\n<td style=\"width: 236px;\"><strong>19 014<\/strong><\/td>\n<\/tr>\n<\/tbody>\n<\/table>\n<blockquote>\n<p style=\"text-align: right;\">\u00a0<\/p>\n<\/blockquote>\n<p>Les personnes \u00e2g\u00e9es sont tr\u00e8s \u00e0 risque de d\u00e9c\u00e8s face au coronavirus. Au 13\u00a0juin,\u00a0on compte toujours<strong>\u00a010 384\u00a0d\u00e9c\u00e8s <\/strong>dans les \u00e9tablissements sociaux et m\u00e9dico-sociaux et Ehpad (Etablissement d&rsquo;h\u00e9bergement pour personnes \u00e2g\u00e9es d\u00e9pendantes). Mais la proportion de nouveaux cas confirm\u00e9s chez les r\u00e9sidents en EHPAD est rest\u00e9 faible sur les 14\u00a0derniers jours (semaines 22\u00a0et 23\u00a0: du 25\u00a0mai au 7\u00a0juin 2020, indique Sant\u00e9 Publique France dans son bilan du 11 juin. Et le nombre de d\u00e9c\u00e8s chez les r\u00e9sidents d\u00e9cro\u00eet depuis avril. Les prochaines donn\u00e9es\u00a0seront actualis\u00e9es par Sant\u00e9 publique France le 16\u00a0juin. Selon les <a href=\"https:\/\/www.gouvernement.fr\/info-coronavirus\/carte-et-donnees\" target=\"_blank\" rel=\"noopener noreferrer\">donn\u00e9es du gouvernement<\/a>, il y aurait <strong>74 596 cas <\/strong>dont<strong>\u00a037 599 cas\u00a0confirm\u00e9s<\/strong> par tests PCR dans plus de 7 000\u00a0\u00e9tablissements sociaux et m\u00e9dico-sociaux depuis le d\u00e9but de l&rsquo;\u00e9pid\u00e9mie. Le 21 mai, Sant\u00e9 Publique France indique que la proportion de nouveaux cas, possibles ou confirm\u00e9s, chez les r\u00e9sidents des Ehpad a encore\u00a0<strong>diminu\u00e9 sur les 14\u00a0derniers jours<\/strong>. La <strong>l\u00e9talit\u00e9 chez les r\u00e9sidents des EHPAD \u00e9tait plus \u00e9lev\u00e9e dans les r\u00e9gions Corse, Grand Est, Ile-de-France, Auvergne-Rh\u00f4ne-Alpes, Bourgogne-Franche-Comt\u00e9 et Centre-Val de Loire<\/strong>. La l\u00e9talit\u00e9 correspond aux nombres de d\u00e9c\u00e8s \u00e0 l&rsquo;h\u00f4pital ou dans l&rsquo;\u00e9tablissement rapport\u00e9s aux nombres de cas possibles et confirm\u00e9s r\u00e9sidant dans les EHPAD.\u00a0<\/p>\n<p>Le premier d\u00e9c\u00e8s du coronavirus est survenu \u00e0 Paris le 14\u00a0f\u00e9vrier, il s&rsquo;agissait d&rsquo;un\u00a0patient chinois de 80\u00a0ans.<strong>\u00a0<\/strong>Au 13\u00a0juin 2020,<strong>\u00a029 398\u00a0<\/strong><strong>d\u00e9c\u00e8s <\/strong>sont li\u00e9s au COVID 19\u00a0en France (24 en plus que la veille) :\u00a0<strong>19 014\u00a0d\u00e9c\u00e8s dans les h\u00f4pitaux et\u00a010\u00a0384 d\u00e9c\u00e8s dans les \u00e9tablissements sociaux et m\u00e9dicosociaux (ESMS).<\/strong><\/p>\n<h3 data-link=\"getSelectedFicIndicLabel()\">Nombre cumul\u00e9 de personnes d\u00e9c\u00e9d\u00e9es pour covid-19\u00a0depuis le 1er mars 2020\u00a0&#8211; hommes et femmes<\/h3>\n<div style=\"text-align:center\">\n<figure class=\"image\" style=\"display:inline-block\"><a class=\"fancy\" href=\"https:\/\/img-3.journaldesfemmes.fr\/0c5LA1oS26UV1L6C8GCH3MhmXQE=\/1080x\/smart\/6a3d42128cc14fe89f626340aba5fbde\/ccmcms-jdf\/16210101.jpg\"><img decoding=\"async\" alt=\"courbe d\u00e9c\u00e8s covid france\" src=\"https:\/\/img-3.journaldesfemmes.fr\/0c5LA1oS26UV1L6C8GCH3MhmXQE=\/1080x\/smart\/6a3d42128cc14fe89f626340aba5fbde\/ccmcms-jdf\/16210101.jpg\"\/><\/a><figcaption data-credit=\"G\u00e9odes Sant\u00e9 Publique France\" data-legend=\"Nombre cumul\u00e9 de personnes d\u00e9c\u00e9d\u00e9es pour covid-19 depuis le 1er mars 2020 - hommes et femmes\">Nombre cumul\u00e9 de personnes d\u00e9c\u00e9d\u00e9es pour covid-19 depuis le 1er mars 2020 &#8211; hommes et femmes <small>\u00a9\u00a0G\u00e9odes Sant\u00e9 Publique France<\/small><\/figcaption><\/figure>\n<\/div>\n<p><iframe loading=\"lazy\" height=\"600\" src=\"https:\/\/geodes.santepubliquefrance.fr\/?view=map2&amp;indics=covid_hospit.dc&amp;serie=2020-04-28&amp;f1code=0&amp;lang=fr&amp;iframe=1\" width=\"600\"><\/iframe><\/p>\n<h3 data-link=\"getSelectedFicIndicLabel()\">\u00a0<\/h3>\n<table border=\"1\" cellpadding=\"1\" cellspacing=\"1\" style=\"width:100%;\">\n<caption>Evolution du nombre de d\u00e9c\u00e8s par Covid-19 dans les h\u00f4pitaux en France (Source : G\u00e9odes Sant\u00e9 Publique France).<\/caption>\n<tbody>\n<tr>\n<td style=\"text-align: center; width: 256px;\"><strong>DATE<\/strong><\/td>\n<td style=\"text-align: center; width: 426px;\"><strong>Nombre de nouveaux d\u00e9c\u00e8s dans les h\u00f4pitaux sur la journ\u00e9e<\/strong><\/td>\n<td style=\"text-align: center; width: 316px;\"><strong>Nombre total de d\u00e9c\u00e8s<\/strong><\/td>\n<\/tr>\n<tr>\n<td style=\"width: 256px;\"><strong>15\u00a0mars<\/strong><\/td>\n<td style=\"text-align: center; width: 426px;\">36<\/td>\n<td style=\"text-align: center; width: 316px;\">101<\/td>\n<\/tr>\n<tr>\n<td style=\"width: 256px;\"><strong>16\u00a0mars<\/strong><\/td>\n<td style=\"text-align: center; width: 426px;\">21<\/td>\n<td style=\"text-align: center; width: 316px;\">122<\/td>\n<\/tr>\n<tr>\n<td style=\"width: 256px;\"><strong>17\u00a0mars<\/strong><\/td>\n<td style=\"text-align: center; width: 426px;\">27<\/td>\n<td style=\"text-align: center; width: 316px;\">149<\/td>\n<\/tr>\n<tr>\n<td style=\"width: 256px;\"><strong>18\u00a0mars<\/strong><\/td>\n<td style=\"text-align: center; width: 426px;\">69<\/td>\n<td style=\"text-align: center; width: 316px;\">218<\/td>\n<\/tr>\n<tr>\n<td style=\"width: 256px;\"><strong>19\u00a0mars<\/strong><\/td>\n<td style=\"text-align: center; width: 426px;\">109<\/td>\n<td style=\"text-align: center; width: 316px;\">327<\/td>\n<\/tr>\n<tr>\n<td style=\"width: 256px;\"><strong>20\u00a0mars\u00a0<\/strong><\/td>\n<td style=\"text-align: center; width: 426px;\">123<\/td>\n<td style=\"text-align: center; width: 316px;\">450<\/td>\n<\/tr>\n<tr>\n<td style=\"width: 256px;\"><strong>21\u00a0mars<\/strong><\/td>\n<td style=\"text-align: center; width: 426px;\">75<\/td>\n<td style=\"text-align: center; width: 316px;\">525<\/td>\n<\/tr>\n<tr>\n<td style=\"width: 256px;\"><strong>22\u00a0mars<\/strong><\/td>\n<td style=\"text-align: center; width: 426px;\">107<\/td>\n<td style=\"text-align: center; width: 316px;\">632<\/td>\n<\/tr>\n<tr>\n<td style=\"width: 256px;\"><strong>23\u00a0mars<\/strong><\/td>\n<td style=\"text-align: center; width: 426px;\">228<\/td>\n<td style=\"text-align: center; width: 316px;\">860<\/td>\n<\/tr>\n<tr>\n<td style=\"width: 256px;\"><strong>24\u00a0mars<\/strong><\/td>\n<td style=\"text-align: center; width: 426px;\">240<\/td>\n<td style=\"text-align: center; width: 316px;\">1100<\/td>\n<\/tr>\n<tr>\n<td style=\"width: 256px;\"><strong>25\u00a0mars<\/strong><\/td>\n<td style=\"text-align: center; width: 426px;\">288<\/td>\n<td style=\"text-align: center; width: 316px;\">1388<\/td>\n<\/tr>\n<tr>\n<td style=\"width: 256px;\"><strong>26\u00a0mars<\/strong><\/td>\n<td style=\"text-align: center; width: 426px;\">308<\/td>\n<td style=\"text-align: center; width: 316px;\">1696<\/td>\n<\/tr>\n<tr>\n<td style=\"width: 256px;\"><strong>27\u00a0mars<\/strong><\/td>\n<td style=\"text-align: center; width: 426px;\">299<\/td>\n<td style=\"text-align: center; width: 316px;\">1995<\/td>\n<\/tr>\n<tr>\n<td style=\"width: 256px;\"><strong>28\u00a0mars<\/strong><\/td>\n<td style=\"text-align: center; width: 426px;\">319<\/td>\n<td style=\"text-align: center; width: 316px;\">2314<\/td>\n<\/tr>\n<tr>\n<td style=\"width: 256px;\"><strong>29\u00a0mars<\/strong><\/td>\n<td style=\"text-align: center; width: 426px;\">292<\/td>\n<td style=\"text-align: center; width: 316px;\">2606<\/td>\n<\/tr>\n<tr>\n<td style=\"width: 256px;\"><strong>30\u00a0mars<\/strong><\/td>\n<td style=\"text-align: center; width: 426px;\">418<\/td>\n<td style=\"text-align: center; width: 316px;\">3024<\/td>\n<\/tr>\n<tr>\n<td style=\"width: 256px;\"><strong>31\u00a0mars<\/strong><\/td>\n<td style=\"text-align: center; width: 426px;\">499<\/td>\n<td style=\"text-align: center; width: 316px;\">3523<\/td>\n<\/tr>\n<tr>\n<td style=\"width: 256px;\"><strong>01 avril<\/strong><\/td>\n<td style=\"text-align: center; width: 426px;\">509<\/td>\n<td style=\"text-align: center; width: 316px;\">4032<\/td>\n<\/tr>\n<tr>\n<td style=\"width: 256px;\"><strong>02 avril<\/strong><\/td>\n<td style=\"text-align: center; width: 426px;\">471<\/td>\n<td style=\"text-align: center; width: 316px;\">4 503<\/td>\n<\/tr>\n<tr>\n<td style=\"width: 256px;\"><strong>03 avril<\/strong><\/td>\n<td style=\"text-align: center; width: 426px;\">588<\/td>\n<td style=\"text-align: center; width: 316px;\">5 091<\/td>\n<\/tr>\n<tr>\n<td style=\"width: 256px;\"><strong>04 avril<\/strong><\/td>\n<td style=\"text-align: center; width: 426px;\">441<\/td>\n<td style=\"text-align: center; width: 316px;\">5 532<\/td>\n<\/tr>\n<tr>\n<td style=\"width: 256px;\"><strong>05 avril<\/strong><\/td>\n<td style=\"text-align: center; width: 426px;\">357<\/td>\n<td style=\"text-align: center; width: 316px;\">5 889<\/td>\n<\/tr>\n<tr>\n<td style=\"width: 256px;\"><strong>06\u00a0avril<\/strong><\/td>\n<td style=\"text-align: center; width: 426px;\">605<\/td>\n<td style=\"text-align: center; width: 316px;\">6 494<\/td>\n<\/tr>\n<tr>\n<td style=\"width: 256px;\"><strong>07 avril<\/strong><\/td>\n<td style=\"text-align: center; width: 426px;\">597<\/td>\n<td style=\"text-align: center; width: 316px;\">7\u00a0091<\/td>\n<\/tr>\n<tr>\n<td style=\"width: 256px;\"><strong>08 avril<\/strong><\/td>\n<td style=\"text-align: center; width: 426px;\">541<\/td>\n<td style=\"text-align: center; width: 316px;\">7\u00a0632<\/td>\n<\/tr>\n<tr>\n<td style=\"width: 256px;\"><strong>09 avril<\/strong><\/td>\n<td style=\"text-align: center; width: 426px;\">412<\/td>\n<td style=\"text-align: center; width: 316px;\">8 044<\/td>\n<\/tr>\n<tr>\n<td style=\"width: 256px;\"><b>10 avril<\/b><\/td>\n<td style=\"text-align: center; width: 426px;\">554<\/td>\n<td style=\"text-align: center; width: 316px;\">8 698<\/td>\n<\/tr>\n<tr>\n<td style=\"width: 256px;\"><b>11 avril<\/b><\/td>\n<td style=\"text-align: center; width: 426px;\">345<\/td>\n<td style=\"text-align: center; width: 316px;\">8 943<\/td>\n<\/tr>\n<tr>\n<td style=\"width: 256px;\"><strong>12\u00a0avril<\/strong><\/td>\n<td style=\"text-align: center; width: 426px;\">310<\/td>\n<td style=\"text-align: center; width: 316px;\">9 253<\/td>\n<\/tr>\n<tr>\n<td style=\"width: 256px;\"><strong>13\u00a0avril<\/strong><\/td>\n<td style=\"text-align: center; width: 426px;\">335<\/td>\n<td style=\"text-align: center; width: 316px;\">9\u00a0588<\/td>\n<\/tr>\n<tr>\n<td style=\"width: 256px;\"><strong>14 avril<\/strong><\/td>\n<td style=\"text-align: center; width: 426px;\">541<\/td>\n<td style=\"text-align: center; width: 316px;\">10 129<\/td>\n<\/tr>\n<tr>\n<td style=\"width: 256px;\"><strong>15 avril<\/strong><\/td>\n<td style=\"text-align: center; width: 426px;\">514<\/td>\n<td style=\"text-align: center; width: 316px;\">10 643<\/td>\n<\/tr>\n<tr>\n<td style=\"width: 256px;\"><strong>16 avril<\/strong><\/td>\n<td style=\"text-align: center; width: 426px;\">417<\/td>\n<td style=\"text-align: center; width: 316px;\">11 060<\/td>\n<\/tr>\n<tr>\n<td style=\"width: 256px;\"><strong>17 avril<\/strong><\/td>\n<td style=\"text-align: center; width: 426px;\">418<\/td>\n<td style=\"text-align: center; width: 316px;\">11 478<\/td>\n<\/tr>\n<tr>\n<td style=\"width: 256px;\"><strong>18 avril<\/strong><\/td>\n<td style=\"text-align: center; width: 426px;\">364<\/td>\n<td style=\"text-align: center; width: 316px;\">11 842<\/td>\n<\/tr>\n<tr>\n<td style=\"width: 256px;\"><strong>19 avril<\/strong><\/td>\n<td style=\"text-align: center; width: 426px;\">227<\/td>\n<td style=\"text-align: center; width: 316px;\">12 069<\/td>\n<\/tr>\n<tr>\n<td style=\"width: 256px;\"><strong>20 avril<\/strong><\/td>\n<td style=\"text-align: center; width: 426px;\">444<\/td>\n<td style=\"text-align: center; width: 316px;\">12 513<\/td>\n<\/tr>\n<tr>\n<td style=\"width: 256px;\"><strong>21 avril<\/strong><\/td>\n<td style=\"text-align: center; width: 426px;\">387<\/td>\n<td style=\"text-align: center; width: 316px;\">12 900<\/td>\n<\/tr>\n<tr>\n<td style=\"width: 256px;\"><strong>22 avril<\/strong><\/td>\n<td style=\"text-align: center; width: 426px;\">336<\/td>\n<td style=\"text-align: center; width: 316px;\">13 236<\/td>\n<\/tr>\n<tr>\n<td style=\"width: 256px;\"><strong>23 avril<\/strong><\/td>\n<td style=\"text-align: center; width: 426px;\">311<\/td>\n<td style=\"text-align: center; width: 316px;\">13 547<\/td>\n<\/tr>\n<tr>\n<td style=\"width: 256px;\"><strong>24 avril<\/strong><\/td>\n<td style=\"text-align: center; width: 426px;\">305<\/td>\n<td style=\"text-align: center; width: 316px;\">13 852<\/td>\n<\/tr>\n<tr>\n<td style=\"width: 256px;\"><strong>25 avril<\/strong><\/td>\n<td style=\"text-align: center; width: 426px;\">198<\/td>\n<td style=\"text-align: center; width: 316px;\">14 050<\/td>\n<\/tr>\n<tr>\n<td style=\"width: 256px;\"><strong>26 avril<\/strong><\/td>\n<td style=\"text-align: center; width: 426px;\">152<\/td>\n<td style=\"text-align: center; width: 316px;\">14 202<\/td>\n<\/tr>\n<tr>\n<td style=\"width: 256px;\"><strong>27 avril<\/strong><\/td>\n<td style=\"text-align: center; width: 426px;\">295<\/td>\n<td style=\"text-align: center; width: 316px;\">14 497<\/td>\n<\/tr>\n<tr>\n<td style=\"width: 256px;\"><strong>28 avril<\/strong><\/td>\n<td style=\"text-align: center; width: 426px;\">313<\/td>\n<td style=\"text-align: center; width: 316px;\">14 810<\/td>\n<\/tr>\n<tr>\n<td style=\"width: 256px;\"><strong>29 avril<\/strong><\/td>\n<td style=\"text-align: center; width: 426px;\">243<\/td>\n<td style=\"text-align: center; width: 316px;\">15 053<\/td>\n<\/tr>\n<tr>\n<td style=\"width: 256px;\"><strong>30 avril<\/strong><\/td>\n<td style=\"text-align: center; width: 426px;\">191<\/td>\n<td style=\"text-align: center; width: 316px;\">15 244<\/td>\n<\/tr>\n<tr>\n<td style=\"width: 256px;\"><strong>1er mai<\/strong><\/td>\n<td style=\"text-align: center; width: 426px;\">125<\/td>\n<td style=\"text-align: center; width: 316px;\">15 369<\/td>\n<\/tr>\n<tr>\n<td style=\"width: 256px;\"><strong>2 mai<\/strong><\/td>\n<td style=\"text-align: center; width: 426px;\">118<\/td>\n<td style=\"text-align: center; width: 316px;\">15 487<\/td>\n<\/tr>\n<tr>\n<td style=\"width: 256px;\"><strong>3 mai<\/strong><\/td>\n<td style=\"text-align: center; width: 426px;\">96<\/td>\n<td style=\"text-align: center; width: 316px;\">15 583<\/td>\n<\/tr>\n<tr>\n<td style=\"width: 256px;\"><strong>4\u00a0<\/strong><strong>mai<\/strong><\/td>\n<td style=\"text-align: center; width: 426px;\">243<\/td>\n<td style=\"text-align: center; width: 316px;\">15\u00a0826<\/td>\n<\/tr>\n<tr>\n<td style=\"width: 256px;\"><strong>5\u00a0<\/strong><strong>mai<\/strong><\/td>\n<td style=\"text-align: center; width: 426px;\">234<\/td>\n<td style=\"text-align: center; width: 316px;\">16 060<\/td>\n<\/tr>\n<tr>\n<td style=\"width: 256px;\"><strong>6 mai<\/strong><\/td>\n<td style=\"text-align: center; width: 426px;\">177<\/td>\n<td style=\"text-align: center; width: 316px;\">16 237<\/td>\n<\/tr>\n<tr>\n<td style=\"width: 256px;\"><strong>7 mai<\/strong><\/td>\n<td style=\"text-align: center; width: 426px;\">149<\/td>\n<td style=\"text-align: center; width: 316px;\">16\u00a0386<\/td>\n<\/tr>\n<tr>\n<td style=\"width: 256px;\"><strong>8 mai<\/strong><\/td>\n<td style=\"text-align: center; width: 426px;\">118<\/td>\n<td style=\"text-align: center; width: 316px;\">16\u00a0497<\/td>\n<\/tr>\n<tr>\n<td style=\"width: 256px;\"><strong>9 mai<\/strong><\/td>\n<td style=\"text-align: center; width: 426px;\">76<\/td>\n<td style=\"text-align: center; width: 316px;\">16\u00a0573<\/td>\n<\/tr>\n<tr>\n<td style=\"width: 256px;\"><strong>10 mai<\/strong><\/td>\n<td style=\"text-align: center; width: 426px;\">70<\/td>\n<td style=\"text-align: center; width: 316px;\">16 642<\/td>\n<\/tr>\n<tr>\n<td style=\"width: 256px;\"><strong>11 mai<\/strong><\/td>\n<td style=\"text-align: center; width: 426px;\">178<\/td>\n<td style=\"text-align: center; width: 316px;\">16\u00a0820<\/td>\n<\/tr>\n<tr>\n<td style=\"width: 256px;\"><strong>12 mai<\/strong><\/td>\n<td style=\"text-align: center; width: 426px;\">183<\/td>\n<td style=\"text-align: center; width: 316px;\">17 003<\/td>\n<\/tr>\n<tr>\n<td style=\"width: 256px;\"><strong>13 mai<\/strong><\/td>\n<td style=\"text-align: center; width: 426px;\">98<\/td>\n<td style=\"text-align: center; width: 316px;\">17 101<\/td>\n<\/tr>\n<tr>\n<td style=\"width: 256px;\"><strong>14 mai<\/strong><\/td>\n<td style=\"text-align: center; width: 426px;\">123<\/td>\n<td style=\"text-align: center; width: 316px;\">17\u00a0224<\/td>\n<\/tr>\n<tr>\n<td style=\"width: 256px;\"><strong>15 mai<\/strong><\/td>\n<td style=\"text-align: center; width: 426px;\">104<\/td>\n<td style=\"text-align: center; width: 316px;\">17 342<\/td>\n<\/tr>\n<tr>\n<td style=\"width: 256px;\"><strong>16 mai<\/strong><\/td>\n<td style=\"text-align: center; width: 426px;\">96<\/td>\n<td style=\"text-align: center; width: 316px;\">17 412<\/td>\n<\/tr>\n<tr>\n<td style=\"width: 256px;\"><strong>17 mai<\/strong><\/td>\n<td style=\"text-align: center; width: 426px;\">54<\/td>\n<td style=\"text-align: center; width: 316px;\">17 466<\/td>\n<\/tr>\n<tr>\n<td style=\"width: 256px;\"><strong>18 mai<\/strong><\/td>\n<td style=\"text-align: center; width: 426px;\">123<\/td>\n<td style=\"text-align: center; width: 316px;\">17 589<\/td>\n<\/tr>\n<tr>\n<td style=\"width: 256px;\"><strong>19 mai<\/strong><\/td>\n<td style=\"text-align: center; width: 426px;\">125<\/td>\n<td style=\"text-align: center; width: 316px;\">17 714<\/td>\n<\/tr>\n<tr>\n<td style=\"width: 256px;\"><strong>20 mai<\/strong><\/td>\n<td style=\"text-align: center; width: 426px;\">98<\/td>\n<td style=\"text-align: center; width: 316px;\">17 812<\/td>\n<\/tr>\n<tr>\n<td style=\"width: 256px;\"><strong>21 mai<\/strong><\/td>\n<td style=\"text-align: center; width: 426px;\">58<\/td>\n<td style=\"text-align: center; width: 316px;\">17\u00a0870<\/td>\n<\/tr>\n<tr>\n<td style=\"width: 256px;\"><strong>22 mai<\/strong><\/td>\n<td style=\"text-align: center; width: 426px;\">74<\/td>\n<td style=\"text-align: center; width: 316px;\">17\u00a0944<\/td>\n<\/tr>\n<tr>\n<td style=\"width: 256px;\"><strong>23 mai<\/strong><\/td>\n<td style=\"text-align: center; width: 426px;\">43<\/td>\n<td style=\"text-align: center; width: 316px;\">17\u00a0987<\/td>\n<\/tr>\n<tr>\n<td style=\"width: 256px;\"><strong>24 mai<\/strong><\/td>\n<td style=\"text-align: center; width: 426px;\">35<\/td>\n<td style=\"text-align: center; width: 316px;\">18 022<\/td>\n<\/tr>\n<tr>\n<td style=\"width: 256px;\"><strong>25 mai<\/strong><\/td>\n<td style=\"text-align: center; width: 426px;\">90<\/td>\n<td style=\"text-align: center; width: 316px;\">18 112<\/td>\n<\/tr>\n<tr>\n<td style=\"width: 256px;\"><strong>26 mai<\/strong><\/td>\n<td style=\"text-align: center; width: 426px;\">83<\/td>\n<td style=\"text-align: center; width: 316px;\">18 195<\/td>\n<\/tr>\n<tr>\n<td style=\"width: 256px;\"><strong>27 mai<\/strong><\/td>\n<td style=\"text-align: center; width: 426px;\">65<\/td>\n<td style=\"text-align: center; width: 316px;\">18 260<\/td>\n<\/tr>\n<tr>\n<td style=\"width: 256px;\"><strong>28 mai<\/strong><\/td>\n<td style=\"text-align: center; width: 426px;\">66<\/td>\n<td style=\"text-align: center; width: 316px;\">18 326<\/td>\n<\/tr>\n<tr>\n<td style=\"width: 256px;\"><strong>29 mai<\/strong><\/td>\n<td style=\"text-align: center; width: 426px;\">61<\/td>\n<td style=\"text-align: center; width: 316px;\">18 387<\/td>\n<\/tr>\n<tr>\n<td style=\"width: 256px;\"><strong>30 mai<\/strong><\/td>\n<td style=\"text-align: center; width: 426px;\">57<\/td>\n<td style=\"text-align: center; width: 316px;\">18\u00a0444<\/td>\n<\/tr>\n<tr>\n<td style=\"width: 256px;\"><strong>31 mai<\/strong><\/td>\n<td style=\"text-align: center; width: 426px;\">31<\/td>\n<td style=\"text-align: center; width: 316px;\">18\u00a0475<\/td>\n<\/tr>\n<tr>\n<td style=\"width: 256px;\"><strong>1 juin<\/strong><\/td>\n<td style=\"text-align: center; width: 426px;\">31<\/td>\n<td style=\"text-align: center; width: 316px;\">18 506<\/td>\n<\/tr>\n<tr>\n<td style=\"width: 256px;\"><strong>2\u00a0juin<\/strong><\/td>\n<td style=\"text-align: center; width: 426px;\">84<\/td>\n<td style=\"text-align: center; width: 316px;\">18\u00a0590<\/td>\n<\/tr>\n<tr>\n<td style=\"width: 256px;\"><strong>3 juin<\/strong><\/td>\n<td style=\"text-align: center; width: 426px;\">81<\/td>\n<td style=\"text-align: center; width: 316px;\">18 671<\/td>\n<\/tr>\n<tr>\n<td style=\"width: 256px;\"><strong>4 juin<\/strong><\/td>\n<td style=\"text-align: center; width: 426px;\">44<\/td>\n<td style=\"text-align: center; width: 316px;\">18 715<\/td>\n<\/tr>\n<tr>\n<td style=\"width: 256px;\"><strong>5\u00a0juin<\/strong><\/td>\n<td style=\"text-align: center; width: 426px;\">46<\/td>\n<td style=\"text-align: center; width: 316px;\">18\u00a0761<\/td>\n<\/tr>\n<tr>\n<td style=\"width: 256px;\"><strong>6 juin<\/strong><\/td>\n<td style=\"text-align: center; width: 426px;\">31<\/td>\n<td style=\"text-align: center; width: 316px;\">18\u00a0792<\/td>\n<\/tr>\n<tr>\n<td style=\"width: 256px;\"><strong>7 juin<\/strong><\/td>\n<td style=\"text-align: center; width: 426px;\">13<\/td>\n<td style=\"text-align: center; width: 316px;\">18 805<\/td>\n<\/tr>\n<tr>\n<td style=\"width: 256px;\"><strong>8 juin<\/strong><\/td>\n<td style=\"text-align: center; width: 426px;\">54<\/td>\n<td style=\"text-align: center; width: 316px;\">18\u00a0859<\/td>\n<\/tr>\n<tr>\n<td style=\"width: 256px;\"><strong>9 juin<\/strong><\/td>\n<td style=\"text-align: center; width: 426px;\">53<\/td>\n<td style=\"text-align: center; width: 316px;\">18 912<\/td>\n<\/tr>\n<tr>\n<td style=\"width: 256px;\"><strong>10 juin<\/strong><\/td>\n<td style=\"text-align: center; width: 426px;\">23<\/td>\n<td style=\"text-align: center; width: 316px;\">18 935<\/td>\n<\/tr>\n<tr>\n<td style=\"width: 256px;\"><strong>11 juin<\/strong><\/td>\n<td style=\"text-align: center; width: 426px;\">27<\/td>\n<td style=\"text-align: center; width: 316px;\">18 962<\/td>\n<\/tr>\n<tr>\n<td style=\"width: 256px;\"><strong>12 juin<\/strong><\/td>\n<td style=\"text-align: center; width: 426px;\">28<\/td>\n<td style=\"text-align: center; width: 316px;\">18\u00a0990<\/td>\n<\/tr>\n<tr>\n<td style=\"width: 256px;\"><strong>13 juin<\/strong><\/td>\n<td style=\"text-align: center; width: 426px;\">24<\/td>\n<td style=\"text-align: center; width: 316px;\"><strong>19 014<\/strong><\/td>\n<\/tr>\n<\/tbody>\n<\/table>\n<p>La France est d\u00e9confin\u00e9e depuis le 11 mai 2020 (le confinement avait \u00e9t\u00e9 instaur\u00e9 le 17 mars en France). Apr\u00e8s une <strong>premi\u00e8re phase de confinement \u00e9tal\u00e9e jusqu&rsquo;au 2 juin <\/strong>bas\u00e9e sur un d\u00e9coupage de la France en\u00a0d\u00e9partements rouges et verts, le Premier ministre Edouard Philippe a pr\u00e9sent\u00e9 la phase 2 du d\u00e9confinement le 28 mai. Cette phase court du 2 juin au 22 juin. La carte est d\u00e9sormais verte et orange. Seule l&rsquo;Ile-de-France, Mayotte et la Guyane sont orange puisque les indicateurs \u00e9pid\u00e9miques ne sont pas tous revenus au vert.\u00a0<\/p>\n<div style=\"text-align:center\">\n<figure class=\"image\" style=\"display:inline-block\"><a class=\"fancy\" href=\"https:\/\/img-3.journaldesfemmes.fr\/HAD-Q0nUOFhpAKo0l-T4mhlJEPM=\/1080x\/smart\/92c90912f2b34fd7b53e6fdb8398482f\/ccmcms-jdf\/16009595.jpg\" target=\"_blank\" rel=\"noopener noreferrer\"><img decoding=\"async\" alt=\"carte france zone verte orange\" src=\"https:\/\/img-3.journaldesfemmes.fr\/gNGZnfEq27hLafVQymBTR8AEJ3A=\/600x\/smart\/92c90912f2b34fd7b53e6fdb8398482f\/ccmcms-jdf\/16009595.jpg\"\/><\/a><figcaption data-credit=\"Minist\u00e8re de la Sant\u00e9\" data-legend=\"Carte des zones vertes et orange en France au 28 mai 2020.\">Carte des zones vertes et orange en France au 28\u00a0mai 2020. <small>\u00a9\u00a0Minist\u00e8re de la Sant\u00e9<\/small><\/figcaption><\/figure>\n<\/div>\n<p><strong>Quatre indicateurs sont d\u00e9sormais suivis :<\/strong><\/p>\n<ul>\n<li>l&rsquo;incidence (nombre de personnes infect\u00e9es sur une semaine sur 100\u00a0000\u00a0habitants),<\/li>\n<li>le <strong>taux de positivit\u00e9 des tests PCR<\/strong>,<\/li>\n<li><strong>le <a href=\"https:\/\/sante.journaldesfemmes.fr\/fiches-maladies\/2629823-r0-coronavirus-france-allemagne-definition-pays-departement-juin-2020-ile-de-france\/\" target=\"_blank\" rel=\"noopener noreferrer\">R0<\/a>\u00a0<\/strong>(il est aujourd&rsquo;hui \u00e0<strong> 0,77\u00a0en France<\/strong>)<\/li>\n<li>et le taux d&rsquo;occupation des r\u00e9animations (qui refl\u00e8te la saturation des h\u00f4pitaux).\u00a0<\/li>\n<\/ul>\n<p>Sur la nouvelle carte, les<strong> d\u00e9partements en orange sont ceux pour lesquels il y a deux indicateurs sur les quatre au-dessus du seuil de vigilance<\/strong>. Il s&rsquo;agit de\u00a0<strong>l&rsquo;Ile-de-France, la Guyane et Mayotte. <\/strong>En Ile-de-France, la vigilance est justifi\u00e9e, a indiqu\u00e9 Olivier V\u00e9ran le 28 mai \u00e0 cause du\u00a0taux d&rsquo;incidence de l&rsquo;\u00e9pid\u00e9mie \u00e9lev\u00e9\u00a0et d&rsquo;un taux de patients encore \u00e9lev\u00e9\u00a0en r\u00e9animation.\u00a0<\/p>\n<p><strong>A partir du 2\u00a0juin\u00a0:<\/strong><\/p>\n<p><strong>\u2192 En zones vertes :\u00a0<\/strong>la r\u00e9ouverture des lyc\u00e9es, des coll\u00e8ges (pour toutes les classes), des caf\u00e9s, bars, restaurants, des villages vacances, des campings, des<strong> lacs, monuments, plans d&rsquo;eau, plage, des salles de spectacle,\u00a0des th\u00e9\u00e2tres <\/strong>(\u00e0 partir du 22\u00a0juin dans les zones orange),<strong>\u00a0des gymnases, piscines,\u00a0salles de sport dans les zones vertes <\/strong>(\u00e0 partir du 22\u00a0juin dans les zones orange), .<\/p>\n<p><strong>\u2192 En zones orange<\/strong> : le 2\u00a0juin, r\u00e9ouverture des \u00e9coles primaires et maternelles, des coll\u00e8ges pour les classes de 6e et 5e en priorit\u00e9 le 2\u00a0juin, des lyc\u00e9es professionnels en priorit\u00e9 mais tous les \u00e9l\u00e8ves ne seront pas accueillis, des caf\u00e9s, bars et restaurants mais uniquement en terrasse<\/p>\n<p><strong>\u2192 Dans toutes les zones, restent interdits jusqu&rsquo;au 21\u00a0juin\u00a0: <\/strong>les\u00a0rassemblements de plus de 10\u00a0personnes dans l&rsquo;espace public, les sports collectifs et de contact, les\u00a0discoth\u00e8ques, les salles de jeux, les stades et hippodromes. \u00ab\u00a0Nous savons que<strong> le virus est particuli\u00e8rement virulent<\/strong> dans les grands rassemblements et les <strong>milieux ferm\u00e9s<\/strong>. Tout ceci justifie que nous restions tr\u00e8s vigilants\u00a0\u00bb a argu\u00e9 Edouard Philippe.\u00a0<\/p>\n<div style=\"text-align:center\">\n<figure class=\"image\" style=\"display:inline-block\"><a class=\"fancy\" href=\"https:\/\/img-3.journaldesfemmes.fr\/ELZQHUmn3VEuTMQtpnEeLWwv-uI=\/1080x\/smart\/bf0fb3fe4a6549e38eb64023cf5cd058\/ccmcms-jdf\/16009460.jpg\"><img decoding=\"async\" alt=\"d\u00e9confinement culture vacance\" src=\"https:\/\/img-3.journaldesfemmes.fr\/ELZQHUmn3VEuTMQtpnEeLWwv-uI=\/1080x\/smart\/bf0fb3fe4a6549e38eb64023cf5cd058\/ccmcms-jdf\/16009460.jpg\"\/><\/a><figcaption data-credit=\"Minist\u00e8re de la Sant\u00e9\"><small>\u00a9\u00a0Minist\u00e8re de la Sant\u00e9<\/small><\/figcaption><\/figure>\n<\/div>\n<p>Comme il n&rsquo;y a ni vaccin, ni m\u00e9dicament efficace contre le coronavirus, <a href=\"https:\/\/sante.journaldesfemmes.fr\/fiches-maladies\/2619739-gestes-barrieres-covid-19-affiche-transport-entreprise-commerce-distanciation-image\/\" target=\"_blank\" rel=\"noopener noreferrer\">le meilleur moyen de s&rsquo;en prot\u00e9ger<\/a>\u00a0&#8211; surtout depuis le d\u00e9confinement- est l&rsquo;application de mesures barri\u00e8re :\u00a0respect de la distanciation physique minimale d&rsquo;un m\u00e8tre,\u00a0r\u00e9duction du nombre de nos contacts doivent \u00eatre respect\u00e9s par tous. Les <strong>personnes \u00e2g\u00e9es ou atteintes de pathologies chroniques (atteintes respiratoire, cardiaque, ob\u00e9sit\u00e9, diab\u00e8te\u2026) <\/strong>consid\u00e9r\u00e9es comme des facteurs de risque de d\u00e9velopper une forme grave de la maladie sont appel\u00e9es \u00e0 la plus<strong> grande prudence <\/strong>tant que le virus circule.<\/p>\n<p>Si au d\u00e9but, on ne parlait que de fi\u00e8vre, toux s\u00e8che, rhume, \u00e9tat grippal et de fatigue, les sympt\u00f4mes de l&rsquo;infection par le coronavirus ont \u00e9volu\u00e9. On sait d\u00e9sormais que le virus peut avoir des effets sur la peau, la sph\u00e8re digestive et m\u00eame le cerveau. <strong>D\u00e8s les premiers signes \u00e9vocateurs de la maladie COVID-19,<\/strong> consultez votre <strong>m\u00e9decin <\/strong>traitant ou un m\u00e9decin de permanence afin qu&rsquo;il puisse vous prescrire un <a href=\"https:\/\/sante.journaldesfemmes.fr\/fiches-maladies\/2623965-coronavirus-test-france-serologique-nez-pcr-rapide-pharmacie-sans-ordonnance-gratuit-prix\/\" target=\"_blank\" rel=\"noopener noreferrer\">test de recherche du virus<\/a> (PCR) et <strong>respectez scrupuleusement l&rsquo;isolement<\/strong>.<em>\u00a0\u00ab\u00a0Les capacit\u00e9s de tests virologiques pour rechercher le virus de la maladie COVID-19\u00a0sont disponibles sur tout le territoire.\u00a0Tout est fait pour tester rapidement, tracer les personnes contacts, isoler les porteurs du virus et <strong>mettre en quatorzaine leurs personnes contacts<\/strong>, prendre en charge de fa\u00e7on optimale les personnes malades\u00a0\u00bb <\/em>rappelle le minist\u00e8re de la Sant\u00e9 dans le <a href=\"https:\/\/solidarites-sante.gouv.fr\/actualites\/presse\/communiques-de-presse\/article\/communique-de-presse-du-11-mai-2020-429447\" target=\"_blank\" rel=\"noopener noreferrer\">communiqu\u00e9 du 11 mai<\/a>.<\/p>\n<ul>\n<li><strong>Si vous pr\u00e9sentez des\u00a0sympt\u00f4mes (toux, fi\u00e8vre, mal de t\u00eate) : <\/strong>\u00e9viter les contacts, rester \u00e0 domicile, prenez du parac\u00e9tamol si besoin, appeler un m\u00e9decin pour prendre rendez-vous dans l&rsquo;\u00e9ventualit\u00e9 qu&rsquo;il vous fasse passer un test de d\u00e9pistage.\u00a0<\/li>\n<li><strong>Appeler le\u00a015 en cas de\u00a0difficult\u00e9s respiratoires : \u00ab\u00a0<\/strong><em>Si cette toux et cette fi\u00e8vre s&rsquo;accompagnent d&rsquo;une g\u00eane respiratoire qui devient permanente avec souffle court, difficult\u00e9 \u00e0 inspirer et \u00e0 expirer, d&rsquo;une aggravation importante de la toux, cela peut signifier une \u00e9volution de la maladie sous la forme d&rsquo;une pneumopathie. Il s&rsquo;agit alors d&rsquo;une urgence respiratoire potentielle et comme dans tous les cas d&rsquo;urgence, il faut alors appeler le 15\u00a0qui prendra les meilleures dispositions pour r\u00e9pondre \u00e0 la situation\u00a0\u00bb, <\/em>pr\u00e9vient le Dr\u00a0Patrick Aub\u00e9, m\u00e9decin g\u00e9n\u00e9raliste.<\/li>\n<\/ul>\n<p>Le coronavirus Sars-CoV-2 fait encore de nombreuses victimes\u00a0dans le monde. La pand\u00e9mie a infect\u00e9 plus\u00a0de<strong>\u00a07,7\u00a0millions de personnes<\/strong>\u00a0(selon\u00a0l&rsquo;Universit\u00e9 CSSE Johns Hopkins)\u00a0et fait<strong> 430 139\u00a0morts<\/strong>. <strong>188\u00a0pays et territoires sont touch\u00e9s<\/strong> (sur les 198 pays comptabilis\u00e9s dans le monde). Le <strong>pays le plus impact\u00e9<\/strong>\u00a0en nombre de cas est les <strong>Etats-Unis\u00a0<\/strong>(2\u00a0millions de cas et 115 436\u00a0morts), suivis par\u00a0<strong>le Br\u00e9sil <\/strong>(850 514\u00a0cas &#8211; 42 720\u00a0morts),<strong>\u00a0<\/strong>\u00a0<strong>la Russie<\/strong> (519 458\u00a0cas &#8211; 6\u00a0819 morts),<strong>\u00a0le\u00a0Royaume-Uni <\/strong>(295 828\u00a0cas-41\u00a0747 morts)<strong>, l&rsquo;Inde <\/strong>(320 922\u00a0cas &#8211; 9 195\u00a0morts),<strong>\u00a0<\/strong>l&rsquo;<strong>Espagne<\/strong> (243 605 cas-27\u00a0136\u00a0morts),<strong> et<\/strong>\u00a0l&rsquo;<strong>Italie <\/strong>(236 651 cas &#8211; 34\u00a0301 morts) qui a rouvert ses fronti\u00e8res le 3\u00a0juin \u00e0 ses voisins europ\u00e9ens.\u00a0<\/p>\n<h3>Courbe du nombre de nouveaux cas de Covid-19 par jour dans le monde entre le 22\u00a0janvier et le 9\u00a0juin 2020.<\/h3>\n<div style=\"text-align:center\">\n<figure class=\"image\" style=\"display:inline-block\"><a class=\"fancy\" href=\"https:\/\/img-3.journaldesfemmes.fr\/2G6FZIpRIsOlUP9OxBHUpIg8nnQ=\/1080x\/smart\/c9359f791ef34857b83a3a2a621206e3\/ccmcms-jdf\/16315597.png\"><img decoding=\"async\" alt=\"Courbe du nombre de nouveaux cas de coronavirus par jour dans le monde\" src=\"https:\/\/img-3.journaldesfemmes.fr\/2G6FZIpRIsOlUP9OxBHUpIg8nnQ=\/1080x\/smart\/c9359f791ef34857b83a3a2a621206e3\/ccmcms-jdf\/16315597.png\"\/><\/a><figcaption data-credit=\"Universit\u00e9 John Hopkins\" data-legend=\"Courbe du nombre de nouveaux cas de coronavirus par jour dans le monde\">Courbe du nombre de nouveaux cas de coronavirus par jour dans le monde <small>\u00a9\u00a0Universit\u00e9 John Hopkins<\/small><\/figcaption><\/figure>\n<\/div>\n<p>Une <strong>carte interactive<\/strong> montrant l&rsquo;\u00e9volution de l&rsquo;\u00e9pid\u00e9mie de coronavirus dans le monde<strong> en temps r\u00e9el<\/strong> a \u00e9t\u00e9 mise au point par l&rsquo;\u00e9diteur de cartographie en ligne\u00a0HERE Technologies. Bas\u00e9e sur des donn\u00e9es du Center for Systems Science and Engineering (CSSE) de l&rsquo;Universit\u00e9 Johns Hopkins et de DXY, cette carte permet de suivre<strong> la progression du nombre de personnes infect\u00e9es<\/strong>\u00a0rapport\u00e9es par les agences gouvernementales, ainsi que <strong>le nombre de d\u00e9c\u00e8s<\/strong>.<\/p>\n<p><iframe loading=\"lazy\" frameborder=\"0\" height=\"600\" src=\"https:\/\/developer.here.com\/coronavirus\/\" title=\"Suivi du coronavirus COVID-19\" width=\"780\"><\/iframe><\/p>\n<h3><a id=\"mort-coronavirus-monde-chiffres-tableau\" name=\"mort-coronavirus-monde-chiffres-tableau\">Combien de d\u00e9c\u00e8s \u00e0 cause du coronavirus dans le monde ?<\/a><\/h3>\n<table border=\"1\" cellpadding=\"1\" cellspacing=\"1\" style=\"width:80%;\">\n<caption>\n<p style=\"text-align: center;\">NOMBRE DE MORTS DU CORONAVIRUS DANS LES 30\u00a0PAYS LES PLUS TOUCHES. Dimanche 14\u00a0juin \u00e0 9h45<\/p>\n<\/caption>\n<thead>\n<tr>\n<th scope=\"col\" style=\"width: 472px;\">PAYS<\/th>\n<th scope=\"col\" style=\"width: 324px;\">NOMBRE DE MORTS<\/th>\n<\/tr>\n<\/thead>\n<tbody>\n<tr>\n<td style=\"width: 472px;\"><b>Etats-Unis<\/b><\/td>\n<td style=\"width: 324px;\">115 436<\/td>\n<\/tr>\n<tr>\n<td style=\"width: 472px;\"><strong>Br\u00e9sil<\/strong><\/td>\n<td style=\"width: 324px;\">42 720<\/td>\n<\/tr>\n<tr>\n<td style=\"width: 472px;\"><strong>Royaume-Uni <\/strong><\/td>\n<td style=\"width: 324px;\">41 747<\/td>\n<\/tr>\n<tr>\n<td style=\"width: 472px;\"><strong>Italie <\/strong><\/td>\n<td style=\"width: 324px;\">34 301<\/td>\n<\/tr>\n<tr>\n<td style=\"width: 472px;\"><strong>France<\/strong><\/td>\n<td style=\"width: 324px;\">29 401<\/td>\n<\/tr>\n<tr>\n<td style=\"width: 472px;\"><strong>Espagne<\/strong><\/td>\n<td style=\"width: 324px;\">27 136<\/td>\n<\/tr>\n<tr>\n<td style=\"width: 472px;\"><strong>Mexique<\/strong><\/td>\n<td style=\"width: 324px;\">16 872<\/td>\n<\/tr>\n<tr>\n<td style=\"width: 472px;\"><strong>Belgique <\/strong><\/td>\n<td style=\"width: 324px;\">9 650<\/td>\n<\/tr>\n<tr>\n<td style=\"width: 472px;\"><strong>Allemagne<\/strong><\/td>\n<td style=\"width: 324px;\">8\u00a0793<\/td>\n<\/tr>\n<tr>\n<td style=\"width: 472px;\"><strong>Iran<\/strong><\/td>\n<td style=\"width: 324px;\">8 730<\/td>\n<\/tr>\n<tr>\n<td style=\"width: 472px;\"><strong>Inde<\/strong><\/td>\n<td style=\"width: 324px;\">9 195<\/td>\n<\/tr>\n<tr>\n<td style=\"width: 472px;\"><strong>Canada<\/strong><\/td>\n<td style=\"width: 324px;\">8 183<\/td>\n<\/tr>\n<tr>\n<td style=\"width: 472px;\"><strong>Russie<\/strong><\/td>\n<td style=\"width: 324px;\">6 819<\/td>\n<\/tr>\n<tr>\n<td style=\"width: 472px;\"><strong>P\u00e9rou<\/strong><\/td>\n<td style=\"width: 324px;\">6 308<\/td>\n<\/tr>\n<tr>\n<td style=\"width: 472px;\"><strong>Pays-Bas<\/strong><\/td>\n<td style=\"width: 324px;\">6\u00a0076<\/td>\n<\/tr>\n<tr>\n<td style=\"width: 472px;\"><strong>Su\u00e8de<\/strong><\/td>\n<td style=\"width: 324px;\">4 874<\/td>\n<\/tr>\n<tr>\n<td style=\"width: 472px;\"><strong>Turquie<\/strong><\/td>\n<td style=\"width: 324px;\">4\u00a0792<\/td>\n<\/tr>\n<tr>\n<td style=\"width: 472px;\"><strong>Chine<\/strong><\/td>\n<td style=\"width: 324px;\">4\u00a0638<\/td>\n<\/tr>\n<tr>\n<td style=\"width: 472px;\"><b>Equateur<\/b><\/td>\n<td style=\"width: 324px;\">3 874<\/td>\n<\/tr>\n<tr>\n<td style=\"width: 472px;\"><strong>Chili<\/strong><\/td>\n<td style=\"width: 324px;\">3 101<\/td>\n<\/tr>\n<tr>\n<td style=\"width: 472px;\"><strong>Pakistan<\/strong><\/td>\n<td style=\"width: 324px;\">2 632<\/td>\n<\/tr>\n<tr>\n<td style=\"width: 472px;\"><strong>Indon\u00e9sie<\/strong><\/td>\n<td style=\"width: 324px;\">2\u00a0091<\/td>\n<\/tr>\n<tr>\n<td style=\"width: 472px;\"><strong>Suisse<\/strong><\/td>\n<td style=\"width: 324px;\">1 938<\/td>\n<\/tr>\n<tr>\n<td style=\"width: 472px;\"><strong>Irlande<\/strong><\/td>\n<td style=\"width: 324px;\">1\u00a0705<\/td>\n<\/tr>\n<tr>\n<td style=\"width: 472px;\"><strong>Colombie<\/strong><\/td>\n<td style=\"width: 324px;\">1 623<\/td>\n<\/tr>\n<tr>\n<td style=\"width: 472px;\"><strong>Portugal<\/strong><\/td>\n<td style=\"width: 324px;\">1 512<\/td>\n<\/tr>\n<tr>\n<td style=\"width: 472px;\"><strong>Egypte<\/strong><\/td>\n<td style=\"width: 324px;\">1 484<\/td>\n<\/tr>\n<tr>\n<td style=\"width: 472px;\"><strong>Roumanie<\/strong><\/td>\n<td style=\"width: 324px;\">1 394<\/td>\n<\/tr>\n<tr>\n<td style=\"width: 472px;\"><strong>Afrique du Sud<\/strong><\/td>\n<td style=\"width: 324px;\">1 423<\/td>\n<\/tr>\n<tr>\n<td style=\"width: 472px;\"><strong>Pologne<\/strong><\/td>\n<td style=\"width: 324px;\">1 237<\/td>\n<\/tr>\n<tr>\n<td style=\"width: 472px;\"><strong>Autres<\/strong><\/td>\n<td style=\"width: 324px;\">27 429<\/td>\n<\/tr>\n<tr>\n<td style=\"width: 472px;\"><strong><u>TOTAL<\/u><\/strong><\/td>\n<td style=\"width: 324px;\"><strong>430 139<\/strong><\/td>\n<\/tr>\n<\/tbody>\n<\/table>\n<p><em>\u00a0Sources : <a href=\"https:\/\/gisanddata.maps.arcgis.com\/apps\/opsdashboard\/index.html#\/bda7594740fd40299423467b48e9ecf6\" target=\"_blank\" rel=\"noopener noreferrer\">Universit\u00e9 John Hopkins<\/a>,\u00a0<a href=\"https:\/\/www.who.int\/emergencies\/diseases\/novel-coronavirus-2019\/situation-reports\" target=\"_blank\" rel=\"noopener noreferrer\">WHO<\/a>,\u00a0<a href=\"https:\/\/www.cdc.gov\/coronavirus\/2019-ncov\/index.html\" target=\"_blank\" rel=\"noopener noreferrer\">CDC<\/a>,\u00a0<a href=\"https:\/\/www.ecdc.europa.eu\/en\/geographical-distribution-2019-ncov-cases\" target=\"_blank\" rel=\"noopener noreferrer\">ECDC<\/a>,\u00a0<a href=\"http:\/\/www.nhc.gov.cn\/xcs\/yqtb\/list_gzbd.shtml\" target=\"_blank\" rel=\"noopener noreferrer\">NHC\u00a0<\/a>and\u00a0<a href=\"https:\/\/3g.dxy.cn\/newh5\/view\/pneumonia?scene=2&amp;clicktime=1579582238&amp;enterid=1579582238&amp;from=singlemessage&amp;isappinstalled=0\" target=\"_blank\" rel=\"noopener noreferrer\">DXY<\/a>.<\/em><\/p>\n<h3><a id=\"cas-coronavirus-monde-chiffres-tableau\" name=\"cas-coronavirus-monde-chiffres-tableau\">Combien de cas de coronavirus dans le monde ?<\/a><\/h3>\n<table border=\"1\" cellpadding=\"1\" cellspacing=\"1\" style=\"width:80%;\">\n<caption>\n<p style=\"text-align: center;\">NOMBRE DE CAS CONFIRM\u00c9S ET PR\u00c9SUM\u00c9S POSITIFS AU\u00a0CORONAVIRUS DANS LES 20 PAYS LES PLUS TOUCH\u00c9S. Dimanche 14\u00a0juin \u00e0 9h50<\/p>\n<\/caption>\n<thead>\n<tr>\n<th scope=\"col\" style=\"text-align: center;\">PAYS<\/th>\n<th scope=\"col\" style=\"text-align: center;\">CAS CONFIRMES DE CORONAVIRUS<\/th>\n<th scope=\"col\" style=\"text-align: center;\">NOMBRE D&rsquo;HABITANTS DANS LE PAYS (en millions)<\/th>\n<\/tr>\n<\/thead>\n<tbody>\n<tr>\n<td style=\"text-align: center; width: 231px;\"><strong>\u00a0Etats-Unis <\/strong><\/td>\n<td style=\"text-align: center;\">\n<h5><strong>2\u00a0074 526<\/strong><\/h5>\n<\/td>\n<td style=\"text-align: center;\">327,2\u00a0<\/td>\n<\/tr>\n<tr>\n<td style=\"text-align: center; width: 231px;\"><strong>Br\u00e9sil<\/strong><\/td>\n<td style=\"text-align: center;\">\n<h5><strong>850 514<\/strong><\/h5>\n<\/td>\n<td style=\"text-align: center;\">211.7<\/td>\n<\/tr>\n<tr>\n<td style=\"text-align: center; width: 231px;\"><strong>Russie<\/strong><\/td>\n<td style=\"text-align: center;\">\n<h5><strong>519 458<\/strong><\/h5>\n<\/td>\n<td style=\"text-align: center;\">144.5<\/td>\n<\/tr>\n<tr>\n<td style=\"text-align: center; width: 231px;\"><strong>Inde<\/strong><\/td>\n<td style=\"text-align: center;\">\n<h5>320 922<\/h5>\n<\/td>\n<td style=\"text-align: center;\">1\u00a0353<\/td>\n<\/tr>\n<tr>\n<td style=\"text-align: center; width: 231px;\"><strong>Royaume-Uni<\/strong><\/td>\n<td style=\"text-align: center;\">\n<h5><strong>295 828<\/strong><\/h5>\n<\/td>\n<td style=\"text-align: center;\">66<\/td>\n<\/tr>\n<tr>\n<td style=\"text-align: center; width: 231px;\"><strong>Espagne<\/strong><\/td>\n<td style=\"text-align: center;\">\n<h5><strong>243 605<\/strong><\/h5>\n<\/td>\n<td style=\"text-align: center;\">47<\/td>\n<\/tr>\n<tr>\n<td style=\"text-align: center; width: 231px;\"><strong>Italie<\/strong><\/td>\n<td style=\"text-align: center;\">\n<h5>236 651<\/h5>\n<\/td>\n<td style=\"text-align: center;\">60,5<\/td>\n<\/tr>\n<tr>\n<td style=\"text-align: center; width: 231px;\"><strong>P\u00e9rou<\/strong><\/td>\n<td style=\"text-align: center;\">\n<h5><strong>220 749<\/strong><\/h5>\n<\/td>\n<td style=\"text-align: center;\">31.9<\/td>\n<\/tr>\n<tr>\n<td style=\"text-align: center; width: 231px;\"><strong>France<\/strong><\/td>\n<td style=\"text-align: center;\">\n<h5><strong>193 746<\/strong><\/h5>\n<\/td>\n<td style=\"text-align: center;\">67<\/td>\n<\/tr>\n<tr>\n<td style=\"text-align: center; width: 231px;\"><strong>Allemagne<\/strong><\/td>\n<td style=\"text-align: center;\">\n<h5><strong>187 267<\/strong><\/h5>\n<\/td>\n<td style=\"text-align: center;\">83<\/td>\n<\/tr>\n<tr>\n<td style=\"text-align: center; width: 231px;\"><strong>Iran<\/strong><\/td>\n<td style=\"text-align: center;\">\n<h5><strong>184 955<\/strong><\/h5>\n<\/td>\n<td style=\"text-align: center;\">81<\/td>\n<\/tr>\n<tr>\n<td style=\"text-align: center; width: 231px;\"><strong>Turquie<\/strong><\/td>\n<td style=\"text-align: center;\">\n<h5><strong>176 677<\/strong><\/h5>\n<\/td>\n<td style=\"text-align: center;\">83<\/td>\n<\/tr>\n<tr>\n<td style=\"text-align: center; width: 231px;\"><strong>Chili<\/strong><\/td>\n<td style=\"text-align: center;\">\n<h5><strong>167 355<\/strong><\/h5>\n<\/td>\n<td style=\"text-align: center;\">18.73<\/td>\n<\/tr>\n<tr>\n<td style=\"text-align: center; width: 231px;\"><strong>Mexique<\/strong><\/td>\n<td style=\"text-align: center;\">\n<h5><strong>142 690<\/strong><\/h5>\n<\/td>\n<td style=\"text-align: center;\">126,2<\/td>\n<\/tr>\n<tr>\n<td style=\"text-align: center; width: 231px;\"><strong>Pakistan<\/strong><\/td>\n<td style=\"text-align: center;\">\n<h5><strong>139 230<\/strong><\/h5>\n<\/td>\n<td style=\"text-align: center;\">212.2<\/td>\n<\/tr>\n<tr>\n<td style=\"text-align: center; width: 231px;\"><strong>Arabie Saoudite<\/strong><\/td>\n<td style=\"text-align: center;\">\n<h5>123 308<\/h5>\n<\/td>\n<td style=\"text-align: center;\">33.7<\/td>\n<\/tr>\n<tr>\n<td style=\"text-align: center; width: 231px;\"><strong>Canada<\/strong><\/td>\n<td style=\"text-align: center;\">\n<h5>100 043<\/h5>\n<\/td>\n<td style=\"text-align: center;\">37.5<\/td>\n<\/tr>\n<tr>\n<td style=\"text-align: center; width: 231px;\"><strong>Chine<\/strong><\/td>\n<td style=\"text-align: center;\">\n<h5><strong>84\u00a0288<\/strong><\/h5>\n<\/td>\n<td style=\"text-align: center;\">1\u00a0386<\/td>\n<\/tr>\n<tr>\n<td style=\"text-align: center; width: 231px;\"><strong>Bangladesh<\/strong><\/td>\n<td style=\"text-align: center;\">\n<h5><strong>84 379<\/strong><\/h5>\n<\/td>\n<td style=\"text-align: center;\">161,4<\/td>\n<\/tr>\n<tr>\n<td style=\"text-align: center; width: 231px;\"><strong>Qatar<\/strong><\/td>\n<td style=\"text-align: center;\">\n<h5>78 416<\/h5>\n<\/td>\n<td style=\"text-align: center;\">2.7<\/td>\n<\/tr>\n<tr>\n<td style=\"text-align: center; width: 231px;\"><strong>Autres pays<\/strong><\/td>\n<td style=\"text-align: center;\">1 719 944<\/td>\n<td style=\"text-align: center;\">\u00a0<\/td>\n<\/tr>\n<tr>\n<td style=\"text-align: center; width: 231px;\"><u><strong>TOTAL<\/strong><\/u><\/td>\n<td style=\"text-align: center;\"><strong>7 787 271<\/strong><\/td>\n<td style=\"text-align: center;\">\u00a0<\/td>\n<\/tr>\n<\/tbody>\n<\/table>\n<blockquote>\n<p style=\"text-align: right;\">\u00a0<\/p>\n<\/blockquote>\n<p>&gt; <strong><a href=\"https:\/\/gisanddata.maps.arcgis.com\/apps\/opsdashboard\/index.html#\/bda7594740fd40299423467b48e9ecf6\" target=\"_blank\" rel=\"noopener noreferrer\">Voir le nombre de cas dans d&rsquo;autres pays\u00a0<\/a><\/strong><\/p>\n<p><em>Sources\u00a0:\u00a0<a href=\"https:\/\/gisanddata.maps.arcgis.com\/apps\/opsdashboard\/index.html#\/bda7594740fd40299423467b48e9ecf6\" target=\"_blank\" rel=\"noopener noreferrer\">Universit\u00e9 John Hopkins<\/a>,\u00a0<a href=\"https:\/\/www.who.int\/emergencies\/diseases\/novel-coronavirus-2019\/situation-reports\" target=\"_blank\" rel=\"noopener noreferrer\">WHO<\/a>,\u00a0<a href=\"https:\/\/www.cdc.gov\/coronavirus\/2019-ncov\/index.html\" target=\"_blank\" rel=\"noopener noreferrer\">CDC<\/a>,\u00a0<a href=\"https:\/\/www.ecdc.europa.eu\/en\/geographical-distribution-2019-ncov-cases\" target=\"_blank\" rel=\"noopener noreferrer\">ECDC<\/a>,\u00a0<a href=\"http:\/\/www.nhc.gov.cn\/xcs\/yqtb\/list_gzbd.shtml\" target=\"_blank\" rel=\"noopener noreferrer\">NHC\u00a0<\/a>and\u00a0<a href=\"https:\/\/3g.dxy.cn\/newh5\/view\/pneumonia?scene=2&amp;clicktime=1579582238&amp;enterid=1579582238&amp;from=singlemessage&amp;isappinstalled=0\" target=\"_blank\" rel=\"noopener noreferrer\">DXY<\/a>.<\/em><\/p>\n<p>Jusqu&rsquo;au 15\u00a0juin, les fronti\u00e8res de l&rsquo;Europe restent ferm\u00e9es. A l&rsquo;ext\u00e9rieur de l&rsquo;Europe, la d\u00e9cision sera prise collectivement \u00e0 cette date. La Belgique a pris les devant, et a annonc\u00e9\u00a0rouvrir ses fronti\u00e8res avec ses voisins europ\u00e9ens le 15\u00a0juin, tandis que l&rsquo;Italie a rouvert ses fronti\u00e8res ce 3 juin. Quant \u00e0 la France, elle<em>\u00ab\u00a0sera favorable \u00e0 une r\u00e9ouverture des fronti\u00e8res \u00e0 compter du 15\u00a0juin sans quatorzaine pour les voyageurs en provenance de pays europ\u00e9ens\u00a0\u00bb<\/em>. Par ailleurs, la fin de l&rsquo;interdiction des 100\u00a0km en France \u00ab\u00a0<em>ne doit pas signifier un rel\u00e2chement de la tension, vous pouvez vous d\u00e9placer mais dans toute\u00a0la mesure du possible, si vous pouvez diff\u00e9rer un d\u00e9placement lointain\u00a0c&rsquo;est probablement plus raisonnable\u00a0\u00bb<\/em> a insist\u00e9 Edouard Philippe.\u00a0Le pr\u00e9sident de la R\u00e9publique avait annonc\u00e9 le 16 mars la <strong>fermeture des fronti\u00e8res de l&rsquo;Europe et de l&rsquo;espace Schengen.\u00a0<\/strong><\/p>\n<p>En <strong>Italie<\/strong>, le <strong>Parquet de Bergame poursuit ses enqu\u00eates <\/strong>sur la gestion de l&rsquo;\u00e9pid\u00e9mie de Covid-19\u00a0et a entendu le chef du gouvernement, Giuseppe Conte vendredi 12 juin sur les retards dans l&rsquo;instauration d&rsquo;une \u00ab\u00a0zone rouge\u00a0\u00bb autour des deux communes Lombardes, Nembro et Alzano Lombardo, particuli\u00e8rement touch\u00e9es par l&rsquo;\u00e9pid\u00e9mie. Les ministres de la Sant\u00e9, Roberto Speranza, et de l&rsquo;Int\u00e9rieur, Luciana Lamorgese pourraient \u00eatre aussi entendus par les magistrats. L<strong>&lsquo;Italie a rouvert\u00a0ses fronti\u00e8res<\/strong>\u00a0le 3 juin et est pr\u00eate \u00e0 accueillir des touristes europ\u00e9ens sans mise en quarantaine obligatoire. Il est autoris\u00e9 de circuler entre les r\u00e9gions mais les grands rassemblements sont toujours interdits. Pr\u00e8s de 6\u00a0semaines apr\u00e8s la lev\u00e9e du confinement, les courbes des nouveaux cas et des nouveaux d\u00e9c\u00e8s sont encourageantes dans le pays. Le bilan de 78 nouveaux d\u00e9c\u00e8s\u00a0enregistr\u00e9s en Italie ces derni\u00e8res 24\u00a0heures, et 56 d\u00e9c\u00e8s hier,\u00a0rappelle que <strong>l&rsquo;\u00e9pid\u00e9mie n&rsquo;est pas \u00e9teinte<\/strong>. Depuis le 21\u00a0f\u00e9vrier, l&rsquo;\u00e9pid\u00e9mie a tu\u00e9 34 301\u00a0personnes dans la p\u00e9ninsule, faisant de l&rsquo;Italie le quatri\u00e8me pays le plus touch\u00e9, derri\u00e8re les Etats-Unis,\u00a0le Royaume-Uni et le Br\u00e9sil.\u00a0A Venise, <strong>les gondoles sont depuis lundi 18\u00a0mai de nouveau\u00a0autoris\u00e9es \u00e0 naviguer<\/strong> sur le Grand Canal.\u00a0Des mesures de distanciation physique doivent toutefois \u00eatre respect\u00e9es \u00e0 bord de la gondole. En revanche, les \u00e9coles restent ferm\u00e9es jusqu&rsquo;en septembre.\u00a0<strong>Le pays avait \u00e9t\u00e9 confin\u00e9\u00a0le lundi 9\u00a0mars.<\/strong>\u00a0\u00a0<strong>Le pic de l&rsquo;\u00e9pid\u00e9mie aurait \u00e9t\u00e9 atteint le 5\u00a0avril.\u00a0<\/strong>Le directeur g\u00e9n\u00e9ral de la Sant\u00e9 en France, J\u00e9r\u00f4me Salomon avait indiqu\u00e9 le 11\u00a0avril que le pays\u00a0<em>\u00ab\u00a0entame une lente, tr\u00e8s lente r\u00e9gression de l&rsquo;\u00e9pid\u00e9mie\u00a0\u00bb.<\/em><\/p>\n<p>Selon le dernier bilan du samedi 13\u00a0juin, l&rsquo;Espagne n&rsquo;enregistre aucun\u00a0nouveau\u00a0d\u00e9c\u00e8s li\u00e9s au Covid-19, soit un bilan de\u00a0<strong>27\u00a0136\u00a0morts<\/strong>.\u00a0<strong>L&rsquo;\u00e9tat d&rsquo;alerte\u00a0limitant\u00a0la circulation en Espagne\u00a0est prolong\u00e9 une derni\u00e8re fois jusqu&rsquo;au 21\u00a0juin<\/strong> a annonc\u00e9 le chef du gouvernement espagnol le 31 mai. Les Espagnols esp\u00e9raient pouvoir sortir de leur province le 7 juin. La date est donc report\u00e9e de 15 jours. Pedro Sanchez souligne une sortie des \u00e9tapes du\u00a0d\u00e9confinement pour le 1er juillet \u00ab\u00a0<em>s&rsquo;il n&rsquo;y a pas de changement dans l&rsquo;\u00e9volution de l&rsquo;\u00e9pid\u00e9mie<\/em>\u00ab\u00a0. Le ministre de la Sant\u00e9 espagnol Salvador Illa a annonc\u00e9 ce mardi que le <strong>port du masque<\/strong> restera obligatoire apr\u00e8s la lev\u00e9e de l&rsquo;\u00e9tat d&rsquo;alerte le 21\u00a0juin et \u00a0\u00bb <em>jusqu&rsquo;\u00e0 ce que nous ayons d\u00e9finitivement vaincu le virus, c&rsquo;est-\u00e0-dire quand nous disposerons d&rsquo;une th\u00e9rapie efficace ou d&rsquo;un vaccin.<\/em>\u00a0\u00bb\u00a0Rappelons que le <strong>port du masque est obligatoire dans tous les lieux publics<\/strong> (rues, commerces&#8230;) pour toutes les personnes \u00e2g\u00e9es de plus de 6\u00a0ans, qui ne peuvent respecter une distanciation physique avec autrui au-moins de 2\u00a0m\u00e8tres.\u00a0Par ailleurs, l&rsquo;Espagne a d\u00e9cid\u00e9 de\u00a0<strong>mettre en quatorzaine\u00a0toute personne de l&rsquo;\u00e9tranger arrivant sur son territoire, depuis\u00a0vendredi 15\u00a0mai.<\/strong>\u00a0Ces personnes plac\u00e9es \u00e0 l&rsquo;isolement ne seront autoris\u00e9es \u00e0 sortir que pour acheter des produits de premi\u00e8re n\u00e9cessit\u00e9 ou se faire soigner, et ce toujours en portant un masque. Les commerces et les terrasses ont rouvert dans le pays. A\u00a0Madrid et\u00a0Barcelone, les terrasses et espaces verts ont \u00e9galement rouvert. L&rsquo;Espagne reste l&rsquo;un des pays les plus touch\u00e9s au monde par la pand\u00e9mie. Le 26 avril, les Espagnols ont \u00e9t\u00e9 autoris\u00e9s \u00e0 sortir de chez eux pour se promener une heure\u00a0avec un adulte pour les enfants et, depuis samedi 2\u00a0mai, avec l&rsquo;autorisation pour les plus de 14\u00a0ans de faire du sport individuellement ou se promener sous conditions strictes.\u00a0Les<strong> \u00e9coles sont ferm\u00e9es jusqu&rsquo;en septembre.<\/strong><\/p>\n<p><u><strong>Autres actualit\u00e9s li\u00e9es au coronavirus\u00a0:\u00a0<\/strong><\/u><\/p>\n<table border=\"1\" cellpadding=\"1\" cellspacing=\"1\" style=\"width:100%;\">\n<thead>\n<tr>\n<th scope=\"col\" style=\"text-align: center;\"><strong>DATES CL\u00c9S DE L&rsquo;\u00c9PID\u00c9MIE<\/strong><\/th>\n<\/tr>\n<\/thead>\n<tbody>\n<tr>\n<td>\n<ul>\n<li><strong>Le 31\u00a0d\u00e9cembre 2019,<\/strong> l&rsquo;Organisation mondiale de la Sant\u00e9 en Chine est inform\u00e9e de plusieurs cas de pneumonies dans la ville de Wuhan. 44\u00a0personnes sont infect\u00e9es entre cette date et le 3\u00a0janvier 2020.<\/li>\n<li><strong>Le 7\u00a0janvier 2020, <\/strong>les autorit\u00e9s chinoises identifient un \u00ab\u00a0nouveau type de coronavirus\u00a0\u00bb.<\/li>\n<li><strong>Le 13\u00a0janvier, <\/strong>un cas import\u00e9 est recens\u00e9 en Tha\u00eflande.<\/li>\n<li><strong>Le 15\u00a0janvier<\/strong>, le virus cause\u00a0la mort d&rsquo;<strong>une premi\u00e8re\u00a0personne \u00e0 Wuhan<\/strong>, un homme de 69\u00a0ans.\u00a0<\/li>\n<li><strong>Le 23\u00a0janvier,<\/strong> trois villes chinoises dont Wuhan sont plac\u00e9es en quarantaine.<\/li>\n<li><strong>Le 25\u00a0janvier, trois personnes\u00a0contamin\u00e9es sont recens\u00e9es en France<\/strong>, deux \u00e0 Paris et une Bordeaux. Ce sont les premiers cas enregistr\u00e9s sur le continent europ\u00e9en.<\/li>\n<li><strong>Le 30\u00a0janvier, <\/strong>l&rsquo;Organisation mondiale de la Sant\u00e9 <strong>d\u00e9cr\u00e8te\u00a0l&rsquo;<a href=\"https:\/\/sante.journaldesfemmes.fr\/fiches-maladies\/2608035-urgence-de-sante-publique-de-portee-internationale-definition-oms-coronavirus\/\" target=\"_blank\" rel=\"noopener noreferrer\">urgence de sant\u00e9 mondiale<\/a><\/strong>.\u00a0Cette mesure n&rsquo;avait \u00e9t\u00e9 d\u00e9cr\u00e9t\u00e9e que 5\u00a0fois depuis sa cr\u00e9ation (pour Ebola (deux fois), la grippe H1N1, Zika et la poliomy\u00e9lite).\u00a0<\/li>\n<li><strong>Le 23 f\u00e9vrier, <\/strong>la France d\u00e9clenche le <a href=\"https:\/\/sante.journaldesfemmes.fr\/fiches-maladies\/2622449-plan-orsan-reb-definition-signification-qui-declenche-coronavirus-definition-duree\/\" target=\"_blank\" rel=\"noopener noreferrer\">plan ORSAN<\/a>, un dispositif exceptionnel d&rsquo;organisation des soins.<\/li>\n<li><strong>Le 28 f\u00e9vrier,<\/strong> la France passe en stade 2 de l&rsquo;\u00e9pid\u00e9mie.<\/li>\n<li><strong>Le 11 mars, <\/strong>l&rsquo;OMS classifie de <strong>pand\u00e9mie <\/strong>la diffusion de la maladie \u00e0 coronavirus Covid-19 dans le monde.<\/li>\n<li><strong>Le 12\u00a0mars<\/strong>, le pr\u00e9sident de la R\u00e9publique Emmanuel Macron annonce la fermeture nationale des cr\u00e8ches et \u00e9tablissements scolaires de France \u00e0 compter du 16\u00a0mars et \u00ab\u00a0jusqu&rsquo;\u00e0 nouvel ordre\u00a0\u00bb.<\/li>\n<li><strong>Le 13 mars<\/strong>, l&rsquo;OMS d\u00e9signe d\u00e9sormais l&rsquo;Europe comme \u00e9picentre.<\/li>\n<li><strong>Le 14 mars<\/strong>, la France passe au <a href=\"https:\/\/sante.journaldesfemmes.fr\/fiches-maladies\/2625289-coronavirus-stade-3-duree-mesure-france-stade-4-c-est-quoi\/\" target=\"_blank\" rel=\"noopener noreferrer\"><strong>stade 3 <\/strong><\/a>de l&rsquo;\u00e9pid\u00e9mie.<\/li>\n<li><strong>Le 16 mars, <\/strong>l&rsquo;Europe <a href=\"http:\/\/www.affinite.fr\/index.php\/2022\/10\/22\/la-creme-glacee-la-nouvelle-culture-commerciale\/\">ferme<\/a> ses fronti\u00e8res ainsi que celles de l&rsquo;espace Schengen. La France met en place un dispositif de confinement interdisant les d\u00e9placements.<\/li>\n<li><strong>Le\u00a018\u00a0mars<\/strong> le premier transfert de patients Covid-19 en France est r\u00e9alis\u00e9\u00a0gr\u00e2ce \u00e0 l&rsquo;Arm\u00e9e, par voie terrestre et a\u00e9rienne.\u00a0<\/li>\n<li><strong>Le 20 mars<\/strong>, plusieurs villes fran\u00e7aises, dont Nice, Montpellier, Perpignan, Arras&#8230; imposent un <strong>couvre-feu<\/strong> le soir et la nuit.<\/li>\n<li><strong>Le 26 mars<\/strong>, un premier cas jeune meurt en France, une adolescente de 16 ans, en Ile-de-France originaire de Morsang-sur-Orge.<\/li>\n<li><strong>Le 27 mars,<\/strong> le confinement de la population fran\u00e7aise est renouvel\u00e9 jusqu&rsquo;au 15 avril.<\/li>\n<li><strong>Le 2 avril,<\/strong>\u00a0le <strong>million de cas<\/strong> de coronavirus dans le monde est d\u00e9pass\u00e9, et plus de 51.000\u00a0morts, selon le d\u00e9compte de l&rsquo;h\u00f4pital am\u00e9ricain de r\u00e9f\u00e9rence Johns-Hopkins.<\/li>\n<li><strong>Le 13 avril,<\/strong> Emmanuel Macron annonce le prolongement du confinement jusqu&rsquo;au 11 mai.<\/li>\n<li><strong>Le 15 avril,<\/strong> le cap des <strong>2 millions de cas<\/strong>\u00a0de coronavirus dans le monde est franchi, et pr\u00e8s de 129 000 d\u00e9c\u00e8s, selon les chiffres donn\u00e9es par\u00a0l&rsquo;h\u00f4pital am\u00e9ricain de r\u00e9f\u00e9rence Johns-Hopkins.<\/li>\n<li><strong>Le 27 avril,<\/strong> <strong>3\u00a0millions de cas<\/strong>\u00a0de coronavirus sont r\u00e9pertori\u00e9s dans le monde, et plus de 208\u00a0000\u00a0d\u00e9c\u00e8s, selon les chiffres donn\u00e9es par\u00a0l&rsquo;h\u00f4pital am\u00e9ricain de r\u00e9f\u00e9rence Johns-Hopkins.<\/li>\n<li><strong>Le 28 avril,<\/strong> le gouvernement fran\u00e7ais pr\u00e9sente son plan de d\u00e9confinement valable \u00e0 partir du 11 mai.<\/li>\n<li><strong>Le 11 mai, <\/strong>la France commence son d\u00e9confinement.<\/li>\n<li><strong>Le 21 mai,\u00a05\u00a0millions de cas<\/strong>\u00a0de coronavirus sont r\u00e9pertori\u00e9s dans le monde, et plus de 329 800\u00a0d\u00e9c\u00e8s, selon les chiffres donn\u00e9es par\u00a0l&rsquo;h\u00f4pital am\u00e9ricain de r\u00e9f\u00e9rence Johns-Hopkins.<\/li>\n<li><strong>Le 28 mai, <\/strong>le Premier ministre Edouard Philippe annonce les mesures de la phase 2 du d\u00e9confinement en France en vigueur du 2 au 22 juin.<\/li>\n<li><strong>Le 31 mai, 6\u00a0millions de cas<\/strong>\u00a0de coronavirus sont r\u00e9pertori\u00e9s dans le monde, et plus de 369 244\u00a0d\u00e9c\u00e8s, selon les chiffres donn\u00e9es par\u00a0l&rsquo;h\u00f4pital am\u00e9ricain de r\u00e9f\u00e9rence Johns-Hopkins.<\/li>\n<li><strong>Le 7 juin, le cap des 400 000 morts<\/strong> est franchi (400 792) dans le monde et pr\u00e8s de 7 millions de cas (6 944 916),\u00a0selon les chiffres donn\u00e9es par\u00a0l&rsquo;h\u00f4pital am\u00e9ricain de r\u00e9f\u00e9rence Johns-Hopkins.<\/li>\n<\/ul>\n<\/td>\n<\/tr>\n<\/tbody>\n<\/table>\n<p><em>Cet article est mis \u00e0 jour quotidiennement par <a href=\"https:\/\/www.journaldesfemmes.fr\/account\/ablaize-11409696\" target=\"_blank\" rel=\"noopener noreferrer\">Aur\u00e9lie Blaize<\/a>, <a href=\"https:\/\/www.journaldesfemmes.fr\/account\/anaisthiebaux-10573564\" target=\"_blank\" rel=\"noopener noreferrer\">Ana\u00efs Thi\u00e9baux<\/a> et <a href=\"https:\/\/www.journaldesfemmes.fr\/account\/samanthapages-11598093\" target=\"_blank\" rel=\"noopener noreferrer\">Samantha Pag\u00e8s<\/a>.\u00a0<\/em><\/p>\n<\/div>\n<p>[ad_2]<br \/>\n<br \/><a href=\"https:\/\/sante.journaldesfemmes.fr\/maladies\/2605417-coronavirus-france-situation-evolution-epidemie-cluster-monde-etats-unis-infos-actu-deconfinement-italie-chine-marche-rebond\/\">Source link <\/a><\/p>\n","protected":false},"excerpt":{"rendered":"<p>[ad_1] [Mise \u00e0 jour le dimanche 14\u00a0juin \u00e0 09h55]\u00a0La pand\u00e9mie de coronavirus poursuit sa\u00a0d\u00e9crue en France mais s&rsquo;aggrave dans d&rsquo;autres &hellip; <a href=\"http:\/\/www.affinite.fr\/index.php\/2020\/06\/14\/rebond-de-la-pandemie-ou-sont-les-nouveaux-cas\/\" class=\"more-link\">Plus <span class=\"screen-reader-text\">rebond de la pand\u00e9mie, o\u00f9 sont les nouveaux cas\u00a0?<\/span> <span class=\"meta-nav\">&rarr;<\/span><\/a><\/p>\n","protected":false},"author":1,"featured_media":4025,"comment_status":"open","ping_status":"open","sticky":false,"template":"","format":"standard","meta":{"_sitemap_exclude":false,"_sitemap_priority":"","_sitemap_frequency":"","footnotes":""},"categories":[1],"tags":[],"class_list":["post-4024","post","type-post","status-publish","format-standard","has-post-thumbnail","hentry","category-tous"],"_links":{"self":[{"href":"http:\/\/www.affinite.fr\/index.php\/wp-json\/wp\/v2\/posts\/4024"}],"collection":[{"href":"http:\/\/www.affinite.fr\/index.php\/wp-json\/wp\/v2\/posts"}],"about":[{"href":"http:\/\/www.affinite.fr\/index.php\/wp-json\/wp\/v2\/types\/post"}],"author":[{"embeddable":true,"href":"http:\/\/www.affinite.fr\/index.php\/wp-json\/wp\/v2\/users\/1"}],"replies":[{"embeddable":true,"href":"http:\/\/www.affinite.fr\/index.php\/wp-json\/wp\/v2\/comments?post=4024"}],"version-history":[{"count":0,"href":"http:\/\/www.affinite.fr\/index.php\/wp-json\/wp\/v2\/posts\/4024\/revisions"}],"wp:featuredmedia":[{"embeddable":true,"href":"http:\/\/www.affinite.fr\/index.php\/wp-json\/wp\/v2\/media\/4025"}],"wp:attachment":[{"href":"http:\/\/www.affinite.fr\/index.php\/wp-json\/wp\/v2\/media?parent=4024"}],"wp:term":[{"taxonomy":"category","embeddable":true,"href":"http:\/\/www.affinite.fr\/index.php\/wp-json\/wp\/v2\/categories?post=4024"},{"taxonomy":"post_tag","embeddable":true,"href":"http:\/\/www.affinite.fr\/index.php\/wp-json\/wp\/v2\/tags?post=4024"}],"curies":[{"name":"wp","href":"https:\/\/api.w.org\/{rel}","templated":true}]}}