{"id":4016,"date":"2020-06-13T21:18:44","date_gmt":"2020-06-13T21:18:44","guid":{"rendered":"https:\/\/www.affinite.fr\/index.php\/2020\/06\/13\/tres-prometteur-en-photo-le-sony-xperia-1-ii-sera-lun-des-smartphones-les-plus-chers-du-marche\/"},"modified":"2020-06-13T21:18:44","modified_gmt":"2020-06-13T21:18:44","slug":"tres-prometteur-en-photo-le-sony-xperia-1-ii-sera-lun-des-smartphones-les-plus-chers-du-marche","status":"publish","type":"post","link":"http:\/\/www.affinite.fr\/index.php\/2020\/06\/13\/tres-prometteur-en-photo-le-sony-xperia-1-ii-sera-lun-des-smartphones-les-plus-chers-du-marche\/","title":{"rendered":"Tr\u00e8s prometteur en photo, le Sony Xperia 1 II sera l\u2019un des smartphones les plus chers du march\u00e9"},"content":{"rendered":"<p> [ad_1]<br \/>\n<br \/><img decoding=\"async\" src=\"https:\/\/img.bfmtv.com\/i\/0\/0\/349\/daae0618330cdac2ab5f6e4ed3c6b.jpg\" \/><\/p>\n<div itemprop=\"articleBody\">\n<p>Sony d\u00e9gaine son nouveau fleuron haut de gamme. Apr\u00e8s l\u2019avoir pr\u00e9sent\u00e9 en f\u00e9vrier, le constructeur japonais a livr\u00e9 ce 10 juin lors d\u2019une conf\u00e9rence en ligne les d\u00e9tails techniques <a href=\"https:\/\/www.01net.com\/actualites\/xperia-1-ii-le-smartphone-219-de-sony-passe-a-la-5g-et-s-inspire-de-ses-hybrides-en-photo-1863141.html\" target=\"_blank\" rel=\"noopener noreferrer\">de son Xperia 1 II <\/a>(\u00e0 prononcer \u00ab\u00a0mark 2\u00a0\u00bb, comme pour ses appareils photo).<\/p>\n<p>Dot\u00e9 d\u2019un triple module cam\u00e9ra, <a href=\"https:\/\/www.01net.com\/actualites\/xperia-1-mark-ii-les-smartphones-de-sony-sont-ils-enfin-serieux-en-photo-1863435.html\" target=\"_blank\" rel=\"noopener noreferrer\">il profite enfin pleinement des talents de Sony dans le monde photographique<\/a>, gr\u00e2ce \u00e0 sa division Alpha. De quoi esp\u00e9rer enfin des performances photo dignes de ce nom, alors que Sony a toujours \u00e9t\u00e9 paradoxalement en retrait de la concurrence dans ce domaine.<\/p>\n<h3 style=\"color:#333; font-family:arial,helvetica,sans-serif; font-size:23px; font-weight:700\">Le retour de la prise jack<\/h3>\n<p>Autre surprise, le Xperia 1 II retrouve aussi une prise jack 3,5 mm. L\u00e0 encore, la marque veut profiter de son savoir-faire en audio pour proposer un smartphone d\u00e9codant un maximum de formats audio, dont plusieurs estampill\u00e9s \u00ab\u00a0Hi-Res\u00a0\u00bb, sans compression aucune. On pourra en profiter \u00e0 nouveau en Bluetooth ou de mani\u00e8re filaire, le mode de transmission pr\u00e9f\u00e9r\u00e9 des audiophiles.<\/p>\n<p>Enfin, la 5G fait son apparition dans ce mod\u00e8le, gr\u00e2ce \u00e0 l\u2019int\u00e9gration du SoC Snapdragon 865 de Qualcomm. Ce smartphone est \u00e9tanche (IP68) et propose la recharge sans fil Qi.<\/p>\n<aside class=\"bg-color-0 padding-inside-all-s bloc border-s\">\n<h4 class=\"box-txt-normal\">\n<p><strong>A d\u00e9couvrir aussi en vid\u00e9o<\/strong><\/p>\n<\/h4>\n<\/aside>\n<p>Reste la question \u00e9pineuse du prix sur lequel Sony n\u2019y va clairement pas \u00e0 moiti\u00e9. Le Xperia 1 II sera en effet disponible d\u00e8s le 19 juin et commercialis\u00e9&#8230; 1\u00a0199 euros. Une offre promotionnelle incluant gratuitement l\u2019excellent casque WH-1000WM3 est, quant \u00e0 elle, propos\u00e9e jusqu\u2019au 31 juillet.<\/p>\n<\/p><\/div>\n<p><script>\n         !function(f,b,e,v,n,t,s){if(f.fbq)return;n=f.fbq=function()\n         {n.callMethod? n.callMethod.apply(n,arguments):n.queue.push(arguments)}\n         ;if(!f._fbq)f._fbq=n;\n             n.push=n;n.loaded=!0;n.version='2.0';n.queue=[];t=b.createElement(e);t.async=!0;\n             t.src=v;s=b.getElementsByTagName(e)[0];s.parentNode.insertBefore(t,s)}(window,\n                 document,'script','https:\/\/connect.facebook.net\/en_US\/fbevents.js');\n         fbq('init', '1065890633454496');\n         fbq('track', 'PageView');\n     <\/script><br \/>\n<br \/>[ad_2]<br \/>\n<br \/><a href=\"https:\/\/www.01net.com\/actualites\/tres-prometteur-en-photo-le-sony-xperia-1-ii-sera-l-un-des-smartphones-les-plus-chers-du-marche-1931371.html\">Source link <\/a><\/p>\n","protected":false},"excerpt":{"rendered":"<p>[ad_1] Sony d\u00e9gaine son nouveau fleuron haut de gamme. Apr\u00e8s l\u2019avoir pr\u00e9sent\u00e9 en f\u00e9vrier, le constructeur japonais a livr\u00e9 ce &hellip; <a href=\"http:\/\/www.affinite.fr\/index.php\/2020\/06\/13\/tres-prometteur-en-photo-le-sony-xperia-1-ii-sera-lun-des-smartphones-les-plus-chers-du-marche\/\" class=\"more-link\">Plus <span class=\"screen-reader-text\">Tr\u00e8s prometteur en photo, le Sony Xperia 1 II sera l\u2019un des smartphones les plus chers du march\u00e9<\/span> <span class=\"meta-nav\">&rarr;<\/span><\/a><\/p>\n","protected":false},"author":1,"featured_media":4017,"comment_status":"open","ping_status":"open","sticky":false,"template":"","format":"standard","meta":{"_sitemap_exclude":false,"_sitemap_priority":"","_sitemap_frequency":"","footnotes":""},"categories":[1],"tags":[],"class_list":["post-4016","post","type-post","status-publish","format-standard","has-post-thumbnail","hentry","category-tous"],"_links":{"self":[{"href":"http:\/\/www.affinite.fr\/index.php\/wp-json\/wp\/v2\/posts\/4016"}],"collection":[{"href":"http:\/\/www.affinite.fr\/index.php\/wp-json\/wp\/v2\/posts"}],"about":[{"href":"http:\/\/www.affinite.fr\/index.php\/wp-json\/wp\/v2\/types\/post"}],"author":[{"embeddable":true,"href":"http:\/\/www.affinite.fr\/index.php\/wp-json\/wp\/v2\/users\/1"}],"replies":[{"embeddable":true,"href":"http:\/\/www.affinite.fr\/index.php\/wp-json\/wp\/v2\/comments?post=4016"}],"version-history":[{"count":0,"href":"http:\/\/www.affinite.fr\/index.php\/wp-json\/wp\/v2\/posts\/4016\/revisions"}],"wp:featuredmedia":[{"embeddable":true,"href":"http:\/\/www.affinite.fr\/index.php\/wp-json\/wp\/v2\/media\/4017"}],"wp:attachment":[{"href":"http:\/\/www.affinite.fr\/index.php\/wp-json\/wp\/v2\/media?parent=4016"}],"wp:term":[{"taxonomy":"category","embeddable":true,"href":"http:\/\/www.affinite.fr\/index.php\/wp-json\/wp\/v2\/categories?post=4016"},{"taxonomy":"post_tag","embeddable":true,"href":"http:\/\/www.affinite.fr\/index.php\/wp-json\/wp\/v2\/tags?post=4016"}],"curies":[{"name":"wp","href":"https:\/\/api.w.org\/{rel}","templated":true}]}}