{"id":4004,"date":"2020-06-13T16:11:08","date_gmt":"2020-06-13T16:11:08","guid":{"rendered":"https:\/\/www.affinite.fr\/index.php\/2020\/06\/13\/amazon-ne-fournira-plus-son-logiciel-de-reconnaissance-faciale-a-la-police-pendant-un-an\/"},"modified":"2020-06-13T16:11:08","modified_gmt":"2020-06-13T16:11:08","slug":"amazon-ne-fournira-plus-son-logiciel-de-reconnaissance-faciale-a-la-police-pendant-un-an","status":"publish","type":"post","link":"http:\/\/www.affinite.fr\/index.php\/2020\/06\/13\/amazon-ne-fournira-plus-son-logiciel-de-reconnaissance-faciale-a-la-police-pendant-un-an\/","title":{"rendered":"Amazon ne fournira plus son logiciel de reconnaissance faciale \u00e0 la police&#8230; pendant un an"},"content":{"rendered":"<p> [ad_1]<br \/>\n<br \/><img decoding=\"async\" src=\"https:\/\/img.bfmtv.com\/i\/0\/0\/f6d\/18ddb8cc34d621bc19dbe116a7775.jpg\" \/><\/p>\n<div itemprop=\"articleBody\">\n<p>Apr\u00e8s <a href=\"https:\/\/www.01net.com\/actualites\/ibm-arrete-de-travailler-sur-la-reconnaissance-faciale-par-crainte-d-abus-raciaux-1929898.html\" target=\"_blank\" rel=\"noopener noreferrer\">IBM<\/a>, Amazon met un coup d&rsquo;arr\u00eat \u00e0 l&rsquo;utilisation\u00a0de la\u00a0reconnaissance faciale.\u00a0La soci\u00e9t\u00e9 de Jeff Bezos\u00a0a annonc\u00e9, mercredi 10 juin, la mise en place d&rsquo;un moratoire autour de l&rsquo;usage par la\u00a0police am\u00e9ricaine de son logiciel de reconnaissance faciale. Pendant un an, les services de police ne pourront, donc, plus utiliser \u00ab\u00a0Rekognition\u00a0\u00bb.<\/p>\n<h3 style=\"color:#333; font-family:arial,helvetica,sans-serif; font-size:23px; font-weight:700\">Des craintes attis\u00e9es par la mort de George Floyd<\/h3>\n<p>Cette d\u00e9cision marque l&rsquo;apog\u00e9e\u00a0d\u2019une bataille de deux ans qui opposait\u00a0Amazon et des\u00a0militants d\u00e9fenseurs des libert\u00e9s civiles. Ces collectifs avaient exprim\u00e9 leurs inqui\u00e9tudes \u00e0 propos des correspondances inexactes \u00e9tablies par le logiciel, qui pouvaient conduire \u00e0 des arrestations injustes.<\/p>\n<p>Une \u00e9tude ant\u00e9rieure avait montr\u00e9\u00a0que le logiciel d\u2019Amazon avait du mal \u00e0 identifier le sexe des personnes non-blanches &#8211; des r\u00e9sultats contest\u00e9s par l\u2019entreprise. Le constat est pourtant \u00e9tay\u00e9 par <a href=\"https:\/\/www.01net.com\/actualites\/imagenet-roulette-un-projet-qui-revele-les-pires-biais-des-ia-avec-un-simple-selfie-1773155.html#content\/contribution\/edit\" target=\"_blank\" rel=\"noopener noreferrer\">plusieurs exemples<\/a>. La\u00a0mort de George Floyd, le 25 mai dernier \u00e0\u00a0Minneapolis, a attis\u00e9 ces craintes.<\/p>\n<h3 style=\"color:#333; font-family:arial,helvetica,sans-serif; font-size:23px; font-weight:700\">Amazon d\u00e9clare vouloir \u00ab aider \u00bb le Congr\u00e8s<\/h3>\n<p>Dans un communiqu\u00e9,\u00a0re\u00e7u\u00a0par <em>Reuters<\/em>, Amazon a d\u00e9clar\u00e9 avoir pouss\u00e9 \u00e0\u00a0encadrer\u00a0cette technologie pour assurer une utilisation \u00e9thique de son logiciel \u00ab\u00a0Rekognition\u00a0\u00bb.<\/p>\n<blockquote>\n<p>\u00ab\u00a0<em>Nous esp\u00e9rons que ce moratoire d\u2019un an donnera au Congr\u00e8s suffisamment de temps pour mettre en \u0153uvre des r\u00e8gles appropri\u00e9es, et nous sommes pr\u00eats \u00e0 aider, si on nous le demande<\/em>\u00a0\u00bb, a affirm\u00e9 la soci\u00e9t\u00e9 qui vend sa technologie\u00a0dans le\u00a0<em>cloud<\/em> via Amazon Web Services.<\/p>\n<\/blockquote>\n<p>Depuis plusieurs mois, le Congr\u00e8s am\u00e9ricain \u00e9tudie la\u00a0possibilit\u00e9 de r\u00e9glementer\u00a0cette technologie. Face aux biais racistes et aux critiques, IBM et Amazon montrent patte blanche, mais de son c\u00f4t\u00e9\u00a0Microsoft,\u00a0 leur rival sur le march\u00e9, ne bouge pas. La soci\u00e9t\u00e9, qui ne souhaite pas commenter,\u00a0a refus\u00e9 certaines ventes et soutenu la demande de\u00a0r\u00e9glementation, mais n&rsquo;a pas lanc\u00e9 de moratoire.<\/p>\n<aside class=\"bg-color-0 padding-inside-all-s bloc border-s\">\n<h4 class=\"box-txt-normal\">\n<p><strong>\u00c0 d\u00e9couvrir aussi en vid\u00e9o<\/strong><\/p>\n<\/h4>\n<\/aside>\n<h3 style=\"color:#333; font-family:arial,helvetica,sans-serif; font-size:23px; font-weight:700\">\u00ab\u00a0Le pouvoir sans pr\u00e9c\u00e9dent de nous espionner\u00a0\u00bb<\/h3>\n<p>Interrog\u00e9e par <em>Reuters,\u00a0<\/em>Nicole Ozer, directrice des\u00a0technologies et des libert\u00e9s civiles de l\u2019<em>American Civil Liberties Union of Northern California<\/em>, se r\u00e9jouit de la d\u00e9cision d&rsquo;Amazon tout en r\u00e9clamant un moratoire plus \u00ab\u00a0g\u00e9n\u00e9ral\u00a0\u00bb.\u00a0<\/p>\n<blockquote>\n<p>\u00ab\u00a0<em>La technologie de reconnaissance faciale donne aux gouvernements le pouvoir sans pr\u00e9c\u00e9dent de nous espionner<\/em>\u00a0\u00bb, a insist\u00e9 Nicole Ozer dans un communiqu\u00e9.\u00a0\u00ab\u00a0<em>Nous exhortons Microsoft et d\u2019autres entreprises \u00e0 se joindre \u00e0 IBM, Google et Amazon pour se diriger vers le bon c\u00f4t\u00e9 de l\u2019histoire.<\/em>\u00a0\u00bb<\/p>\n<\/blockquote>\n<p>N\u00e9anmoins,\u00a0Amazon a affirm\u00e9\u00a0continuer\u00a0\u00e0 vendre cette technologie \u00e0\u00a0des clients qui collaborent avec les forces de l\u2019ordre pour\u00a0retrouver les victimes de la traite des personnes.<\/p>\n<h3 style=\"color:#333; font-family:arial,helvetica,sans-serif; font-size:23px; font-weight:700\">Amazon\u00a0\u00ab\u00a0nous jetait sous les bus\u00a0\u00bb<\/h3>\n<p>M\u00eame si l&rsquo;annonce d&rsquo;Amazon ne concerne que l&rsquo;utilisation par la\u00a0police de cette technologie, la soci\u00e9t\u00e9 de Jeff Bezos\u00a0est aussi importante dans la symbolique que sur le march\u00e9. L&rsquo;entreprise est un acteur de poids. Selon <em>Reuters<\/em>, pour la soci\u00e9t\u00e9 les ventes de\u00a0\u00ab\u00a0Rekognition\u00a0\u00bb\u00a0repr\u00e9sentent\u00a0environ 3\u00a0millions de dollars.<\/p>\n<p>Mais, la d\u00e9marche ne convainc pas sur tous les fronts. Un utilisateur au sein des services de\u00a0police a d\u00e9clar\u00e9 \u00e0 <em>Reuters<\/em> qu\u2019avec son logiciel Amazon \u00ab\u00a0<em>nous jetait sous les bus<\/em>\u00a0\u00bb, m\u00eame si\u00a0les autorit\u00e9s\u00a0assurent qu&rsquo;ils utilisent g\u00e9n\u00e9ralement la reconnaissance faciale pour les enqu\u00eates post-crime, et non pour de la surveillance en temps r\u00e9el.<\/p>\n<blockquote>\n<p>\u00ab\u00a0<em>Apr\u00e8s avoir r\u00e9p\u00e9t\u00e9 \u00e0 maintes reprises qu\u2019ils \u00e9taient \u00e0 nos c\u00f4t\u00e9s et comment utiliser la technologie, <\/em>[Amazon, NDLR]<em>\u00a0donne\u00a0l\u2019impression, tout \u00e0 coup, qu&rsquo;ils pensent que nous ne l\u2019utilisons pas correctement<\/em>\u00a0\u00bb, a-t-il d\u00e9clar\u00e9, sous couvert d\u2019anonymat.<\/p>\n<\/blockquote>\n<p>En France, la technologie fait aussi d\u00e9bat. La Commission nationale de l&rsquo;informatique et des libert\u00e9s a, elle aussi, demand\u00e9 \u00e0 <a href=\"http:\/\/www.01net.com\/actualites\/la-cnil-appelle-a-un-encadrement-strict-et-urgent-de-l-utilisation-de-la-reconnaissance-faciale-en-france-1808675.html\" target=\"_blank\" rel=\"noopener noreferrer\">l&rsquo;encadrer strictement et urgemment<\/a>.\u00a0<\/p>\n<p><strong>Source<\/strong> : <a href=\"https:\/\/www.reuters.com\/article\/us-amazon-com-facial-recognition\/amazon-pauses-police-use-of-its-facial-recognition-tech-for-a-year-idUSKBN23H3EO?feedType=RSS&amp;feedName=technologyNews\" target=\"_blank\" rel=\"noopener noreferrer\">Reuters<\/a><\/p>\n<\/p><\/div>\n<p><script>\n         !function(f,b,e,v,n,t,s){if(f.fbq)return;n=f.fbq=function()\n         {n.callMethod? n.callMethod.apply(n,arguments):n.queue.push(arguments)}\n         ;if(!f._fbq)f._fbq=n;\n             n.push=n;n.loaded=!0;n.version='2.0';n.queue=[];t=b.createElement(e);t.async=!0;\n             t.src=v;s=b.getElementsByTagName(e)[0];s.parentNode.insertBefore(t,s)}(window,\n                 document,'script','https:\/\/connect.facebook.net\/en_US\/fbevents.js');\n         fbq('init', '1065890633454496');\n         fbq('track', 'PageView');\n     <\/script><br \/>\n<br \/>[ad_2]<br \/>\n<br \/><a href=\"https:\/\/www.01net.com\/actualites\/amazon-ne-fournira-plus-son-logiciel-de-reconnaissance-faciale-a-la-police-pendant-un-an-1931323.html\">Source link <\/a><\/p>\n","protected":false},"excerpt":{"rendered":"<p>[ad_1] Apr\u00e8s IBM, Amazon met un coup d&rsquo;arr\u00eat \u00e0 l&rsquo;utilisation\u00a0de la\u00a0reconnaissance faciale.\u00a0La soci\u00e9t\u00e9 de Jeff Bezos\u00a0a annonc\u00e9, mercredi 10 juin, &hellip; <a href=\"http:\/\/www.affinite.fr\/index.php\/2020\/06\/13\/amazon-ne-fournira-plus-son-logiciel-de-reconnaissance-faciale-a-la-police-pendant-un-an\/\" class=\"more-link\">Plus <span class=\"screen-reader-text\">Amazon ne fournira plus son logiciel de reconnaissance faciale \u00e0 la police&#8230; pendant un an<\/span> <span class=\"meta-nav\">&rarr;<\/span><\/a><\/p>\n","protected":false},"author":1,"featured_media":4005,"comment_status":"open","ping_status":"open","sticky":false,"template":"","format":"standard","meta":{"_sitemap_exclude":false,"_sitemap_priority":"","_sitemap_frequency":"","footnotes":""},"categories":[1],"tags":[],"class_list":["post-4004","post","type-post","status-publish","format-standard","has-post-thumbnail","hentry","category-tous"],"_links":{"self":[{"href":"http:\/\/www.affinite.fr\/index.php\/wp-json\/wp\/v2\/posts\/4004"}],"collection":[{"href":"http:\/\/www.affinite.fr\/index.php\/wp-json\/wp\/v2\/posts"}],"about":[{"href":"http:\/\/www.affinite.fr\/index.php\/wp-json\/wp\/v2\/types\/post"}],"author":[{"embeddable":true,"href":"http:\/\/www.affinite.fr\/index.php\/wp-json\/wp\/v2\/users\/1"}],"replies":[{"embeddable":true,"href":"http:\/\/www.affinite.fr\/index.php\/wp-json\/wp\/v2\/comments?post=4004"}],"version-history":[{"count":0,"href":"http:\/\/www.affinite.fr\/index.php\/wp-json\/wp\/v2\/posts\/4004\/revisions"}],"wp:featuredmedia":[{"embeddable":true,"href":"http:\/\/www.affinite.fr\/index.php\/wp-json\/wp\/v2\/media\/4005"}],"wp:attachment":[{"href":"http:\/\/www.affinite.fr\/index.php\/wp-json\/wp\/v2\/media?parent=4004"}],"wp:term":[{"taxonomy":"category","embeddable":true,"href":"http:\/\/www.affinite.fr\/index.php\/wp-json\/wp\/v2\/categories?post=4004"},{"taxonomy":"post_tag","embeddable":true,"href":"http:\/\/www.affinite.fr\/index.php\/wp-json\/wp\/v2\/tags?post=4004"}],"curies":[{"name":"wp","href":"https:\/\/api.w.org\/{rel}","templated":true}]}}