{"id":4003,"date":"2020-06-13T15:07:47","date_gmt":"2020-06-13T15:07:47","guid":{"rendered":"https:\/\/www.affinite.fr\/index.php\/2020\/06\/13\/les-operateurs-telecoms-pourraient-ils-commercialiser-de-la-fausse-5g\/"},"modified":"2020-06-13T15:07:47","modified_gmt":"2020-06-13T15:07:47","slug":"les-operateurs-telecoms-pourraient-ils-commercialiser-de-la-fausse-5g","status":"publish","type":"post","link":"http:\/\/www.affinite.fr\/index.php\/2020\/06\/13\/les-operateurs-telecoms-pourraient-ils-commercialiser-de-la-fausse-5g\/","title":{"rendered":"Les op\u00e9rateurs t\u00e9l\u00e9coms pourraient-ils commercialiser de la\u00a0\u00ab fausse 5G\u00a0\u00bb ?"},"content":{"rendered":"<p> [ad_1]<br \/>\n<br \/><img decoding=\"async\" src=\"https:\/\/img.bfmtv.com\/i\/0\/0\/c72\/0fc74eabf8518439ef579ba579dec.jpeg\" \/><\/p>\n<div itemprop=\"articleBody\">\n<p>SFR * est parti en croisade depuis quelques semaines contre ce qu\u2019il appelle <em>\u00ab\u00a0le risque d\u2019une fausse 5G\u00a0\u00bb<\/em>. Son directeur g\u00e9n\u00e9ral Gr\u00e9gory Rabuel affirme que <em>\u00ab\u00a0certains\u00a0\u00bb<\/em> op\u00e9rateurs pourraient commercialiser la 5G en ne s\u2019appuyant que sur la bande de fr\u00e9quence 700 MHz, qui est actuellement utilis\u00e9e pour la 4G. <em>\u00ab\u00a0 Ce serait bien qu\u2019il y ait une clarification sur ce qu&rsquo;est la vraie 5G\u00a0\u00bb<\/em>, a-t-il d\u00e9clar\u00e9 ce matin sur BFM Business. Il avait d\u00e9j\u00e0 \u00e9voqu\u00e9 le sujet sur l&rsquo;antenne de 01TV il y a quelques jours.\u00a0<\/p>\n<p>\n                <iframe loading=\"lazy\" class=\"video-f592df459ee65ccc1d44480a9dc590cb\" frameborder=\"0\" width=\"480\" height=\"270\" src=\"https:\/\/www.dailymotion.com\/embed\/video\/x7u6rcr\"><\/iframe><\/p>\n<h3 style=\"color:#333;font-family:arial,helvetica,sans-serif;font-size:23px;font-weight:700;\">Des pr\u00e9c\u00e9dents dans le monde<\/h3>\n<p style=\"color:#333;font-family:arial,helvetica,sans-serif;font-size:18px;\">Il y a en effet des pr\u00e9c\u00e9dents de fausse 5G dans le monde. L\u2019op\u00e9rateur am\u00e9ricain <a href=\"https:\/\/www.01net.com\/actualites\/cet-operateur-a-trouve-un-moyen-de-faire-passer-sa-4g-pour-de-la-5g-1606649.html\" target=\"_blank\" rel=\"noopener noreferrer\">AT&amp;T a ainsi lanc\u00e9 la \u00ab\u00a05G \u00e9volution\u00a0\u00bb<\/a> d\u00e8s le mois de janvier 2019&#8230; en changeant juste le logo qui s\u2019affichait sur les smartphones 4G de ses abonn\u00e9s.<\/p>\n<p>Et il est vrai qu\u2019en France, rien n\u2019emp\u00eacherait un op\u00e9rateur de lancer d\u00e8s maintenant de la 5G avec des bandes de fr\u00e9quences 4G. <em>\u00ab\u00a0Les fr\u00e9quences sont neutres technologiquement\u00a0\u00bb<\/em>, nous confirme l\u2019Arcep. Conscient tout de m\u00eame que l\u2019usage commercial du mot 5G pourrait poser probl\u00e8me, <a href=\"https:\/\/www.01net.com\/actualites\/5g-les-encheres-pour-les-frequences-auront-bien-lieu-en-septembre-1931454.html\" target=\"_blank\" rel=\"noopener noreferrer\">le gendarme des t\u00e9l\u00e9coms a annonc\u00e9 hier<\/a> qu\u2019il se montrerait vigilant <em>\u00ab\u00a0sur la fa\u00e7on dont les offres 5G seront promues par les op\u00e9rateurs\u00a0\u00bb<\/em>. Il appelle \u00e9galement les associations de consommateurs et les applications de test\u00a0de d\u00e9bit \u00e0 \u00e9laborer des outils pour \u00e9clairer les abonn\u00e9s.<\/p>\n<h3 style=\"color:#333; font-family:arial,helvetica,sans-serif; font-size:23px; font-weight:700\">Free Mobile est-il le seul concern\u00e9 ?<\/h3>\n<p>Seul Free Mobile d\u00e9ploie et utilise activement la bande 700 MHz. C\u2019est lui qui est vis\u00e9 entre les lignes par SFR. L\u2019op\u00e9rateur n\u2019a pas souhait\u00e9 commenter\u00a0le sujet lorsque nous l\u2019avons contact\u00e9. Prendrait-il le risque de lancer de la 5G en s\u2019appuyant uniquement sur cette fr\u00e9quence ? Premier constat\u00a0: il aurait d\u00e9j\u00e0 pu le faire. Par ailleurs, il est candidat \u00e0 la bande 3,5 Ghz\u00a0et s\u2019est montr\u00e9 le plus press\u00e9 des quatre gros op\u00e9rateurs pour la proc\u00e9dure des ench\u00e8res. Il souhaitait m\u00eame qu\u2019elle se tienne d\u00e8s le mois de juillet, alors qu\u2019elle aura lieu finalement en septembre.<\/p>\n<p>Mais rien ne l\u2019emp\u00eachera, d\u00e8s qu\u2019il aura obtenu l\u2019autorisation d\u2019\u00e9mettre en 5G sur la bande 3,5 GHz au mois de novembre, de renforcer son r\u00e9seau avec la bande 700 MHz. Il sera alors possible que sur certains territoires, des abonn\u00e9s ne captent que cette fr\u00e9quence en 5G, et d\u2019autres la 3,5 Ghz. La qualit\u00e9 de service ne serait alors effectivement pas la m\u00eame. Mais c\u2019est une strat\u00e9gie qui pourrait concerner tous les op\u00e9rateurs : ils seront libres aussi de puiser dans la bande 1400 MHz pour renforcer leur 5G.<\/p>\n<h3 style=\"color:#333; font-family:arial,helvetica,sans-serif; font-size:23px; font-weight:700\">Les op\u00e9rateurs vont devoir renforcer leur 4G<\/h3>\n<p>Pas s\u00fbr toutefois que ces acteurs aient int\u00e9r\u00eat \u00e0 d\u00e9shabiller leur 4G pour r\u00e9allouer du spectre \u00e0 la 5G. L\u2019Arcep a en effet assorti les ench\u00e8res 5G \u00e0 des engagements accrus sur les d\u00e9bits 4G qui devront \u00eatre de 240 Mbit\/s sur 75% des sites d\u2019ici fin 2022.<\/p>\n<p>On pourrait aussi avancer que la 5G ne se r\u00e9duit pas \u00e0 des fr\u00e9quences. Ce standard va mettre en \u0153uvre de nouvelles technologies avec de<a href=\"https:\/\/www.01net.com\/actualites\/5g-pourquoi-ce-futur-standard-va-revolutionner-la-telephonie-mobile-1514955.html\" target=\"_blank\" rel=\"noopener noreferrer\"> nouvelles antennes intelligentes, du <em>massive MIMO<\/em> et du <em>beamforming<\/em><\/a>. L\u2019ITU (Union Internationale des T\u00e9l\u00e9communications) a enfin align\u00e9 toute une s\u00e9rie se sp\u00e9cifications techniques avec des d\u00e9bits bien pr\u00e9cis et des exigences en termes de capacit\u00e9. Parions sur le fait que les op\u00e9rateurs fran\u00e7ais n\u2019auront tout simplement pas int\u00e9r\u00eat \u00e0 vendre de la 4G pour de la 5G et \u00e0 d\u00e9cevoir leurs abonn\u00e9s qui ne verraient pas de diff\u00e9rence entre les deux.<\/p>\n<p><em>* 01net.com est \u00e9dit\u00e9 par une filiale de NextRadioTV, elle-m\u00eame propri\u00e9t\u00e9 de SFR M\u00e9dias.<\/em><\/p>\n<\/p><\/div>\n<p><script>\n         !function(f,b,e,v,n,t,s){if(f.fbq)return;n=f.fbq=function()\n         {n.callMethod? n.callMethod.apply(n,arguments):n.queue.push(arguments)}\n         ;if(!f._fbq)f._fbq=n;\n             n.push=n;n.loaded=!0;n.version='2.0';n.queue=[];t=b.createElement(e);t.async=!0;\n             t.src=v;s=b.getElementsByTagName(e)[0];s.parentNode.insertBefore(t,s)}(window,\n                 document,'script','https:\/\/connect.facebook.net\/en_US\/fbevents.js');\n         fbq('init', '1065890633454496');\n         fbq('track', 'PageView');\n     <\/script><br \/>\n<br \/>[ad_2]<br \/>\n<br \/><a href=\"https:\/\/www.01net.com\/actualites\/les-operateurs-telecoms-pourraient-ils-commercialiser-de-la-fausse-5g-1932089.html\">Source link <\/a><\/p>\n","protected":false},"excerpt":{"rendered":"<p>[ad_1] SFR * est parti en croisade depuis quelques semaines contre ce qu\u2019il appelle \u00ab\u00a0le risque d\u2019une fausse 5G\u00a0\u00bb. Son &hellip; <a href=\"http:\/\/www.affinite.fr\/index.php\/2020\/06\/13\/les-operateurs-telecoms-pourraient-ils-commercialiser-de-la-fausse-5g\/\" class=\"more-link\">Plus <span class=\"screen-reader-text\">Les op\u00e9rateurs t\u00e9l\u00e9coms pourraient-ils commercialiser de la\u00a0\u00ab fausse 5G\u00a0\u00bb ?<\/span> <span class=\"meta-nav\">&rarr;<\/span><\/a><\/p>\n","protected":false},"author":1,"featured_media":2190,"comment_status":"open","ping_status":"open","sticky":false,"template":"","format":"standard","meta":{"_sitemap_exclude":false,"_sitemap_priority":"","_sitemap_frequency":"","footnotes":""},"categories":[1],"tags":[],"class_list":["post-4003","post","type-post","status-publish","format-standard","has-post-thumbnail","hentry","category-tous"],"_links":{"self":[{"href":"http:\/\/www.affinite.fr\/index.php\/wp-json\/wp\/v2\/posts\/4003"}],"collection":[{"href":"http:\/\/www.affinite.fr\/index.php\/wp-json\/wp\/v2\/posts"}],"about":[{"href":"http:\/\/www.affinite.fr\/index.php\/wp-json\/wp\/v2\/types\/post"}],"author":[{"embeddable":true,"href":"http:\/\/www.affinite.fr\/index.php\/wp-json\/wp\/v2\/users\/1"}],"replies":[{"embeddable":true,"href":"http:\/\/www.affinite.fr\/index.php\/wp-json\/wp\/v2\/comments?post=4003"}],"version-history":[{"count":0,"href":"http:\/\/www.affinite.fr\/index.php\/wp-json\/wp\/v2\/posts\/4003\/revisions"}],"wp:featuredmedia":[{"embeddable":true,"href":"http:\/\/www.affinite.fr\/index.php\/wp-json\/wp\/v2\/media\/2190"}],"wp:attachment":[{"href":"http:\/\/www.affinite.fr\/index.php\/wp-json\/wp\/v2\/media?parent=4003"}],"wp:term":[{"taxonomy":"category","embeddable":true,"href":"http:\/\/www.affinite.fr\/index.php\/wp-json\/wp\/v2\/categories?post=4003"},{"taxonomy":"post_tag","embeddable":true,"href":"http:\/\/www.affinite.fr\/index.php\/wp-json\/wp\/v2\/tags?post=4003"}],"curies":[{"name":"wp","href":"https:\/\/api.w.org\/{rel}","templated":true}]}}