{"id":3959,"date":"2020-06-12T19:24:36","date_gmt":"2020-06-12T19:24:36","guid":{"rendered":"https:\/\/www.affinite.fr\/index.php\/2020\/06\/12\/pour-un-numerique-soutenable-le-gendarme-des-telecoms-appelle-a-penser-lenjeu-environnemental\/"},"modified":"2020-06-12T19:24:36","modified_gmt":"2020-06-12T19:24:36","slug":"pour-un-numerique-soutenable-le-gendarme-des-telecoms-appelle-a-penser-lenjeu-environnemental","status":"publish","type":"post","link":"http:\/\/www.affinite.fr\/index.php\/2020\/06\/12\/pour-un-numerique-soutenable-le-gendarme-des-telecoms-appelle-a-penser-lenjeu-environnemental\/","title":{"rendered":"\u00ab Pour un num\u00e9rique soutenable \u00bb : le gendarme des t\u00e9l\u00e9coms appelle \u00e0 penser l\u2019enjeu environnemental"},"content":{"rendered":"<p> [ad_1]<br \/>\n<br \/>L\u2019Arcep lance une plate-forme de travail pour d\u00e9terminer l\u2019impact environnemental des r\u00e9seaux t\u00e9l\u00e9coms et des terminaux mais aussi lancer des pistes pour le r\u00e9duire.  <\/p>\n<p> <img decoding=\"async\" src=\"https:\/\/img.bfmtv.com\/c\/150\/100\/f73\/086ddced7fc5d54682b07436e51aa.jpeg\" \/><br \/>\n<br \/>[ad_2]<br \/>\n<br \/><a href=\"https:\/\/www.01net.com\/actualites\/pour-un-numerique-soutenable-le-gendarme-des-telecoms-appelle-a-penser-l-enjeu-environnemental-1932346.html\">Source link <\/a><\/p>\n","protected":false},"excerpt":{"rendered":"<p>[ad_1] L\u2019Arcep lance une plate-forme de travail pour d\u00e9terminer l\u2019impact environnemental des r\u00e9seaux t\u00e9l\u00e9coms et des terminaux mais aussi lancer &hellip; <a href=\"http:\/\/www.affinite.fr\/index.php\/2020\/06\/12\/pour-un-numerique-soutenable-le-gendarme-des-telecoms-appelle-a-penser-lenjeu-environnemental\/\" class=\"more-link\">Plus <span class=\"screen-reader-text\">\u00ab Pour un num\u00e9rique soutenable \u00bb : le gendarme des t\u00e9l\u00e9coms appelle \u00e0 penser l\u2019enjeu environnemental<\/span> <span class=\"meta-nav\">&rarr;<\/span><\/a><\/p>\n","protected":false},"author":1,"featured_media":3960,"comment_status":"open","ping_status":"open","sticky":false,"template":"","format":"standard","meta":{"_sitemap_exclude":false,"_sitemap_priority":"","_sitemap_frequency":"","footnotes":""},"categories":[1],"tags":[],"class_list":["post-3959","post","type-post","status-publish","format-standard","has-post-thumbnail","hentry","category-tous"],"_links":{"self":[{"href":"http:\/\/www.affinite.fr\/index.php\/wp-json\/wp\/v2\/posts\/3959"}],"collection":[{"href":"http:\/\/www.affinite.fr\/index.php\/wp-json\/wp\/v2\/posts"}],"about":[{"href":"http:\/\/www.affinite.fr\/index.php\/wp-json\/wp\/v2\/types\/post"}],"author":[{"embeddable":true,"href":"http:\/\/www.affinite.fr\/index.php\/wp-json\/wp\/v2\/users\/1"}],"replies":[{"embeddable":true,"href":"http:\/\/www.affinite.fr\/index.php\/wp-json\/wp\/v2\/comments?post=3959"}],"version-history":[{"count":0,"href":"http:\/\/www.affinite.fr\/index.php\/wp-json\/wp\/v2\/posts\/3959\/revisions"}],"wp:featuredmedia":[{"embeddable":true,"href":"http:\/\/www.affinite.fr\/index.php\/wp-json\/wp\/v2\/media\/3960"}],"wp:attachment":[{"href":"http:\/\/www.affinite.fr\/index.php\/wp-json\/wp\/v2\/media?parent=3959"}],"wp:term":[{"taxonomy":"category","embeddable":true,"href":"http:\/\/www.affinite.fr\/index.php\/wp-json\/wp\/v2\/categories?post=3959"},{"taxonomy":"post_tag","embeddable":true,"href":"http:\/\/www.affinite.fr\/index.php\/wp-json\/wp\/v2\/tags?post=3959"}],"curies":[{"name":"wp","href":"https:\/\/api.w.org\/{rel}","templated":true}]}}