{"id":3937,"date":"2020-06-12T09:07:47","date_gmt":"2020-06-12T09:07:47","guid":{"rendered":"https:\/\/www.affinite.fr\/index.php\/2020\/06\/12\/un-premier-oeil-bionique-spherique-a-ete-developpe-par-des-scientifiques-de-hong-kong\/"},"modified":"2020-06-12T09:07:47","modified_gmt":"2020-06-12T09:07:47","slug":"un-premier-oeil-bionique-spherique-a-ete-developpe-par-des-scientifiques-de-hong-kong","status":"publish","type":"post","link":"http:\/\/www.affinite.fr\/index.php\/2020\/06\/12\/un-premier-oeil-bionique-spherique-a-ete-developpe-par-des-scientifiques-de-hong-kong\/","title":{"rendered":"Un premier \u0153il bionique sph\u00e9rique a \u00e9t\u00e9 d\u00e9velopp\u00e9 par des scientifiques de Hong-Kong"},"content":{"rendered":"<p> [ad_1]<br \/>\n<br \/><img decoding=\"async\" src=\"https:\/\/img.bfmtv.com\/i\/0\/0\/299\/a270e1e437aee16d841f727434fcc.jpeg\" \/><\/p>\n<div itemprop=\"articleBody\">\n<p>Une \u00e9quipe de l\u2019Universit\u00e9 des Sciences et Technologies de Hong-Kong, en collaboration avec Berkeley, a d\u00e9velopp\u00e9 le premier \u0153il artificiel en 3D. Baptis\u00e9 EC-Eye pour ElectroChemical Eye, il reproduit la structure d\u2019un \u0153il biologique h\u00e9misph\u00e9rique. Une prouesse qui a donn\u00e9 lieu \u00e0 un article qui vient de para\u00eetre dans la revue <em>Nature<\/em>.<\/p>\n<p>Ce dispositif fonctionne gr\u00e2ce \u00e0 une r\u00e9tine artificielle compos\u00e9e d\u2019un r\u00e9seau de capteurs de lumi\u00e8re imitant les photor\u00e9cepteurs des r\u00e9tines humaines. Ces capteurs sont connect\u00e9s \u00e0 un faisceau de fils en m\u00e9tal liquide faisant office de nerfs, de mani\u00e8re \u00e0 transmettre le signal visuel de ce que l\u2019\u0153il bionique voit sur l\u2019ordinateur. Mais pour le moment, cela reste un prototype sur table comme on peut le voir dans cette vid\u00e9o :<\/p>\n<p>\n        <iframe loading=\"lazy\" class=\"video-638583ddf739968846eef4ef74caf109\" width=\"560\" height=\"315\" src=\"http:\/\/www.youtube.com\/embed\/8lV98kWspks\" frameborder=\"0\" allowfullscreen=\"\"><\/iframe><\/p>\n<h3 style=\"color:#333; font-family:arial,helvetica,sans-serif; font-size:23px; font-weight:700\">Voir dans l&rsquo;obscurit\u00e9<\/h3>\n<p>D\u2019apr\u00e8s les scientifiques, le EC-Eye serait en mesure \u00e0 moyen terme de d\u00e9passer les facult\u00e9s humaines, en offrant une vision plus nette et la capacit\u00e9 de d\u00e9tecter le rayonnement infrarouge dans l\u2019obscurit\u00e9. L&rsquo;espoir serait de le greffer directement sur des patients mal-voyants, de mani\u00e8re \u00e0 pallier leur handicap. Enfin, on peut imaginer que ce dispositif pourrait \u00eatre utilis\u00e9 avec des robots pour leur donner le sens de la vue.<\/p>\n<aside class=\"bg-color-0 padding-inside-all-s bloc border-s\">\n<h4 class=\"box-txt-normal\">\n<p><strong>A d\u00e9couvrir aussi en vid\u00e9o<\/strong><\/p>\n<\/h4>\n<\/aside>\n<p>Il y a bien eu pr\u00e9c\u00e9demment des implantations de r\u00e9tines artificielles ou encore des proth\u00e8ses mais leur r\u00e9solution et leur encombrement laissaient \u00e0 d\u00e9sirer. L&rsquo;avantage de l&rsquo;EC-Eye serait dans le futur de se passer d&rsquo;alimentation et de circuits externes, sa r\u00e9tine artificielle servant de cellule solaire.<\/p>\n<p>Il faudra encore prouver que ce prototype est biocompatible et am\u00e9liorer ses performances. <em>\u00ab Nous sommes impatients de collaborer avec des experts de la recherche m\u00e9dicale qui ont une expertise pertinente en optom\u00e9trie et en proth\u00e8se oculaire \u00bb<\/em>, a d\u00e9clar\u00e9 le professeur Fan Zhiyong\u00a0qui dirige les op\u00e9rations et dont l&rsquo;\u00e9quipe planche depuis neuf ans sur le sujet.<\/p>\n<p>Source : <a href=\"https:\/\/www.sciencedaily.com\/releases\/2020\/06\/200610102726.htm\" target=\"_blank\" rel=\"noopener noreferrer\">Science Daily,<\/a><a href=\"https:\/\/www.nature.com\/articles\/s41586-020-2285-x\" target=\"_blank\" rel=\"noopener noreferrer\"> l&rsquo;article de <em>Nature<\/em><\/a><\/p>\n<\/p><\/div>\n<p><script>\n         !function(f,b,e,v,n,t,s){if(f.fbq)return;n=f.fbq=function()\n         {n.callMethod? n.callMethod.apply(n,arguments):n.queue.push(arguments)}\n         ;if(!f._fbq)f._fbq=n;\n             n.push=n;n.loaded=!0;n.version='2.0';n.queue=[];t=b.createElement(e);t.async=!0;\n             t.src=v;s=b.getElementsByTagName(e)[0];s.parentNode.insertBefore(t,s)}(window,\n                 document,'script','https:\/\/connect.facebook.net\/en_US\/fbevents.js');\n         fbq('init', '1065890633454496');\n         fbq('track', 'PageView');\n     <\/script><br \/>\n<br \/>[ad_2]<br \/>\n<br \/><a href=\"https:\/\/www.01net.com\/actualites\/un-premier-oeil-bionique-spherique-a-ete-developpe-par-des-scientifiques-de-hong-kong-1931650.html\">Source link <\/a><\/p>\n","protected":false},"excerpt":{"rendered":"<p>[ad_1] Une \u00e9quipe de l\u2019Universit\u00e9 des Sciences et Technologies de Hong-Kong, en collaboration avec Berkeley, a d\u00e9velopp\u00e9 le premier \u0153il &hellip; <a href=\"http:\/\/www.affinite.fr\/index.php\/2020\/06\/12\/un-premier-oeil-bionique-spherique-a-ete-developpe-par-des-scientifiques-de-hong-kong\/\" class=\"more-link\">Plus <span class=\"screen-reader-text\">Un premier \u0153il bionique sph\u00e9rique a \u00e9t\u00e9 d\u00e9velopp\u00e9 par des scientifiques de Hong-Kong<\/span> <span class=\"meta-nav\">&rarr;<\/span><\/a><\/p>\n","protected":false},"author":1,"featured_media":3938,"comment_status":"open","ping_status":"open","sticky":false,"template":"","format":"standard","meta":{"_sitemap_exclude":false,"_sitemap_priority":"","_sitemap_frequency":"","footnotes":""},"categories":[1],"tags":[],"class_list":["post-3937","post","type-post","status-publish","format-standard","has-post-thumbnail","hentry","category-tous"],"_links":{"self":[{"href":"http:\/\/www.affinite.fr\/index.php\/wp-json\/wp\/v2\/posts\/3937"}],"collection":[{"href":"http:\/\/www.affinite.fr\/index.php\/wp-json\/wp\/v2\/posts"}],"about":[{"href":"http:\/\/www.affinite.fr\/index.php\/wp-json\/wp\/v2\/types\/post"}],"author":[{"embeddable":true,"href":"http:\/\/www.affinite.fr\/index.php\/wp-json\/wp\/v2\/users\/1"}],"replies":[{"embeddable":true,"href":"http:\/\/www.affinite.fr\/index.php\/wp-json\/wp\/v2\/comments?post=3937"}],"version-history":[{"count":0,"href":"http:\/\/www.affinite.fr\/index.php\/wp-json\/wp\/v2\/posts\/3937\/revisions"}],"wp:featuredmedia":[{"embeddable":true,"href":"http:\/\/www.affinite.fr\/index.php\/wp-json\/wp\/v2\/media\/3938"}],"wp:attachment":[{"href":"http:\/\/www.affinite.fr\/index.php\/wp-json\/wp\/v2\/media?parent=3937"}],"wp:term":[{"taxonomy":"category","embeddable":true,"href":"http:\/\/www.affinite.fr\/index.php\/wp-json\/wp\/v2\/categories?post=3937"},{"taxonomy":"post_tag","embeddable":true,"href":"http:\/\/www.affinite.fr\/index.php\/wp-json\/wp\/v2\/tags?post=3937"}],"curies":[{"name":"wp","href":"https:\/\/api.w.org\/{rel}","templated":true}]}}