{"id":3915,"date":"2020-06-11T21:43:09","date_gmt":"2020-06-11T21:43:09","guid":{"rendered":"https:\/\/www.affinite.fr\/index.php\/2020\/06\/11\/les-encheres-pour-les-frequences-auront-bien-lieu-en-septembre\/"},"modified":"2020-06-11T21:43:09","modified_gmt":"2020-06-11T21:43:09","slug":"les-encheres-pour-les-frequences-auront-bien-lieu-en-septembre","status":"publish","type":"post","link":"http:\/\/www.affinite.fr\/index.php\/2020\/06\/11\/les-encheres-pour-les-frequences-auront-bien-lieu-en-septembre\/","title":{"rendered":"les ench\u00e8res pour les fr\u00e9quences auront bien lieu en septembre"},"content":{"rendered":"<p> [ad_1]<br \/>\n<br \/><img decoding=\"async\" src=\"https:\/\/img.bfmtv.com\/i\/0\/0\/cfa\/4a6c0481f0dae62519cdf6555b13b.jpeg\" \/><\/p>\n<div itemprop=\"articleBody\">\n<p>L&rsquo;Arcep vient d&rsquo;annoncer le nouveau calendrier pour l&rsquo;attribution des premi\u00e8res fr\u00e9quences <a href=\"https:\/\/www.01net.com\/actualites\/5g-pourquoi-ce-futur-standard-va-revolutionner-la-telephonie-mobile-1514955.html\" target=\"_blank\" rel=\"noopener noreferrer\">5G<\/a>. L&rsquo;ench\u00e8re principale aura lieu entre le 20 et le 30 septembre, soit avec cinq mois de retard sur ce qui \u00e9tait pr\u00e9vu au d\u00e9part. L&rsquo;ench\u00e8re de positionnement se poursuivra dans la foul\u00e9e en octobre. La d\u00e9livrance des autorisations surviendra au plus tard en novembre.<\/p>\n<h3 style=\"color:#333; font-family:arial,helvetica,sans-serif; font-size:23px; font-weight:700\">La 4G + devra \u00eatre g\u00e9n\u00e9ralis\u00e9e par les op\u00e9rateurs<\/h3>\n<p>On peut donc supputer que la 5G pourra \u00eatre lanc\u00e9e avant la fin de l&rsquo;ann\u00e9e en France, d&rsquo;autant que, surprise, l&rsquo;Arcep a d\u00e9cid\u00e9 de lever l&rsquo;obligation d&rsquo;une ouverture commerciale dans au moins deux grosses villes d&rsquo;ici au 31 d\u00e9cembre.<\/p>\n<p>Autre rebondissement, le gendarme des t\u00e9l\u00e9coms veut coupler l&rsquo;attribution des fr\u00e9quences 5G \u00e0 de nouvelles obligations 4G. Il souhaite notamment g\u00e9n\u00e9raliser l&rsquo;acc\u00e8s \u00e0 la 4G+ avec un d\u00e9bit d&rsquo;au moins 240 Mbit\/s pour les utilisateurs. 75% des sites des op\u00e9rateurs devront remplir cette mission d&rsquo;ici fin 2022.<\/p>\n<h3 style=\"color:#333; font-family:arial,helvetica,sans-serif; font-size:23px; font-weight:700\">Les exigences du gouvernement satisfaites<\/h3>\n<p>L&rsquo;\u00e9ch\u00e9ance initiale du mois d&rsquo;avril pour l&rsquo;ench\u00e8re principale n&rsquo;a pu \u00eatre tenue en raison de la crise sanitaire, qui a tout suspendu. <a href=\"https:\/\/www.01net.com\/actualites\/le-gouvernement-refuse-de-repousser-la-5g-1926891.html\" target=\"_blank\" rel=\"noopener noreferrer\">Un report \u00e0 la rentr\u00e9e \u00e9tait l&rsquo;option privil\u00e9gi\u00e9e par le gouvernement.<\/a> Il craignait qu&rsquo;au-del\u00e0, notre pays en p\u00e2tisse \u00e9conomiquement, alors que la Cor\u00e9e du Sud, la Chine, les Etats-Unis ou la Grande-Bretagne ont d\u00e9j\u00e0 ouvert des r\u00e9seaux 5G. Toutefois, la France n&rsquo;est pas la seule dans cette situation. L&rsquo;Autriche, la R\u00e9publique tch\u00e8que, l&rsquo;Espagne et le Portugal en sont au m\u00eame point.<\/p>\n<aside class=\"bg-color-0 padding-inside-all-s bloc border-s\">\n<h4 class=\"box-txt-normal\">\n<p><strong>A d\u00e9couvrir aussi en vid\u00e9o<\/strong><\/p>\n<\/h4>\n<\/aside>\n<h3 style=\"color:#333; font-family:arial,helvetica,sans-serif; font-size:23px; font-weight:700\">Qui sortira gagnant ?<\/h3>\n<p>Cette date automnale ne devrait pas r\u00e9jouir, en revanche, <a href=\"https:\/\/www.01net.com\/actualites\/la-5g-ne-servira-a-rien-sur-un-smartphone-jusqu-en-2023-selon-bouygues-telecom-1930755.html\" target=\"_blank\" rel=\"noopener noreferrer\">Bouygues Telecom <\/a>et SFR qui menaient campagne depuis plusieurs semaines pour repousser les ench\u00e8res <a href=\"https:\/\/www.01net.com\/actualites\/pour-bouygues-la-5g-n-est-plus-une-urgence-1920625.html\" target=\"_blank\" rel=\"noopener noreferrer\">jusqu&rsquo;\u00e0 la fin de l&rsquo;ann\u00e9e, voire d\u00e9but 2021<\/a>. Tous deux clients de l&rsquo;\u00e9quipementier chinois Huawei, ils ne savent toujours pas s&rsquo;ils auront le droit d&rsquo;utiliser le mat\u00e9riel radio de leur fournisseur et n&rsquo;avaient donc aucun int\u00e9r\u00eat \u00e0 pr\u00e9cipiter les choses.<\/p>\n<p>Pour rappel, les quatre gros op\u00e9rateurs (Bouygues Telecom, Free Mobile, Orange et SFR) se sont port\u00e9s candidats aux fr\u00e9quences 5G de la bande 3,5 GHz. Lors d&rsquo;une premi\u00e8re \u00e9tape, ils se sont vus attribuer chacun un bloc de 50 MHz au prix fixe de 350 millions d&rsquo;euros. Mais ils ne pourront l&rsquo;utiliser qu&rsquo;\u00e0 l&rsquo;issue de la proc\u00e9dure. L&rsquo;enjeu de l&rsquo;ench\u00e8re principale, qui aura lieu en septembre, sera d&rsquo;attribuer 11 blocs de 10 MHz aux plus offrants, dans la limite de 100 MHz au total par op\u00e9rateur. Celui qui repartira avec le plus de fr\u00e9quences d\u00e9marrera avec un avantage sur les autres pour proposer une meilleure qualit\u00e9 de service 5G.<\/p>\n<\/p><\/div>\n<p><script>\n         !function(f,b,e,v,n,t,s){if(f.fbq)return;n=f.fbq=function()\n         {n.callMethod? n.callMethod.apply(n,arguments):n.queue.push(arguments)}\n         ;if(!f._fbq)f._fbq=n;\n             n.push=n;n.loaded=!0;n.version='2.0';n.queue=[];t=b.createElement(e);t.async=!0;\n             t.src=v;s=b.getElementsByTagName(e)[0];s.parentNode.insertBefore(t,s)}(window,\n                 document,'script','https:\/\/connect.facebook.net\/en_US\/fbevents.js');\n         fbq('init', '1065890633454496');\n         fbq('track', 'PageView');\n     <\/script><br \/>\n<br \/>[ad_2]<br \/>\n<br \/><a href=\"https:\/\/www.01net.com\/actualites\/5g-les-encheres-pour-les-frequences-auront-bien-lieu-en-septembre-1931454.html\">Source link <\/a><\/p>\n","protected":false},"excerpt":{"rendered":"<p>[ad_1] L&rsquo;Arcep vient d&rsquo;annoncer le nouveau calendrier pour l&rsquo;attribution des premi\u00e8res fr\u00e9quences 5G. L&rsquo;ench\u00e8re principale aura lieu entre le 20 &hellip; <a href=\"http:\/\/www.affinite.fr\/index.php\/2020\/06\/11\/les-encheres-pour-les-frequences-auront-bien-lieu-en-septembre\/\" class=\"more-link\">Plus <span class=\"screen-reader-text\">les ench\u00e8res pour les fr\u00e9quences auront bien lieu en septembre<\/span> <span class=\"meta-nav\">&rarr;<\/span><\/a><\/p>\n","protected":false},"author":1,"featured_media":3916,"comment_status":"open","ping_status":"open","sticky":false,"template":"","format":"standard","meta":{"_sitemap_exclude":false,"_sitemap_priority":"","_sitemap_frequency":"","footnotes":""},"categories":[1],"tags":[],"class_list":["post-3915","post","type-post","status-publish","format-standard","has-post-thumbnail","hentry","category-tous"],"_links":{"self":[{"href":"http:\/\/www.affinite.fr\/index.php\/wp-json\/wp\/v2\/posts\/3915"}],"collection":[{"href":"http:\/\/www.affinite.fr\/index.php\/wp-json\/wp\/v2\/posts"}],"about":[{"href":"http:\/\/www.affinite.fr\/index.php\/wp-json\/wp\/v2\/types\/post"}],"author":[{"embeddable":true,"href":"http:\/\/www.affinite.fr\/index.php\/wp-json\/wp\/v2\/users\/1"}],"replies":[{"embeddable":true,"href":"http:\/\/www.affinite.fr\/index.php\/wp-json\/wp\/v2\/comments?post=3915"}],"version-history":[{"count":0,"href":"http:\/\/www.affinite.fr\/index.php\/wp-json\/wp\/v2\/posts\/3915\/revisions"}],"wp:featuredmedia":[{"embeddable":true,"href":"http:\/\/www.affinite.fr\/index.php\/wp-json\/wp\/v2\/media\/3916"}],"wp:attachment":[{"href":"http:\/\/www.affinite.fr\/index.php\/wp-json\/wp\/v2\/media?parent=3915"}],"wp:term":[{"taxonomy":"category","embeddable":true,"href":"http:\/\/www.affinite.fr\/index.php\/wp-json\/wp\/v2\/categories?post=3915"},{"taxonomy":"post_tag","embeddable":true,"href":"http:\/\/www.affinite.fr\/index.php\/wp-json\/wp\/v2\/tags?post=3915"}],"curies":[{"name":"wp","href":"https:\/\/api.w.org\/{rel}","templated":true}]}}